{"id":2735,"date":"2014-01-28T00:02:56","date_gmt":"2014-01-27T23:02:56","guid":{"rendered":"http:\/\/www.huelvaysusfotografos.com\/?p=2735"},"modified":"2014-07-08T21:01:14","modified_gmt":"2014-07-08T20:01:14","slug":"i-concurso-de-fotografia-el-cabildo-bar-semana-santa-de-huelva","status":"publish","type":"post","link":"https:\/\/www.huelvaysusfotografos.com\/?p=2735","title":{"rendered":"I Concurso de fotograf\u00eda El Cabildo bar. Semana Santa de Huelva."},"content":{"rendered":"<p>El Cabildo, Cofrade Lounge bar, en colaboraci\u00f3n con la asociaci\u00f3n \u00abHuelva y sus fot\u00f3grafos\u00bb y con el patrocinio de FOTODOCE, convocan el <span style=\"color: #ff6600;\">I concurso de fotograf\u00eda El Cabildo bar: Semana Santa 2014<\/span>. La fotograf\u00eda ganadora ilustrar\u00e1 la portada de la revista y el cartel que El Cabildo edita para la Semana Santa 2014.<\/p>\n<p style=\"text-align: center;\"><a href=\"https:\/\/www.huelvaysusfotografos.com\/wp-content\/uploads\/2014\/01\/el-cabildo.jpg\"><img loading=\"lazy\" decoding=\"async\" class=\"aligncenter  wp-image-2736\" src=\"https:\/\/www.huelvaysusfotografos.com\/wp-content\/uploads\/2014\/01\/el-cabildo.jpg\" alt=\"\" width=\"550\" height=\"778\" srcset=\"https:\/\/www.huelvaysusfotografos.com\/wp-content\/uploads\/2014\/01\/el-cabildo.jpg 679w, https:\/\/www.huelvaysusfotografos.com\/wp-content\/uploads\/2014\/01\/el-cabildo-212x300.jpg 212w\" sizes=\"auto, (max-width: 550px) 100vw, 550px\" \/><\/a><\/p>\n<p style=\"text-align: left;\">Desde la Asociaci\u00f3n os animamos a participar!<\/p>\n<p style=\"text-align: left;\">Pod\u00e9is descargaros las bases del concurso m\u00e1s abajo.<\/p>\n<p style=\"text-align: justify;\">\n","protected":false},"excerpt":{"rendered":"<p>El Cabildo, Cofrade Lounge bar, en colaboraci\u00f3n con la asociaci\u00f3n \u00abHuelva y sus fot\u00f3grafos\u00bb y con el patrocinio de FOTODOCE, convocan el I concurso de fotograf\u00eda El Cabildo bar: Semana Santa 2014. La fotograf\u00eda ganadora ilustrar\u00e1 la portada de la revista y el cartel que El Cabildo edita para la Semana Santa 2014. Desde la Asociaci\u00f3n os animamos a participar! Pod\u00e9is descargaros las bases del concurso m\u00e1s abajo.<\/p>\n","protected":false},"author":6,"featured_media":3718,"comment_status":"open","ping_status":"open","sticky":false,"template":"","format":"standard","meta":{"footnotes":"","_links_to":"","_links_to_target":""},"categories":[4,12],"tags":[148,131,130],"class_list":["post-2735","post","type-post","status-publish","format-standard","has-post-thumbnail","hentry","category-actividades","category-concursos","tag-concursos","tag-el-cabildo","tag-semana-santa-huelva"],"_links":{"self":[{"href":"https:\/\/www.huelvaysusfotografos.com\/index.php?rest_route=\/wp\/v2\/posts\/2735","targetHints":{"allow":["GET"]}}],"collection":[{"href":"https:\/\/www.huelvaysusfotografos.com\/index.php?rest_route=\/wp\/v2\/posts"}],"about":[{"href":"https:\/\/www.huelvaysusfotografos.com\/index.php?rest_route=\/wp\/v2\/types\/post"}],"author":[{"embeddable":true,"href":"https:\/\/www.huelvaysusfotografos.com\/index.php?rest_route=\/wp\/v2\/users\/6"}],"replies":[{"embeddable":true,"href":"https:\/\/www.huelvaysusfotografos.com\/index.php?rest_route=%2Fwp%2Fv2%2Fcomments&post=2735"}],"version-history":[{"count":12,"href":"https:\/\/www.huelvaysusfotografos.com\/index.php?rest_route=\/wp\/v2\/posts\/2735\/revisions"}],"predecessor-version":[{"id":3717,"href":"https:\/\/www.huelvaysusfotografos.com\/index.php?rest_route=\/wp\/v2\/posts\/2735\/revisions\/3717"}],"wp:featuredmedia":[{"embeddable":true,"href":"https:\/\/www.huelvaysusfotografos.com\/index.php?rest_route=\/wp\/v2\/media\/3718"}],"wp:attachment":[{"href":"https:\/\/www.huelvaysusfotografos.com\/index.php?rest_route=%2Fwp%2Fv2%2Fmedia&parent=2735"}],"wp:term":[{"taxonomy":"category","embeddable":true,"href":"https:\/\/www.huelvaysusfotografos.com\/index.php?rest_route=%2Fwp%2Fv2%2Fcategories&post=2735"},{"taxonomy":"post_tag","embeddable":true,"href":"https:\/\/www.huelvaysusfotografos.com\/index.php?rest_route=%2Fwp%2Fv2%2Ftags&post=2735"}],"curies":[{"name":"wp","href":"https:\/\/api.w.org\/{rel}","templated":true}]}}