{"id":2683,"date":"2013-12-27T22:12:21","date_gmt":"2013-12-27T21:12:21","guid":{"rendered":"http:\/\/www.huelvaysusfotografos.com\/?p=2683"},"modified":"2014-07-11T20:00:01","modified_gmt":"2014-07-11T19:00:01","slug":"nuevo-proyecto-expositivo-el-retrato-de-una-ciudad-en-casa-colon-huelva","status":"publish","type":"post","link":"https:\/\/www.huelvaysusfotografos.com\/?p=2683","title":{"rendered":"NUEVO PROYECTO EXPOSITIVO: \u201cEL RETRATO DE UNA CIUDAD\u201d, EN CASA COL\u00d3N (Huelva)"},"content":{"rendered":"<p>\u00abEl retrato de una\u00a0ciudad\u00bb es un proyecto expositivo de nuestra\u00a0<strong>Asociaci\u00f3n<\/strong>\u00a0<strong>Huelva<\/strong><b>\u00a0<\/b><strong>y sus<\/strong><b>\u00a0<\/b><strong>fot\u00f3grafos<\/strong>. Se inaugur\u00f3 el pasado jueves 19 de diciembre en\u00a0la Sala V\u00e1zquez D\u00edaz de la Casa\u00a0Col\u00f3n de Huelva, y podr\u00e1 visitarse hasta el 9 de enero de 2014.<\/p>\n<p>&nbsp;<\/p>\n<p>Algunos llegaron con tiempo y pudieron disfrutar de c\u00f3mo el hall de entrada de la Casa Col\u00f3n, se iba llenando de visitantes expectantes a la apertura de la muestra. Entre ellos los autores de las fotograf\u00edas, algunos de las personas retratadas, amigos y familiares de uno y de otros y onubenses que se hab\u00edan enterado de la inauguraci\u00f3n.<\/p>\n<p align=\"center\"><i>\u00a0<\/i><\/p>\n<figure id=\"attachment_2684\" aria-describedby=\"caption-attachment-2684\" style=\"width: 300px\" class=\"wp-caption aligncenter\"><a href=\"https:\/\/www.huelvaysusfotografos.com\/wp-content\/uploads\/2013\/12\/Reynus-2.jpg\"><img loading=\"lazy\" decoding=\"async\" class=\"size-medium wp-image-2684\" src=\"https:\/\/www.huelvaysusfotografos.com\/wp-content\/uploads\/2013\/12\/Reynus-2-300x199.jpg\" alt=\"Foto: Reynus S\u00e1nchez\" width=\"300\" height=\"199\" srcset=\"https:\/\/www.huelvaysusfotografos.com\/wp-content\/uploads\/2013\/12\/Reynus-2-300x199.jpg 300w, https:\/\/www.huelvaysusfotografos.com\/wp-content\/uploads\/2013\/12\/Reynus-2-768x510.jpg 768w, https:\/\/www.huelvaysusfotografos.com\/wp-content\/uploads\/2013\/12\/Reynus-2-120x80.jpg 120w, https:\/\/www.huelvaysusfotografos.com\/wp-content\/uploads\/2013\/12\/Reynus-2.jpg 851w\" sizes=\"auto, (max-width: 300px) 100vw, 300px\" \/><\/a><figcaption id=\"caption-attachment-2684\" class=\"wp-caption-text\">Foto: Reynus S\u00e1nchez<\/figcaption><\/figure>\n<figure id=\"attachment_2685\" aria-describedby=\"caption-attachment-2685\" style=\"width: 300px\" class=\"wp-caption aligncenter\"><a href=\"https:\/\/www.huelvaysusfotografos.com\/wp-content\/uploads\/2013\/12\/Alberto-Parejo-Mart\u00edn-1.jpg\"><img loading=\"lazy\" decoding=\"async\" class=\"size-medium wp-image-2685\" src=\"https:\/\/www.huelvaysusfotografos.com\/wp-content\/uploads\/2013\/12\/Alberto-Parejo-Mart\u00edn-1-300x300.jpg\" alt=\"Foto: Andr\u00e9s Gait\u00e1n\" width=\"300\" height=\"300\" srcset=\"https:\/\/www.huelvaysusfotografos.com\/wp-content\/uploads\/2013\/12\/Alberto-Parejo-Mart\u00edn-1-300x300.jpg 300w, https:\/\/www.huelvaysusfotografos.com\/wp-content\/uploads\/2013\/12\/Alberto-Parejo-Mart\u00edn-1-150x150.jpg 150w, https:\/\/www.huelvaysusfotografos.com\/wp-content\/uploads\/2013\/12\/Alberto-Parejo-Mart\u00edn-1-768x768.jpg 768w, https:\/\/www.huelvaysusfotografos.com\/wp-content\/uploads\/2013\/12\/Alberto-Parejo-Mart\u00edn-1-50x50.jpg 50w, https:\/\/www.huelvaysusfotografos.com\/wp-content\/uploads\/2013\/12\/Alberto-Parejo-Mart\u00edn-1-186x186.jpg 186w, https:\/\/www.huelvaysusfotografos.com\/wp-content\/uploads\/2013\/12\/Alberto-Parejo-Mart\u00edn-1.jpg 960w\" sizes=\"auto, (max-width: 300px) 100vw, 300px\" \/><\/a><figcaption id=\"caption-attachment-2685\" class=\"wp-caption-text\">Foto: Alberto Parejo Mart\u00edn<\/figcaption><\/figure>\n<figure id=\"attachment_2701\" aria-describedby=\"caption-attachment-2701\" style=\"width: 300px\" class=\"wp-caption aligncenter\"><a href=\"https:\/\/www.huelvaysusfotografos.com\/wp-content\/uploads\/2013\/12\/Juana-Mart\u00edn-3.jpg\"><img loading=\"lazy\" decoding=\"async\" class=\"size-medium wp-image-2701\" src=\"https:\/\/www.huelvaysusfotografos.com\/wp-content\/uploads\/2013\/12\/Juana-Mart\u00edn-3-300x199.jpg\" alt=\"Foto: Juana Mart\u00edn\" width=\"300\" height=\"199\" srcset=\"https:\/\/www.huelvaysusfotografos.com\/wp-content\/uploads\/2013\/12\/Juana-Mart\u00edn-3-300x199.jpg 300w, https:\/\/www.huelvaysusfotografos.com\/wp-content\/uploads\/2013\/12\/Juana-Mart\u00edn-3-768x510.jpg 768w, https:\/\/www.huelvaysusfotografos.com\/wp-content\/uploads\/2013\/12\/Juana-Mart\u00edn-3-120x80.jpg 120w, https:\/\/www.huelvaysusfotografos.com\/wp-content\/uploads\/2013\/12\/Juana-Mart\u00edn-3.jpg 960w\" sizes=\"auto, (max-width: 300px) 100vw, 300px\" \/><\/a><figcaption id=\"caption-attachment-2701\" class=\"wp-caption-text\">Foto: Juana Mart\u00edn<\/figcaption><\/figure>\n<p>Una vez abiertas las puertas de la sala V\u00e1zquez D\u00edaz, el\u00a0 p\u00fablico comenz\u00f3 a entrar y emocionados, unos m\u00e1s que otros, comenzaron su paseo visual. Para los que no estuvieron, contaremos que esta exposici\u00f3n es una presentaci\u00f3n del pulso de la Huelva hoy, de\u00a0ciudadanos\u00a0que contribuyen a su desarrollo; por supuesto no est\u00e1n todas las personas que debiera, y sin quitar valor al trabajo que esas muchas otras personas han realizado y realizan por Huelva, esta asociaci\u00f3n y sus socios , han tenido en consideraci\u00f3n y los han fotografiado, a un conjunto de personas que en diferentes \u00e1mbitos ayudan con su actitud, trabajo y creatividad a que la ciudad sea como es.<\/p>\n<figure id=\"attachment_2693\" aria-describedby=\"caption-attachment-2693\" style=\"width: 573px\" class=\"wp-caption aligncenter\"><a href=\"https:\/\/www.huelvaysusfotografos.com\/wp-content\/uploads\/2013\/12\/Antonio-Pereira-Jim\u00e9nez-2.jpg\"><img loading=\"lazy\" decoding=\"async\" class=\" wp-image-2693  \" src=\"https:\/\/www.huelvaysusfotografos.com\/wp-content\/uploads\/2013\/12\/Antonio-Pereira-Jim\u00e9nez-2-1024x199.jpg\" alt=\"Foto: Antonio Pereira Jim\u00e9nez\" width=\"573\" height=\"111\" srcset=\"https:\/\/www.huelvaysusfotografos.com\/wp-content\/uploads\/2013\/12\/Antonio-Pereira-Jim\u00e9nez-2-1024x199.jpg 1024w, https:\/\/www.huelvaysusfotografos.com\/wp-content\/uploads\/2013\/12\/Antonio-Pereira-Jim\u00e9nez-2-300x58.jpg 300w, https:\/\/www.huelvaysusfotografos.com\/wp-content\/uploads\/2013\/12\/Antonio-Pereira-Jim\u00e9nez-2-768x149.jpg 768w, https:\/\/www.huelvaysusfotografos.com\/wp-content\/uploads\/2013\/12\/Antonio-Pereira-Jim\u00e9nez-2-1536x299.jpg 1536w, https:\/\/www.huelvaysusfotografos.com\/wp-content\/uploads\/2013\/12\/Antonio-Pereira-Jim\u00e9nez-2-2048x399.jpg 2048w\" sizes=\"auto, (max-width: 573px) 100vw, 573px\" \/><\/a><figcaption id=\"caption-attachment-2693\" class=\"wp-caption-text\">Foto: Antonio Pereira Jim\u00e9nez<\/figcaption><\/figure>\n<figure id=\"attachment_2692\" aria-describedby=\"caption-attachment-2692\" style=\"width: 573px\" class=\"wp-caption aligncenter\"><a href=\"https:\/\/www.huelvaysusfotografos.com\/wp-content\/uploads\/2013\/12\/Antonio-Pereira-Jim\u00e9nez-1.jpg\"><img loading=\"lazy\" decoding=\"async\" class=\" wp-image-2692  \" src=\"https:\/\/www.huelvaysusfotografos.com\/wp-content\/uploads\/2013\/12\/Antonio-Pereira-Jim\u00e9nez-1-1024x207.jpg\" alt=\"Foto: Antonio Pereira Jim\u00e9nez\" width=\"573\" height=\"116\" srcset=\"https:\/\/www.huelvaysusfotografos.com\/wp-content\/uploads\/2013\/12\/Antonio-Pereira-Jim\u00e9nez-1-1024x207.jpg 1024w, https:\/\/www.huelvaysusfotografos.com\/wp-content\/uploads\/2013\/12\/Antonio-Pereira-Jim\u00e9nez-1-300x61.jpg 300w, https:\/\/www.huelvaysusfotografos.com\/wp-content\/uploads\/2013\/12\/Antonio-Pereira-Jim\u00e9nez-1-768x156.jpg 768w, https:\/\/www.huelvaysusfotografos.com\/wp-content\/uploads\/2013\/12\/Antonio-Pereira-Jim\u00e9nez-1-1536x311.jpg 1536w, https:\/\/www.huelvaysusfotografos.com\/wp-content\/uploads\/2013\/12\/Antonio-Pereira-Jim\u00e9nez-1-2048x415.jpg 2048w\" sizes=\"auto, (max-width: 573px) 100vw, 573px\" \/><\/a><figcaption id=\"caption-attachment-2692\" class=\"wp-caption-text\">Foto: Antonio Pereira Jim\u00e9nez<\/figcaption><\/figure>\n<p align=\"center\"><i>\u00a0<\/i><\/p>\n<p>Para hacer realidad esta exposici\u00f3n, cada uno de los fot\u00f3grafos de manera libre, ha seleccionado a personas vinculadas al mundo del\u00a0deporte, de las artes, de la medicina, de la pol\u00edtica, de la educaci\u00f3n, del \u00e1mbito social, del periodismo, de la empresa\u2026 mostr\u00e1ndonos de cada uno de ellos su mejor cara. En esta muestra podemos encontrar a Juan Manuel Seisdedos, Arc\u00e1ngel, Diego Lopa, Isabel Naylor, Yasuri Mayari, Manuel Bago, Mar\u00eda Alejandra Guti\u00e9rrez, Antonio Garc\u00eda, El Pecas, Yasuri Mayari,\u00a0Manuel Flores Caballero, Cinta Almoguera, Roc\u00edo M\u00e1rquez, Santy El\u00edas, Alfonso Aramburu, Jos\u00e9 Kelvin de la\u00a0Nieve, Pilar Fernandez Gallego,\u00a0Pedro Rodr\u00edguez, Juan Antonio Amador, Laura C\u00e1rdenas\u2026 y hasta un total de 58 retratos que el visitante descubrir\u00e1 durante su visita.<\/p>\n<figure id=\"attachment_2699\" aria-describedby=\"caption-attachment-2699\" style=\"width: 560px\" class=\"wp-caption aligncenter\"><a href=\"https:\/\/www.huelvaysusfotografos.com\/wp-content\/uploads\/2013\/12\/Juan-Carlos-Cruz-9.jpg\"><img loading=\"lazy\" decoding=\"async\" class=\" wp-image-2699 \" src=\"https:\/\/www.huelvaysusfotografos.com\/wp-content\/uploads\/2013\/12\/Juan-Carlos-Cruz-9.jpg\" alt=\"Foto: Juan Carlos Cruz \" width=\"560\" height=\"373\" srcset=\"https:\/\/www.huelvaysusfotografos.com\/wp-content\/uploads\/2013\/12\/Juan-Carlos-Cruz-9.jpg 800w, https:\/\/www.huelvaysusfotografos.com\/wp-content\/uploads\/2013\/12\/Juan-Carlos-Cruz-9-300x200.jpg 300w, https:\/\/www.huelvaysusfotografos.com\/wp-content\/uploads\/2013\/12\/Juan-Carlos-Cruz-9-768x512.jpg 768w, https:\/\/www.huelvaysusfotografos.com\/wp-content\/uploads\/2013\/12\/Juan-Carlos-Cruz-9-120x80.jpg 120w\" sizes=\"auto, (max-width: 560px) 100vw, 560px\" \/><\/a><figcaption id=\"caption-attachment-2699\" class=\"wp-caption-text\">Foto: Juan Carlos Cruz<\/figcaption><\/figure>\n<figure id=\"attachment_2700\" aria-describedby=\"caption-attachment-2700\" style=\"width: 560px\" class=\"wp-caption aligncenter\"><a href=\"https:\/\/www.huelvaysusfotografos.com\/wp-content\/uploads\/2013\/12\/Juan-Carlos-Cruz-4.jpg\"><img loading=\"lazy\" decoding=\"async\" class=\" wp-image-2700 \" src=\"https:\/\/www.huelvaysusfotografos.com\/wp-content\/uploads\/2013\/12\/Juan-Carlos-Cruz-4.jpg\" alt=\"Foto: Juan Carlos Cruz\" width=\"560\" height=\"373\" srcset=\"https:\/\/www.huelvaysusfotografos.com\/wp-content\/uploads\/2013\/12\/Juan-Carlos-Cruz-4.jpg 800w, https:\/\/www.huelvaysusfotografos.com\/wp-content\/uploads\/2013\/12\/Juan-Carlos-Cruz-4-300x200.jpg 300w, https:\/\/www.huelvaysusfotografos.com\/wp-content\/uploads\/2013\/12\/Juan-Carlos-Cruz-4-768x512.jpg 768w, https:\/\/www.huelvaysusfotografos.com\/wp-content\/uploads\/2013\/12\/Juan-Carlos-Cruz-4-120x80.jpg 120w\" sizes=\"auto, (max-width: 560px) 100vw, 560px\" \/><\/a><figcaption id=\"caption-attachment-2700\" class=\"wp-caption-text\">Foto: Juan Carlos Cruz<\/figcaption><\/figure>\n<p>La\u00a0experiencia\u00a0se ven\u00eda fraguando desde hac\u00eda meses, con la ilusi\u00f3n propia que se tiene al abordar cualquier nueva idea, con el trabajo organizativo y de coordinaci\u00f3n que genera cualquier proyecto colectivo, pero tambi\u00e9n con los miedos de los que nunca se hab\u00edan visto involucrados en un proyecto de retratos, donde hay que captar la esencia de la persona. Todo se ha ido superando con el apoyo y deseos de superaci\u00f3n del grupo. En cualquiera de los casos, para todos ha sido un privilegio, una experiencia gratificante y con unos resultados m\u00e1s que satisfactorios.<\/p>\n<p>Llegado el momento del acto propiamente dicho de inauguraci\u00f3n, el Presidente de la \u00abAsociaci\u00f3n Huelva y sus fot\u00f3grafos\u00bb, Pedro J. Ruiz-Constantino, acompa\u00f1ado por la Vicepresidenta Juana Mart\u00edn, dieron la bienvenida a los presentes y la enhorabuena a los socios por el trabajo realizado. Tambi\u00e9n se cont\u00f3 con la inestimable presencia del Concejal Delegado de Cultura del Ayuntamiento de Huelva, D. Manuel Remesal, que sorprendido por la aceptaci\u00f3n y acogida de la muestra se comprometi\u00f3 al apoyo futuro para con la asociaci\u00f3n en este tipo de proyectos.<\/p>\n<figure id=\"attachment_2707\" aria-describedby=\"caption-attachment-2707\" style=\"width: 300px\" class=\"wp-caption aligncenter\"><a href=\"https:\/\/www.huelvaysusfotografos.com\/wp-content\/uploads\/2013\/12\/Juan-Carlos-Cruz-6.jpg\"><img loading=\"lazy\" decoding=\"async\" class=\"size-medium wp-image-2707 \" src=\"https:\/\/www.huelvaysusfotografos.com\/wp-content\/uploads\/2013\/12\/Juan-Carlos-Cruz-6-300x199.jpg\" alt=\"Foto: Juan Carlos Cruz\" width=\"300\" height=\"199\" \/><\/a><figcaption id=\"caption-attachment-2707\" class=\"wp-caption-text\">Foto: Juan Carlos Cruz<\/figcaption><\/figure>\n<figure id=\"attachment_2705\" aria-describedby=\"caption-attachment-2705\" style=\"width: 300px\" class=\"wp-caption aligncenter\"><a href=\"https:\/\/www.huelvaysusfotografos.com\/wp-content\/uploads\/2013\/12\/Manolo-Silva-7.jpg\"><img loading=\"lazy\" decoding=\"async\" class=\"size-medium wp-image-2705 \" src=\"https:\/\/www.huelvaysusfotografos.com\/wp-content\/uploads\/2013\/12\/Manolo-Silva-7-300x225.jpg\" alt=\"Foto: Manolo Silva\" width=\"300\" height=\"225\" srcset=\"https:\/\/www.huelvaysusfotografos.com\/wp-content\/uploads\/2013\/12\/Manolo-Silva-7-300x225.jpg 300w, https:\/\/www.huelvaysusfotografos.com\/wp-content\/uploads\/2013\/12\/Manolo-Silva-7-768x576.jpg 768w, https:\/\/www.huelvaysusfotografos.com\/wp-content\/uploads\/2013\/12\/Manolo-Silva-7-160x120.jpg 160w, https:\/\/www.huelvaysusfotografos.com\/wp-content\/uploads\/2013\/12\/Manolo-Silva-7.jpg 960w\" sizes=\"auto, (max-width: 300px) 100vw, 300px\" \/><\/a><figcaption id=\"caption-attachment-2705\" class=\"wp-caption-text\">Foto: Manolo Silva<\/figcaption><\/figure>\n<figure id=\"attachment_2691\" aria-describedby=\"caption-attachment-2691\" style=\"width: 300px\" class=\"wp-caption aligncenter\"><a href=\"https:\/\/www.huelvaysusfotografos.com\/wp-content\/uploads\/2013\/12\/Andr\u00e9s-Gaitl\u00e1n.jpg\"><img loading=\"lazy\" decoding=\"async\" class=\"size-medium wp-image-2691 \" src=\"https:\/\/www.huelvaysusfotografos.com\/wp-content\/uploads\/2013\/12\/Andr\u00e9s-Gaitl\u00e1n-300x200.jpg\" alt=\"Foto: Andr\u00e9s Gait\u00e1n\" width=\"300\" height=\"200\" srcset=\"https:\/\/www.huelvaysusfotografos.com\/wp-content\/uploads\/2013\/12\/Andr\u00e9s-Gaitl\u00e1n-300x200.jpg 300w, https:\/\/www.huelvaysusfotografos.com\/wp-content\/uploads\/2013\/12\/Andr\u00e9s-Gaitl\u00e1n-768x512.jpg 768w, https:\/\/www.huelvaysusfotografos.com\/wp-content\/uploads\/2013\/12\/Andr\u00e9s-Gaitl\u00e1n-120x80.jpg 120w, https:\/\/www.huelvaysusfotografos.com\/wp-content\/uploads\/2013\/12\/Andr\u00e9s-Gaitl\u00e1n.jpg 900w\" sizes=\"auto, (max-width: 300px) 100vw, 300px\" \/><\/a><figcaption id=\"caption-attachment-2691\" class=\"wp-caption-text\">Foto: Andr\u00e9s Gait\u00e1n<\/figcaption><\/figure>\n<figure id=\"attachment_2703\" aria-describedby=\"caption-attachment-2703\" style=\"width: 300px\" class=\"wp-caption aligncenter\"><a href=\"https:\/\/www.huelvaysusfotografos.com\/wp-content\/uploads\/2013\/12\/Manolo-Silva-2.jpg\"><img loading=\"lazy\" decoding=\"async\" class=\"size-medium wp-image-2703 \" src=\"https:\/\/www.huelvaysusfotografos.com\/wp-content\/uploads\/2013\/12\/Manolo-Silva-2-300x225.jpg\" alt=\"Foto: Manolo Silva\" width=\"300\" height=\"225\" srcset=\"https:\/\/www.huelvaysusfotografos.com\/wp-content\/uploads\/2013\/12\/Manolo-Silva-2-300x225.jpg 300w, https:\/\/www.huelvaysusfotografos.com\/wp-content\/uploads\/2013\/12\/Manolo-Silva-2-768x576.jpg 768w, https:\/\/www.huelvaysusfotografos.com\/wp-content\/uploads\/2013\/12\/Manolo-Silva-2-160x120.jpg 160w, https:\/\/www.huelvaysusfotografos.com\/wp-content\/uploads\/2013\/12\/Manolo-Silva-2.jpg 960w\" sizes=\"auto, (max-width: 300px) 100vw, 300px\" \/><\/a><figcaption id=\"caption-attachment-2703\" class=\"wp-caption-text\">Foto: Manolo Silva<\/figcaption><\/figure>\n<p>28 socios han sido los que han dado vida al proyecto \u201cEl retrato de una ciudad\u201d: Pedro Burgos, Adolfo Morales, Manolo Silva, Aurora Mart\u00edn, Carmen Torres, Pedro Jos\u00e9 Ruiz-Constantino P\u00e9rez, Juan Jes\u00fas Infante Armada, Carolina Luengo, Antonio Pereira, Andr\u00e9s Gait\u00e1n, Tom\u00e1s Guil, Juana Mart\u00edn, Antonio Mu\u00f1oz, Carmen L\u00f3pez, Carmen P\u00e9rez, Elena S\u00e1nchez Balonga, Arturo Mac\u00edas, Alberto Parejo, Antonio Luis Porras Mena, Marcos G\u00f3mez, Juan Manuel Amador P\u00e9rez, Juan Carlos Cruz Garc\u00eda, Cayetana Cumbreras Santana, Daniel Ness, Isaac Garc\u00eda Gord\u00f3n, Domingo Jerez, Juan Sande y Reynus S\u00e1nchez.<\/p>\n<figure id=\"attachment_2694\" aria-describedby=\"caption-attachment-2694\" style=\"width: 573px\" class=\"wp-caption aligncenter\"><a href=\"https:\/\/www.huelvaysusfotografos.com\/wp-content\/uploads\/2013\/12\/Antonio-Pereira-Jim\u00e9nez-3.jpg\"><img loading=\"lazy\" decoding=\"async\" class=\"wp-image-2694  \" src=\"https:\/\/www.huelvaysusfotografos.com\/wp-content\/uploads\/2013\/12\/Antonio-Pereira-Jim\u00e9nez-3-1024x486.jpg\" alt=\"Foto: Antonio Pereira Jim\u00e9nez\" width=\"573\" height=\"272\" \/><\/a><figcaption id=\"caption-attachment-2694\" class=\"wp-caption-text\">Foto: Antonio Pereira Jim\u00e9nez<\/figcaption><\/figure>\n<p>La asociaci\u00f3n ha contado con la colaboraci\u00f3n del \u00c1rea de Cultura del Ayuntamiento de Huelva, y con el patrocinio de Copister\u00eda- Papeler\u00eda Jes\u00fas Vieira (impresi\u00f3n de carteles); y de Bodegas Marqu\u00e9s de Villal\u00faa, que aport\u00f3 dos de sus vinos: \u201cMarqu\u00e9s de Villal\u00faa\u201d y \u201cAguadulce de Villal\u00faa\u201d, y que fueron el deleite de los visitantes.<\/p>\n<p>&nbsp;<\/p>\n<figure id=\"attachment_2689\" aria-describedby=\"caption-attachment-2689\" style=\"width: 630px\" class=\"wp-caption aligncenter\"><a href=\"https:\/\/www.huelvaysusfotografos.com\/wp-content\/uploads\/2013\/12\/Andr\u00e9s-Gaitl\u00e1n-17.jpg\"><img loading=\"lazy\" decoding=\"async\" class=\" wp-image-2689 \" src=\"https:\/\/www.huelvaysusfotografos.com\/wp-content\/uploads\/2013\/12\/Andr\u00e9s-Gaitl\u00e1n-17.jpg\" alt=\"Foto: Andr\u00e9s Gait\u00e1n\" width=\"630\" height=\"420\" srcset=\"https:\/\/www.huelvaysusfotografos.com\/wp-content\/uploads\/2013\/12\/Andr\u00e9s-Gaitl\u00e1n-17.jpg 900w, https:\/\/www.huelvaysusfotografos.com\/wp-content\/uploads\/2013\/12\/Andr\u00e9s-Gaitl\u00e1n-17-300x200.jpg 300w, https:\/\/www.huelvaysusfotografos.com\/wp-content\/uploads\/2013\/12\/Andr\u00e9s-Gaitl\u00e1n-17-768x512.jpg 768w, https:\/\/www.huelvaysusfotografos.com\/wp-content\/uploads\/2013\/12\/Andr\u00e9s-Gaitl\u00e1n-17-120x80.jpg 120w\" sizes=\"auto, (max-width: 630px) 100vw, 630px\" \/><\/a><figcaption id=\"caption-attachment-2689\" class=\"wp-caption-text\">Foto: Andr\u00e9s Gait\u00e1n<\/figcaption><\/figure>\n<figure id=\"attachment_2686\" aria-describedby=\"caption-attachment-2686\" style=\"width: 630px\" class=\"wp-caption aligncenter\"><a href=\"https:\/\/www.huelvaysusfotografos.com\/wp-content\/uploads\/2013\/12\/Andr\u00e9s-Gaitl\u00e1n-4.jpg\"><img loading=\"lazy\" decoding=\"async\" class=\" wp-image-2686 \" src=\"https:\/\/www.huelvaysusfotografos.com\/wp-content\/uploads\/2013\/12\/Andr\u00e9s-Gaitl\u00e1n-4.jpg\" alt=\"Foto: Andr\u00e9s Gait\u00e1n\" width=\"630\" height=\"420\" srcset=\"https:\/\/www.huelvaysusfotografos.com\/wp-content\/uploads\/2013\/12\/Andr\u00e9s-Gaitl\u00e1n-4.jpg 900w, https:\/\/www.huelvaysusfotografos.com\/wp-content\/uploads\/2013\/12\/Andr\u00e9s-Gaitl\u00e1n-4-300x200.jpg 300w, https:\/\/www.huelvaysusfotografos.com\/wp-content\/uploads\/2013\/12\/Andr\u00e9s-Gaitl\u00e1n-4-768x512.jpg 768w, https:\/\/www.huelvaysusfotografos.com\/wp-content\/uploads\/2013\/12\/Andr\u00e9s-Gaitl\u00e1n-4-120x80.jpg 120w\" sizes=\"auto, (max-width: 630px) 100vw, 630px\" \/><\/a><figcaption id=\"caption-attachment-2686\" class=\"wp-caption-text\">Foto: Andr\u00e9s Gait\u00e1n<\/figcaption><\/figure>\n<figure id=\"attachment_2697\" aria-describedby=\"caption-attachment-2697\" style=\"width: 489px\" class=\"wp-caption aligncenter\"><a href=\"https:\/\/www.huelvaysusfotografos.com\/wp-content\/uploads\/2013\/12\/Domingo-Jer\u00e9z.jpg\"><img loading=\"lazy\" decoding=\"async\" class=\" wp-image-2697     \" src=\"https:\/\/www.huelvaysusfotografos.com\/wp-content\/uploads\/2013\/12\/Domingo-Jer\u00e9z.jpg\" alt=\"Foto: Domingo Jer\u00e9z\" width=\"489\" height=\"325\" srcset=\"https:\/\/www.huelvaysusfotografos.com\/wp-content\/uploads\/2013\/12\/Domingo-Jer\u00e9z.jpg 960w, https:\/\/www.huelvaysusfotografos.com\/wp-content\/uploads\/2013\/12\/Domingo-Jer\u00e9z-300x199.jpg 300w, https:\/\/www.huelvaysusfotografos.com\/wp-content\/uploads\/2013\/12\/Domingo-Jer\u00e9z-768x510.jpg 768w, https:\/\/www.huelvaysusfotografos.com\/wp-content\/uploads\/2013\/12\/Domingo-Jer\u00e9z-120x80.jpg 120w\" sizes=\"auto, (max-width: 489px) 100vw, 489px\" \/><\/a><figcaption id=\"caption-attachment-2697\" class=\"wp-caption-text\">Foto: Domingo Jerez<\/figcaption><\/figure>\n<figure id=\"attachment_2698\" aria-describedby=\"caption-attachment-2698\" style=\"width: 560px\" class=\"wp-caption aligncenter\"><a href=\"https:\/\/www.huelvaysusfotografos.com\/wp-content\/uploads\/2013\/12\/Juan-Carlos-Cruz-8.jpg\"><img loading=\"lazy\" decoding=\"async\" class=\" wp-image-2698 \" src=\"https:\/\/www.huelvaysusfotografos.com\/wp-content\/uploads\/2013\/12\/Juan-Carlos-Cruz-8.jpg\" alt=\"Foto: Juan Carlos Cruz \" width=\"560\" height=\"373\" srcset=\"https:\/\/www.huelvaysusfotografos.com\/wp-content\/uploads\/2013\/12\/Juan-Carlos-Cruz-8.jpg 800w, https:\/\/www.huelvaysusfotografos.com\/wp-content\/uploads\/2013\/12\/Juan-Carlos-Cruz-8-300x200.jpg 300w, https:\/\/www.huelvaysusfotografos.com\/wp-content\/uploads\/2013\/12\/Juan-Carlos-Cruz-8-768x512.jpg 768w, https:\/\/www.huelvaysusfotografos.com\/wp-content\/uploads\/2013\/12\/Juan-Carlos-Cruz-8-120x80.jpg 120w\" sizes=\"auto, (max-width: 560px) 100vw, 560px\" \/><\/a><figcaption id=\"caption-attachment-2698\" class=\"wp-caption-text\">Foto: Juan Carlos Cruz<\/figcaption><\/figure>\n<figure id=\"attachment_2687\" aria-describedby=\"caption-attachment-2687\" style=\"width: 441px\" class=\"wp-caption aligncenter\"><a href=\"https:\/\/www.huelvaysusfotografos.com\/wp-content\/uploads\/2013\/12\/Andr\u00e9s-Gaitl\u00e1n-7.jpg\"><img loading=\"lazy\" decoding=\"async\" class=\" wp-image-2687  \" src=\"https:\/\/www.huelvaysusfotografos.com\/wp-content\/uploads\/2013\/12\/Andr\u00e9s-Gaitl\u00e1n-7.jpg\" alt=\"Foto: Andr\u00e9s Gait\u00e1n\" width=\"441\" height=\"294\" srcset=\"https:\/\/www.huelvaysusfotografos.com\/wp-content\/uploads\/2013\/12\/Andr\u00e9s-Gaitl\u00e1n-7.jpg 900w, https:\/\/www.huelvaysusfotografos.com\/wp-content\/uploads\/2013\/12\/Andr\u00e9s-Gaitl\u00e1n-7-300x200.jpg 300w, https:\/\/www.huelvaysusfotografos.com\/wp-content\/uploads\/2013\/12\/Andr\u00e9s-Gaitl\u00e1n-7-768x512.jpg 768w, https:\/\/www.huelvaysusfotografos.com\/wp-content\/uploads\/2013\/12\/Andr\u00e9s-Gaitl\u00e1n-7-120x80.jpg 120w\" sizes=\"auto, (max-width: 441px) 100vw, 441px\" \/><\/a><figcaption id=\"caption-attachment-2687\" class=\"wp-caption-text\">Foto: Andr\u00e9s Gait\u00e1n<\/figcaption><\/figure>\n<figure id=\"attachment_2690\" aria-describedby=\"caption-attachment-2690\" style=\"width: 630px\" class=\"wp-caption aligncenter\"><a href=\"https:\/\/www.huelvaysusfotografos.com\/wp-content\/uploads\/2013\/12\/Andr\u00e9s-Gaitl\u00e1n-23.jpg\"><img loading=\"lazy\" decoding=\"async\" class=\" wp-image-2690 \" src=\"https:\/\/www.huelvaysusfotografos.com\/wp-content\/uploads\/2013\/12\/Andr\u00e9s-Gaitl\u00e1n-23.jpg\" alt=\"Foto: Andr\u00e9s Gait\u00e1n\" width=\"630\" height=\"420\" srcset=\"https:\/\/www.huelvaysusfotografos.com\/wp-content\/uploads\/2013\/12\/Andr\u00e9s-Gaitl\u00e1n-23.jpg 900w, https:\/\/www.huelvaysusfotografos.com\/wp-content\/uploads\/2013\/12\/Andr\u00e9s-Gaitl\u00e1n-23-300x200.jpg 300w, https:\/\/www.huelvaysusfotografos.com\/wp-content\/uploads\/2013\/12\/Andr\u00e9s-Gaitl\u00e1n-23-768x512.jpg 768w, https:\/\/www.huelvaysusfotografos.com\/wp-content\/uploads\/2013\/12\/Andr\u00e9s-Gaitl\u00e1n-23-120x80.jpg 120w\" sizes=\"auto, (max-width: 630px) 100vw, 630px\" \/><\/a><figcaption id=\"caption-attachment-2690\" class=\"wp-caption-text\">Foto: Andr\u00e9s Gait\u00e1n<\/figcaption><\/figure>\n<figure id=\"attachment_2695\" aria-describedby=\"caption-attachment-2695\" style=\"width: 596px\" class=\"wp-caption aligncenter\"><a href=\"https:\/\/www.huelvaysusfotografos.com\/wp-content\/uploads\/2013\/12\/Aparece-Reynus.jpg\"><img loading=\"lazy\" decoding=\"async\" class=\" wp-image-2695 \" src=\"https:\/\/www.huelvaysusfotografos.com\/wp-content\/uploads\/2013\/12\/Aparece-Reynus.jpg\" alt=\"Foto: (....)\" width=\"596\" height=\"396\" srcset=\"https:\/\/www.huelvaysusfotografos.com\/wp-content\/uploads\/2013\/12\/Aparece-Reynus.jpg 851w, https:\/\/www.huelvaysusfotografos.com\/wp-content\/uploads\/2013\/12\/Aparece-Reynus-300x199.jpg 300w, https:\/\/www.huelvaysusfotografos.com\/wp-content\/uploads\/2013\/12\/Aparece-Reynus-768x510.jpg 768w, https:\/\/www.huelvaysusfotografos.com\/wp-content\/uploads\/2013\/12\/Aparece-Reynus-120x80.jpg 120w\" sizes=\"auto, (max-width: 596px) 100vw, 596px\" \/><\/a><figcaption id=\"caption-attachment-2695\" class=\"wp-caption-text\">Foto: Juan Sande<\/figcaption><\/figure>\n<figure id=\"attachment_2696\" aria-describedby=\"caption-attachment-2696\" style=\"width: 672px\" class=\"wp-caption aligncenter\"><a href=\"https:\/\/www.huelvaysusfotografos.com\/wp-content\/uploads\/2013\/12\/De-hijo-de-Camen-T-CH-2.jpg\"><img loading=\"lazy\" decoding=\"async\" class=\" wp-image-2696 \" src=\"https:\/\/www.huelvaysusfotografos.com\/wp-content\/uploads\/2013\/12\/De-hijo-de-Camen-T-CH-2.jpg\" alt=\"Foto: Gerardo Ceada\" width=\"672\" height=\"447\" srcset=\"https:\/\/www.huelvaysusfotografos.com\/wp-content\/uploads\/2013\/12\/De-hijo-de-Camen-T-CH-2.jpg 960w, https:\/\/www.huelvaysusfotografos.com\/wp-content\/uploads\/2013\/12\/De-hijo-de-Camen-T-CH-2-300x199.jpg 300w, https:\/\/www.huelvaysusfotografos.com\/wp-content\/uploads\/2013\/12\/De-hijo-de-Camen-T-CH-2-768x510.jpg 768w, https:\/\/www.huelvaysusfotografos.com\/wp-content\/uploads\/2013\/12\/De-hijo-de-Camen-T-CH-2-120x80.jpg 120w\" sizes=\"auto, (max-width: 672px) 100vw, 672px\" \/><\/a><figcaption id=\"caption-attachment-2696\" class=\"wp-caption-text\">Foto: Gerardo Ceada<\/figcaption><\/figure>\n<figure id=\"attachment_2704\" aria-describedby=\"caption-attachment-2704\" style=\"width: 672px\" class=\"wp-caption aligncenter\"><a href=\"https:\/\/www.huelvaysusfotografos.com\/wp-content\/uploads\/2013\/12\/Manolo-Silva-4.jpg\"><img loading=\"lazy\" decoding=\"async\" class=\" wp-image-2704 \" src=\"https:\/\/www.huelvaysusfotografos.com\/wp-content\/uploads\/2013\/12\/Manolo-Silva-4.jpg\" alt=\"Foto: Manolo Silva\" width=\"672\" height=\"336\" srcset=\"https:\/\/www.huelvaysusfotografos.com\/wp-content\/uploads\/2013\/12\/Manolo-Silva-4.jpg 960w, https:\/\/www.huelvaysusfotografos.com\/wp-content\/uploads\/2013\/12\/Manolo-Silva-4-300x150.jpg 300w, https:\/\/www.huelvaysusfotografos.com\/wp-content\/uploads\/2013\/12\/Manolo-Silva-4-768x384.jpg 768w\" sizes=\"auto, (max-width: 672px) 100vw, 672px\" \/><\/a><figcaption id=\"caption-attachment-2704\" class=\"wp-caption-text\">Foto: Manolo Silva<\/figcaption><\/figure>\n<figure id=\"attachment_2702\" aria-describedby=\"caption-attachment-2702\" style=\"width: 672px\" class=\"wp-caption aligncenter\"><a href=\"https:\/\/www.huelvaysusfotografos.com\/wp-content\/uploads\/2013\/12\/Juana-Mart\u00edn-4.jpg\"><img loading=\"lazy\" decoding=\"async\" class=\" wp-image-2702 \" src=\"https:\/\/www.huelvaysusfotografos.com\/wp-content\/uploads\/2013\/12\/Juana-Mart\u00edn-4.jpg\" alt=\"Foto: Juana Mart\u00edn\" width=\"672\" height=\"447\" srcset=\"https:\/\/www.huelvaysusfotografos.com\/wp-content\/uploads\/2013\/12\/Juana-Mart\u00edn-4.jpg 960w, https:\/\/www.huelvaysusfotografos.com\/wp-content\/uploads\/2013\/12\/Juana-Mart\u00edn-4-300x199.jpg 300w, https:\/\/www.huelvaysusfotografos.com\/wp-content\/uploads\/2013\/12\/Juana-Mart\u00edn-4-768x510.jpg 768w, https:\/\/www.huelvaysusfotografos.com\/wp-content\/uploads\/2013\/12\/Juana-Mart\u00edn-4-120x80.jpg 120w\" sizes=\"auto, (max-width: 672px) 100vw, 672px\" \/><\/a><figcaption id=\"caption-attachment-2702\" class=\"wp-caption-text\">Foto: Juana Mart\u00edn<\/figcaption><\/figure>\n<p>En la sala se ha dispuesto un libro de firmas, para que los visitantes puedan dejar reflejada su opini\u00f3n, de esta forma podremos hacer un balance, podremos conocer de primera mano los errores y aciertos, y para futuros proyecto tomar nota y mejorar.<\/p>\n<p>Ya quedan menos d\u00edas, os recordamos que esta exposici\u00f3n estar\u00e1 abierta al p\u00fablico en general de manera gratuita, lo d\u00edas 28 y 30 de diciembre y d\u00edas 2, 3, 4, 7, 8 y 9 de enero, en horario de 11:00 a 13:30 h y de 17:30 a 21:00 h.<\/p>\n<p>No te la pierdas!!<\/p>\n<p>&nbsp;<\/p>\n","protected":false},"excerpt":{"rendered":"<p>\u00abEl retrato de una\u00a0ciudad\u00bb es un proyecto expositivo de nuestra\u00a0Asociaci\u00f3n\u00a0Huelva\u00a0y sus\u00a0fot\u00f3grafos. Se inaugur\u00f3 el pasado jueves 19 de diciembre en\u00a0la Sala V\u00e1zquez D\u00edaz de la Casa\u00a0Col\u00f3n de Huelva, y podr\u00e1 visitarse hasta el 9 de enero de 2014. &nbsp; Algunos llegaron con tiempo y pudieron disfrutar de c\u00f3mo el hall de entrada de la Casa Col\u00f3n, se iba llenando de visitantes expectantes a la apertura de la muestra. Entre ellos<\/p>\n<div class=\"belowpost\"><a class=\"btnmore\" href=\"https:\/\/www.huelvaysusfotografos.com\/?p=2683\">Seguir leyendo<\/a><\/div>\n","protected":false},"author":41,"featured_media":2634,"comment_status":"open","ping_status":"open","sticky":false,"template":"","format":"standard","meta":{"footnotes":"","_links_to":"","_links_to_target":""},"categories":[23],"tags":[],"class_list":["post-2683","post","type-post","status-publish","format-standard","has-post-thumbnail","hentry","category-exposiciones"],"_links":{"self":[{"href":"https:\/\/www.huelvaysusfotografos.com\/index.php?rest_route=\/wp\/v2\/posts\/2683","targetHints":{"allow":["GET"]}}],"collection":[{"href":"https:\/\/www.huelvaysusfotografos.com\/index.php?rest_route=\/wp\/v2\/posts"}],"about":[{"href":"https:\/\/www.huelvaysusfotografos.com\/index.php?rest_route=\/wp\/v2\/types\/post"}],"author":[{"embeddable":true,"href":"https:\/\/www.huelvaysusfotografos.com\/index.php?rest_route=\/wp\/v2\/users\/41"}],"replies":[{"embeddable":true,"href":"https:\/\/www.huelvaysusfotografos.com\/index.php?rest_route=%2Fwp%2Fv2%2Fcomments&post=2683"}],"version-history":[{"count":21,"href":"https:\/\/www.huelvaysusfotografos.com\/index.php?rest_route=\/wp\/v2\/posts\/2683\/revisions"}],"predecessor-version":[{"id":3794,"href":"https:\/\/www.huelvaysusfotografos.com\/index.php?rest_route=\/wp\/v2\/posts\/2683\/revisions\/3794"}],"wp:featuredmedia":[{"embeddable":true,"href":"https:\/\/www.huelvaysusfotografos.com\/index.php?rest_route=\/wp\/v2\/media\/2634"}],"wp:attachment":[{"href":"https:\/\/www.huelvaysusfotografos.com\/index.php?rest_route=%2Fwp%2Fv2%2Fmedia&parent=2683"}],"wp:term":[{"taxonomy":"category","embeddable":true,"href":"https:\/\/www.huelvaysusfotografos.com\/index.php?rest_route=%2Fwp%2Fv2%2Fcategories&post=2683"},{"taxonomy":"post_tag","embeddable":true,"href":"https:\/\/www.huelvaysusfotografos.com\/index.php?rest_route=%2Fwp%2Fv2%2Ftags&post=2683"}],"curies":[{"name":"wp","href":"https:\/\/api.w.org\/{rel}","templated":true}]}}