{"id":2660,"date":"2013-12-04T23:47:27","date_gmt":"2013-12-04T22:47:27","guid":{"rendered":"http:\/\/www.huelvaysusfotografos.com\/?p=2660"},"modified":"2014-07-08T21:07:35","modified_gmt":"2014-07-08T20:07:35","slug":"encuentro-informal-de-fotografos","status":"publish","type":"post","link":"https:\/\/www.huelvaysusfotografos.com\/?p=2660","title":{"rendered":"Encuentro informal de fot\u00f3grafos."},"content":{"rendered":"<p>El pr\u00f3ximo martes 10 de diciembre, tendremos en Gibrale\u00f3n \u00abun encuentro informal de fot\u00f3grafos\u00bb e intentaremos dar respuesta, tomando unos vinos, a la pregunta \u00bfHacia d\u00f3nde va la fotograf\u00eda?.<br \/>\nEl encuentro se celebrar\u00e1 en la en la Vinoteca \u00bb De blanco a Tinto\u00bb situada en la Avenida de Andaluc\u00eda, 21.<\/p>\n<p>\u00a1No faltes!<\/p>\n<p><a href=\"https:\/\/www.huelvaysusfotografos.com\/wp-content\/uploads\/2013\/12\/20131205-001031.jpg\"><img decoding=\"async\" class=\"alignnone size-full\" src=\"https:\/\/www.huelvaysusfotografos.com\/wp-content\/uploads\/2013\/12\/20131205-001031.jpg\" alt=\"20131205-001031.jpg\" \/><\/a><\/p>\n","protected":false},"excerpt":{"rendered":"<p>El pr\u00f3ximo martes 10 de diciembre, tendremos en Gibrale\u00f3n \u00abun encuentro informal de fot\u00f3grafos\u00bb e intentaremos dar respuesta, tomando unos vinos, a la pregunta \u00bfHacia d\u00f3nde va la fotograf\u00eda?. El encuentro se celebrar\u00e1 en la en la Vinoteca \u00bb De blanco a Tinto\u00bb situada en la Avenida de Andaluc\u00eda, 21. \u00a1No faltes!<\/p>\n","protected":false},"author":6,"featured_media":3721,"comment_status":"open","ping_status":"open","sticky":false,"template":"","format":"standard","meta":{"footnotes":"","_links_to":"","_links_to_target":""},"categories":[4,3,32],"tags":[129,126,128,127],"class_list":["post-2660","post","type-post","status-publish","format-standard","has-post-thumbnail","hentry","category-actividades","category-noticias","category-tertulias","tag-de-blanco-a-tinto","tag-encuentro","tag-hacia-donde-va-la-fotografia","tag-vinoteca"],"_links":{"self":[{"href":"https:\/\/www.huelvaysusfotografos.com\/index.php?rest_route=\/wp\/v2\/posts\/2660","targetHints":{"allow":["GET"]}}],"collection":[{"href":"https:\/\/www.huelvaysusfotografos.com\/index.php?rest_route=\/wp\/v2\/posts"}],"about":[{"href":"https:\/\/www.huelvaysusfotografos.com\/index.php?rest_route=\/wp\/v2\/types\/post"}],"author":[{"embeddable":true,"href":"https:\/\/www.huelvaysusfotografos.com\/index.php?rest_route=\/wp\/v2\/users\/6"}],"replies":[{"embeddable":true,"href":"https:\/\/www.huelvaysusfotografos.com\/index.php?rest_route=%2Fwp%2Fv2%2Fcomments&post=2660"}],"version-history":[{"count":5,"href":"https:\/\/www.huelvaysusfotografos.com\/index.php?rest_route=\/wp\/v2\/posts\/2660\/revisions"}],"predecessor-version":[{"id":3722,"href":"https:\/\/www.huelvaysusfotografos.com\/index.php?rest_route=\/wp\/v2\/posts\/2660\/revisions\/3722"}],"wp:featuredmedia":[{"embeddable":true,"href":"https:\/\/www.huelvaysusfotografos.com\/index.php?rest_route=\/wp\/v2\/media\/3721"}],"wp:attachment":[{"href":"https:\/\/www.huelvaysusfotografos.com\/index.php?rest_route=%2Fwp%2Fv2%2Fmedia&parent=2660"}],"wp:term":[{"taxonomy":"category","embeddable":true,"href":"https:\/\/www.huelvaysusfotografos.com\/index.php?rest_route=%2Fwp%2Fv2%2Fcategories&post=2660"},{"taxonomy":"post_tag","embeddable":true,"href":"https:\/\/www.huelvaysusfotografos.com\/index.php?rest_route=%2Fwp%2Fv2%2Ftags&post=2660"}],"curies":[{"name":"wp","href":"https:\/\/api.w.org\/{rel}","templated":true}]}}