{"id":2633,"date":"2013-11-25T13:35:44","date_gmt":"2013-11-25T12:35:44","guid":{"rendered":"http:\/\/www.huelvaysusfotografos.com\/?p=2633"},"modified":"2014-07-11T20:08:31","modified_gmt":"2014-07-11T19:08:31","slug":"proxima-exposicion-el-retrato-de-una-ciudad","status":"publish","type":"post","link":"https:\/\/www.huelvaysusfotografos.com\/?p=2633","title":{"rendered":"Pr\u00f3xima Exposici\u00f3n. \u00abEl retrato de una ciudad\u00bb."},"content":{"rendered":"<p style=\"text-align: center;\"><a href=\"https:\/\/www.huelvaysusfotografos.com\/wp-content\/uploads\/2013\/11\/expodiciembrere.jpg\"><img loading=\"lazy\" decoding=\"async\" class=\"aligncenter\" src=\"https:\/\/www.huelvaysusfotografos.com\/wp-content\/uploads\/2013\/11\/expodiciembrere.jpg\" alt=\"\" width=\"507\" height=\"717\" \/><\/a><\/p>\n<h2 style=\"text-align: left;\"><span style=\"color: #800000;\">El tema:<\/span><\/h2>\n<p style=\"text-align: left;\">Entendemos que cualquier persona puede ser protagonista de una ciudad y que con su sola presencia contribuye al desarrollo de \u00e9sta. Las fotograf\u00edas que se mostrar\u00e1n en esta exposici\u00f3n, ser\u00e1n de personas que viven en Huelva y consideramos que son populares por alguna circunstancias de sus vidas, ya sean particulares, de intereses globales, pol\u00edticos, profesionales o de otra \u00edndole, tanto en el pasado como en la actualidad.<\/p>\n<h2 style=\"text-align: left;\"><span style=\"color: #d6d680;\">El fot\u00f3grafo y las fotograf\u00edas:<\/span><\/h2>\n<p style=\"text-align: left;\">S\u00f3lo podr\u00e1n participar los miembros de HYSF.<\/p>\n<p style=\"text-align: left;\">Se podr\u00e1n presentar de 1 a 3 fotograf\u00edas por cada autor, se entiende que cada imagen tendr\u00e1 un personaje diferente.<\/p>\n<p style=\"text-align: left;\">Los fot\u00f3grafos participantes podr\u00e1n hacer uso de su ingenio, imaginaci\u00f3n e inspiraci\u00f3n para hacer los retratos, podr\u00e1n ser de rostros, medio o cuerpo entero, as\u00ed como \u00a0los aspectos de composici\u00f3n, elecci\u00f3n del color o b\/N, fondos, etc, igualmente quedan a elecci\u00f3n del autor.<\/p>\n<h2 style=\"text-align: left;\"><span style=\"color: #800000;\">Las fechas:<\/span><\/h2>\n<p style=\"text-align: left;\">El plazo de entrega de las fotograf\u00edas finaliza el 6 de Diciembre.<\/p>\n<p style=\"text-align: left;\">Las fotograf\u00edas se expondr\u00e1n en la<span style=\"color: #ffff99;\">\u00a0<span style=\"color: #d6d680;\">Sala V\u00e1zquez D\u00edaz de la Casa Col\u00f3n del 19 de Diciembre hasta el 9 de Enero de 2014.<\/span><\/span><\/p>\n<p style=\"text-align: left;\"><a href=\"https:\/\/www.huelvaysusfotografos.com\/wp-content\/uploads\/2013\/11\/expodiciembrere.jpg\">\u00a0<\/a><\/p>\n","protected":false},"excerpt":{"rendered":"<p>El tema: Entendemos que cualquier persona puede ser protagonista de una ciudad y que con su sola presencia contribuye al desarrollo de \u00e9sta. Las fotograf\u00edas que se mostrar\u00e1n en esta exposici\u00f3n, ser\u00e1n de personas que viven en Huelva y consideramos que son populares por alguna circunstancias de sus vidas, ya sean particulares, de intereses globales, pol\u00edticos, profesionales o de otra \u00edndole, tanto en el pasado como en la actualidad. El<\/p>\n<div class=\"belowpost\"><a class=\"btnmore\" href=\"https:\/\/www.huelvaysusfotografos.com\/?p=2633\">Seguir leyendo<\/a><\/div>\n","protected":false},"author":6,"featured_media":3800,"comment_status":"open","ping_status":"open","sticky":false,"template":"","format":"standard","meta":{"footnotes":"","_links_to":"","_links_to_target":""},"categories":[4,23,3],"tags":[],"class_list":["post-2633","post","type-post","status-publish","format-standard","has-post-thumbnail","hentry","category-actividades","category-exposiciones","category-noticias"],"_links":{"self":[{"href":"https:\/\/www.huelvaysusfotografos.com\/index.php?rest_route=\/wp\/v2\/posts\/2633","targetHints":{"allow":["GET"]}}],"collection":[{"href":"https:\/\/www.huelvaysusfotografos.com\/index.php?rest_route=\/wp\/v2\/posts"}],"about":[{"href":"https:\/\/www.huelvaysusfotografos.com\/index.php?rest_route=\/wp\/v2\/types\/post"}],"author":[{"embeddable":true,"href":"https:\/\/www.huelvaysusfotografos.com\/index.php?rest_route=\/wp\/v2\/users\/6"}],"replies":[{"embeddable":true,"href":"https:\/\/www.huelvaysusfotografos.com\/index.php?rest_route=%2Fwp%2Fv2%2Fcomments&post=2633"}],"version-history":[{"count":15,"href":"https:\/\/www.huelvaysusfotografos.com\/index.php?rest_route=\/wp\/v2\/posts\/2633\/revisions"}],"predecessor-version":[{"id":3799,"href":"https:\/\/www.huelvaysusfotografos.com\/index.php?rest_route=\/wp\/v2\/posts\/2633\/revisions\/3799"}],"wp:featuredmedia":[{"embeddable":true,"href":"https:\/\/www.huelvaysusfotografos.com\/index.php?rest_route=\/wp\/v2\/media\/3800"}],"wp:attachment":[{"href":"https:\/\/www.huelvaysusfotografos.com\/index.php?rest_route=%2Fwp%2Fv2%2Fmedia&parent=2633"}],"wp:term":[{"taxonomy":"category","embeddable":true,"href":"https:\/\/www.huelvaysusfotografos.com\/index.php?rest_route=%2Fwp%2Fv2%2Fcategories&post=2633"},{"taxonomy":"post_tag","embeddable":true,"href":"https:\/\/www.huelvaysusfotografos.com\/index.php?rest_route=%2Fwp%2Fv2%2Ftags&post=2633"}],"curies":[{"name":"wp","href":"https:\/\/api.w.org\/{rel}","templated":true}]}}