{"id":2609,"date":"2013-10-28T09:53:04","date_gmt":"2013-10-28T08:53:04","guid":{"rendered":"http:\/\/www.huelvaysusfotografos.com\/?p=2609"},"modified":"2013-10-27T18:17:36","modified_gmt":"2013-10-27T17:17:36","slug":"","status":"publish","type":"post","link":"https:\/\/www.huelvaysusfotografos.com\/?p=2609","title":{"rendered":"Huelva y sus fot\u00f3grafos cumple su primer a\u00f1o"},"content":{"rendered":"<p>El pasado viernes 25 de octubre, nuestra asociaci\u00f3n celebr\u00f3 su primer aniversario.<\/p>\n<p>Pedro J. Ruiz-Constantino, Presidente de la Asociaci\u00f3n comenz\u00f3 el acto dando la bienvenida al p\u00fablico asistente e iniciando el acto homenaje al fot\u00f3grafo Arturo Mac\u00edas.<\/p>\n<figure id=\"attachment_2611\" aria-describedby=\"caption-attachment-2611\" style=\"width: 300px\" class=\"wp-caption aligncenter\"><a href=\"https:\/\/www.huelvaysusfotografos.com\/wp-content\/uploads\/2013\/10\/DSC1161.jpg\"><img loading=\"lazy\" decoding=\"async\" class=\"size-medium wp-image-2611\" alt=\"El presidente de HYSF, Pedro J. Ruiz-Constantino hace una semblanza Arturo Mac\u00edas\" src=\"https:\/\/www.huelvaysusfotografos.com\/wp-content\/uploads\/2013\/10\/DSC1161-300x199.jpg\" width=\"300\" height=\"199\" srcset=\"https:\/\/www.huelvaysusfotografos.com\/wp-content\/uploads\/2013\/10\/DSC1161-300x199.jpg 300w, https:\/\/www.huelvaysusfotografos.com\/wp-content\/uploads\/2013\/10\/DSC1161-1024x680.jpg 1024w, https:\/\/www.huelvaysusfotografos.com\/wp-content\/uploads\/2013\/10\/DSC1161-768x510.jpg 768w, https:\/\/www.huelvaysusfotografos.com\/wp-content\/uploads\/2013\/10\/DSC1161-1536x1020.jpg 1536w, https:\/\/www.huelvaysusfotografos.com\/wp-content\/uploads\/2013\/10\/DSC1161-120x80.jpg 120w, https:\/\/www.huelvaysusfotografos.com\/wp-content\/uploads\/2013\/10\/DSC1161.jpg 1969w\" sizes=\"auto, (max-width: 300px) 100vw, 300px\" \/><\/a><figcaption id=\"caption-attachment-2611\" class=\"wp-caption-text\">El presidente de HYSF, Pedro J. Ruiz-Constantino hace una semblanza de Arturo Mac\u00edas<\/figcaption><\/figure>\n<p>&nbsp;<\/p>\n<p><b>TRAYECTORIA PROFESIONAL DE ARTURO MAC\u00cdAS<\/b><\/p>\n<p><em>\u00abEs natural de Huelva, donde vivi\u00f3 hasta mediados de los 80. Desde entonces tiene contacto con el arte. Busc\u00f3 nuevos horizontes en Madrid, para m\u00e1s tarde dar el salto a New York, New Jersey y por \u00faltimo a Orlando (en Florida).<\/em><\/p>\n<p><em>La fotograf\u00eda fue un hobby que incub\u00f3 por muchos a\u00f1os y que finalmente tom\u00f3 forma en su proyecto personal \u00abArtzPhoto\u00bb (su web\u00a0<a href=\"http:\/\/www.artzphoto.es\/\" target=\"_blank\">www.artzphoto.es\/<\/a>), poco despu\u00e9s de graduarse en Fotograf\u00eda Comercial en Orlando.<\/em><\/p>\n<p><em>Determinado por su esp\u00edritu de superaci\u00f3n, se envolvi\u00f3 en las m\u00e1s prestigiosas organizaciones profesionales de fotograf\u00eda a todos los niveles, siendo miembro activo en la \u00abSociedad Profesional de Fot\u00f3grafos de Florida Central\u00bb en la que fue miembro de su \u00abMesa de directivo\u00bb como Segundo Vicepresidente por 2 a\u00f1os, as\u00ed como su participaci\u00f3n en otros cargos de su Junta Directiva; tambi\u00e9n fue miembro de \u00abFot\u00f3grafos Profesionales de Florida\u00bb, de la \u00abAsociaci\u00f3n Profesional de Fot\u00f3grafos\u00bb, de \u00abOrlando Camera Club\u00bb, de \u00abFlorida Camera Club\u00bb y de \u00abFot\u00f3grafos Internacionales de Bodas y Retratos\u00bb.<\/em><\/p>\n<p><em>Asentado en su desaf\u00edo, pronto empez\u00f3 a medirse en competiciones de fotograf\u00eda a nivel nacional e internacional, resultado de lo cual ha sido reconocido como \u00abFot\u00f3grafo del A\u00f1o\u00bb en Florida Central, durante 5 a\u00f1os consecutivos, de 2006 a 2010.<\/em><\/p>\n<p><em>Tambi\u00e9n obtiene el prestigioso galard\u00f3n \u00abFuji Masterpiece\u00bb en la convenci\u00f3n del estado de la Florida en 2010. Ese mismo a\u00f1o se convierte en uno de los \u00abDiez mejores fot\u00f3grafos del estado de Florida\u00bb.<\/em><\/p>\n<p><em>Logra en concursos estatales diferentes galardones: como el Galard\u00f3n en Evento Social en 2007, el de Fotoperiodismo y Retrato de ni\u00f1os en 2008, el de Fotograf\u00eda Abstracta y Gran Premio en Ilustrativo en 2009 y el de Fotograf\u00eda Abstracta en 2010.<\/em><\/p>\n<p><em>En la competici\u00f3n a nivel de \u00abFlorida Camera Club Counsil\u00bb fue primer premio en categor\u00eda de \u00abFotograf\u00eda a color\u00bb. Ha sido premiado hasta 8 veces a nivel internacional por \u00abFot\u00f3grafos Internacionales de Bodas y Retratos\u00bb.<\/em><\/p>\n<p><em>En el \u00e1mbito de la educaci\u00f3n, ha impartido seminarios para organizaciones como \u00abFot\u00f3grafos Profesionales de Am\u00e9rica\u00bb, \u00abOrlando Camera Club\u00bb y otra de Florida, adem\u00e1s del Seminario en M\u00e9xico para la Asociaci\u00f3n de Fot\u00f3grafos Profesionales de la Frontera, en Saltillo (Estado de Coahuila) y otra del estado de Florida.<\/em><\/p>\n<p><em>Tras 22 a\u00f1os en Estados Unidos, Arturo Mac\u00edas vuelve a Espa\u00f1a y se instala en M\u00e1laga, donde vive y trabaja desde hace unos tres a\u00f1os y medio. \u00ab<\/em><\/p>\n<figure id=\"attachment_2615\" aria-describedby=\"caption-attachment-2615\" style=\"width: 300px\" class=\"wp-caption aligncenter\"><a href=\"https:\/\/www.huelvaysusfotografos.com\/wp-content\/uploads\/2013\/10\/DSC1177.jpg\"><img loading=\"lazy\" decoding=\"async\" class=\"size-medium wp-image-2615\" alt=\"Pedro hace entrega a Arturo Mac\u00edas de la &quot;Menci\u00f3n de Socio de Honor 2013\/14&quot;\" src=\"https:\/\/www.huelvaysusfotografos.com\/wp-content\/uploads\/2013\/10\/DSC1177-300x199.jpg\" width=\"300\" height=\"199\" srcset=\"https:\/\/www.huelvaysusfotografos.com\/wp-content\/uploads\/2013\/10\/DSC1177-300x199.jpg 300w, https:\/\/www.huelvaysusfotografos.com\/wp-content\/uploads\/2013\/10\/DSC1177-1024x680.jpg 1024w, https:\/\/www.huelvaysusfotografos.com\/wp-content\/uploads\/2013\/10\/DSC1177-768x510.jpg 768w, https:\/\/www.huelvaysusfotografos.com\/wp-content\/uploads\/2013\/10\/DSC1177-1536x1020.jpg 1536w, https:\/\/www.huelvaysusfotografos.com\/wp-content\/uploads\/2013\/10\/DSC1177-120x80.jpg 120w, https:\/\/www.huelvaysusfotografos.com\/wp-content\/uploads\/2013\/10\/DSC1177.jpg 1969w\" sizes=\"auto, (max-width: 300px) 100vw, 300px\" \/><\/a><figcaption id=\"caption-attachment-2615\" class=\"wp-caption-text\">Pedro hace entrega a Arturo Mac\u00edas de la \u00abMenci\u00f3n de Socio de Honor 2013\/14\u00bb<\/figcaption><\/figure>\n<p>Toma la palabra Arturo Mac\u00edas, para contarnos de primera mano su paso por el mundo de las competiciones, los concursos y su bagaje profesional por aquellas tierras. Destaca ante todo su perseverancia y constancia, su amplitud de miras a la hora de abordar tem\u00e1ticas.<\/p>\n<p><a style=\"background-color: #f3f3f3;text-align: center\" href=\"https:\/\/www.huelvaysusfotografos.com\/wp-content\/uploads\/2013\/10\/DSC1185.jpg\"><img loading=\"lazy\" decoding=\"async\" class=\"size-medium wp-image-2618 aligncenter\" alt=\"Arturo muestra una de sus primeras obras presentadas a concurso\" src=\"https:\/\/www.huelvaysusfotografos.com\/wp-content\/uploads\/2013\/10\/DSC1185-300x199.jpg\" width=\"300\" height=\"199\" srcset=\"https:\/\/www.huelvaysusfotografos.com\/wp-content\/uploads\/2013\/10\/DSC1185-300x199.jpg 300w, https:\/\/www.huelvaysusfotografos.com\/wp-content\/uploads\/2013\/10\/DSC1185-1024x680.jpg 1024w, https:\/\/www.huelvaysusfotografos.com\/wp-content\/uploads\/2013\/10\/DSC1185-768x510.jpg 768w, https:\/\/www.huelvaysusfotografos.com\/wp-content\/uploads\/2013\/10\/DSC1185-1536x1020.jpg 1536w, https:\/\/www.huelvaysusfotografos.com\/wp-content\/uploads\/2013\/10\/DSC1185-120x80.jpg 120w, https:\/\/www.huelvaysusfotografos.com\/wp-content\/uploads\/2013\/10\/DSC1185.jpg 1969w\" sizes=\"auto, (max-width: 300px) 100vw, 300px\" \/><\/a><\/p>\n<dl class=\"wp-caption aligncenter\" id=\"attachment_2618\" style=\"width: 310px\">\n<dd class=\"wp-caption-dd\">Arturo muestra una de sus primeras obras presentadas a concurso<\/dd>\n<\/dl>\n<p>&nbsp;<\/p>\n<p>Tras las agradables y acertadas palabras del homenajeado se procedi\u00f3 a visionar im\u00e1genes del artista.<\/p>\n<p>Tras corear la tradicional canci\u00f3n \u00abCumplea\u00f1os Feliz\u00bb, \u00a0se procedi\u00f3 a la proyecci\u00f3n de la fotograf\u00edas que 28 socios quisieron compartir en este primer cumplea\u00f1os colectivo. Y finaliz\u00f3 el acto oficial con una copa de vino del Condado de Huelva.<\/p>\n<p>Desde el Equipo Directivo, queremos dar las gracias a Arturo, por hacer el esfuerzo de estar con nosotros y compartir estos momentos; a los socios y socias que han colaborado de una u otra manera en la organizaci\u00f3n del evento y a todos los asistentes que aportaron su calor y cari\u00f1o con su presencia.<\/p>\n<p>&nbsp;<\/p>\n","protected":false},"excerpt":{"rendered":"<p>El pasado viernes 25 de octubre, nuestra asociaci\u00f3n celebr\u00f3 su primer aniversario. Pedro J. Ruiz-Constantino, Presidente de la Asociaci\u00f3n comenz\u00f3 el acto dando la bienvenida al p\u00fablico asistente e iniciando el acto homenaje al fot\u00f3grafo Arturo Mac\u00edas. &nbsp; TRAYECTORIA PROFESIONAL DE ARTURO MAC\u00cdAS \u00abEs natural de Huelva, donde vivi\u00f3 hasta mediados de los 80. Desde entonces tiene contacto con el arte. Busc\u00f3 nuevos horizontes en Madrid, para m\u00e1s tarde dar<\/p>\n<div class=\"belowpost\"><a class=\"btnmore\" href=\"https:\/\/www.huelvaysusfotografos.com\/?p=2609\">Seguir leyendo<\/a><\/div>\n","protected":false},"author":41,"featured_media":0,"comment_status":"open","ping_status":"open","sticky":false,"template":"","format":"standard","meta":{"footnotes":"","_links_to":"","_links_to_target":""},"categories":[4],"tags":[],"class_list":["post-2609","post","type-post","status-publish","format-standard","hentry","category-actividades"],"_links":{"self":[{"href":"https:\/\/www.huelvaysusfotografos.com\/index.php?rest_route=\/wp\/v2\/posts\/2609","targetHints":{"allow":["GET"]}}],"collection":[{"href":"https:\/\/www.huelvaysusfotografos.com\/index.php?rest_route=\/wp\/v2\/posts"}],"about":[{"href":"https:\/\/www.huelvaysusfotografos.com\/index.php?rest_route=\/wp\/v2\/types\/post"}],"author":[{"embeddable":true,"href":"https:\/\/www.huelvaysusfotografos.com\/index.php?rest_route=\/wp\/v2\/users\/41"}],"replies":[{"embeddable":true,"href":"https:\/\/www.huelvaysusfotografos.com\/index.php?rest_route=%2Fwp%2Fv2%2Fcomments&post=2609"}],"version-history":[{"count":2,"href":"https:\/\/www.huelvaysusfotografos.com\/index.php?rest_route=\/wp\/v2\/posts\/2609\/revisions"}],"predecessor-version":[{"id":2623,"href":"https:\/\/www.huelvaysusfotografos.com\/index.php?rest_route=\/wp\/v2\/posts\/2609\/revisions\/2623"}],"wp:attachment":[{"href":"https:\/\/www.huelvaysusfotografos.com\/index.php?rest_route=%2Fwp%2Fv2%2Fmedia&parent=2609"}],"wp:term":[{"taxonomy":"category","embeddable":true,"href":"https:\/\/www.huelvaysusfotografos.com\/index.php?rest_route=%2Fwp%2Fv2%2Fcategories&post=2609"},{"taxonomy":"post_tag","embeddable":true,"href":"https:\/\/www.huelvaysusfotografos.com\/index.php?rest_route=%2Fwp%2Fv2%2Ftags&post=2609"}],"curies":[{"name":"wp","href":"https:\/\/api.w.org\/{rel}","templated":true}]}}