{"id":2587,"date":"2013-10-23T22:06:43","date_gmt":"2013-10-23T21:06:43","guid":{"rendered":"http:\/\/www.huelvaysusfotografos.com\/?p=2587"},"modified":"2013-10-28T12:03:48","modified_gmt":"2013-10-28T11:03:48","slug":"celebracion-del-i-aniversario-de-la-asociacion-huelva-y-sus-fotografos","status":"publish","type":"post","link":"https:\/\/www.huelvaysusfotografos.com\/?p=2587","title":{"rendered":"Celebraci\u00f3n del I aniversario de la asociaci\u00f3n \u00abHuelva y sus fot\u00f3grafos\u00bb."},"content":{"rendered":"<p><a href=\"https:\/\/www.huelvaysusfotografos.com\/wp-content\/uploads\/2013\/10\/20131024-232957.jpg\"><img decoding=\"async\" class=\"alignnone size-full\" alt=\"20131024-232957.jpg\" src=\"https:\/\/www.huelvaysusfotografos.com\/wp-content\/uploads\/2013\/10\/20131024-232957.jpg\" \/><\/a><\/p>\n<p>La asociaci\u00f3n \u00abHuelva y sus fot\u00f3grafos\u00bb tiene el placer de invitarles a la celebraci\u00f3n de su I aniversario. El acto, que se celebrar\u00e1 el viernes 25 de Octubre de 2013 a las 20:00h en el centro \u00abPuerta del Atl\u00e1ntico\u00bb, ser\u00e1 presentado por el presidente de la asociaci\u00f3n, que proclamar\u00e1 como como socio de honor 2014 al fot\u00f3grafo Onubense Arturo Mac\u00edas.<\/p>\n<p>En dicho acto le ser\u00e1 entregada una placa como homenaje y se proyectar\u00e1n algunas de sus fotograf\u00edas m\u00e1s relevantes. As\u00ed mismo, el socio de honor nos obsequiar\u00e1 con unas palabras. A la terminaci\u00f3n del acto se podr\u00e1n visualizar las fotograf\u00edas de los socios y a continuaci\u00f3n se servir\u00e1 una copa de vino entre los asistentes.<\/p>\n<p>\u00a1OS ESPERAMOS!<\/p>\n","protected":false},"excerpt":{"rendered":"<p>La asociaci\u00f3n \u00abHuelva y sus fot\u00f3grafos\u00bb tiene el placer de invitarles a la celebraci\u00f3n de su I aniversario. El acto, que se celebrar\u00e1 el viernes 25 de Octubre de 2013 a las 20:00h en el centro \u00abPuerta del Atl\u00e1ntico\u00bb, ser\u00e1 presentado por el presidente de la asociaci\u00f3n, que proclamar\u00e1 como como socio de honor 2014 al fot\u00f3grafo Onubense Arturo Mac\u00edas. En dicho acto le ser\u00e1 entregada una placa como homenaje<\/p>\n<div class=\"belowpost\"><a class=\"btnmore\" href=\"https:\/\/www.huelvaysusfotografos.com\/?p=2587\">Seguir leyendo<\/a><\/div>\n","protected":false},"author":6,"featured_media":0,"comment_status":"open","ping_status":"open","sticky":false,"template":"","format":"standard","meta":{"footnotes":"","_links_to":"","_links_to_target":""},"categories":[4,3],"tags":[121,120],"class_list":["post-2587","post","type-post","status-publish","format-standard","hentry","category-actividades","category-noticias","tag-aniversario","tag-celebracion"],"_links":{"self":[{"href":"https:\/\/www.huelvaysusfotografos.com\/index.php?rest_route=\/wp\/v2\/posts\/2587","targetHints":{"allow":["GET"]}}],"collection":[{"href":"https:\/\/www.huelvaysusfotografos.com\/index.php?rest_route=\/wp\/v2\/posts"}],"about":[{"href":"https:\/\/www.huelvaysusfotografos.com\/index.php?rest_route=\/wp\/v2\/types\/post"}],"author":[{"embeddable":true,"href":"https:\/\/www.huelvaysusfotografos.com\/index.php?rest_route=\/wp\/v2\/users\/6"}],"replies":[{"embeddable":true,"href":"https:\/\/www.huelvaysusfotografos.com\/index.php?rest_route=%2Fwp%2Fv2%2Fcomments&post=2587"}],"version-history":[{"count":17,"href":"https:\/\/www.huelvaysusfotografos.com\/index.php?rest_route=\/wp\/v2\/posts\/2587\/revisions"}],"predecessor-version":[{"id":2624,"href":"https:\/\/www.huelvaysusfotografos.com\/index.php?rest_route=\/wp\/v2\/posts\/2587\/revisions\/2624"}],"wp:attachment":[{"href":"https:\/\/www.huelvaysusfotografos.com\/index.php?rest_route=%2Fwp%2Fv2%2Fmedia&parent=2587"}],"wp:term":[{"taxonomy":"category","embeddable":true,"href":"https:\/\/www.huelvaysusfotografos.com\/index.php?rest_route=%2Fwp%2Fv2%2Fcategories&post=2587"},{"taxonomy":"post_tag","embeddable":true,"href":"https:\/\/www.huelvaysusfotografos.com\/index.php?rest_route=%2Fwp%2Fv2%2Ftags&post=2587"}],"curies":[{"name":"wp","href":"https:\/\/api.w.org\/{rel}","templated":true}]}}