{"id":2564,"date":"2013-10-11T21:38:36","date_gmt":"2013-10-11T20:38:36","guid":{"rendered":"http:\/\/www.huelvaysusfotografos.com\/?p=2564"},"modified":"2013-10-11T21:38:36","modified_gmt":"2013-10-11T20:38:36","slug":"pedro-bernabe-fotografo-de-naturaleza","status":"publish","type":"post","link":"https:\/\/www.huelvaysusfotografos.com\/?p=2564","title":{"rendered":"Pedro Bernab\u00e9, fot\u00f3grafo de naturaleza"},"content":{"rendered":"<p>He tenido la oportunidad de conocer personalmente a Pedro Bernab\u00e9, es un tipo de gesto amable, de talante tranquilo, cosa que se agradece en estos tiempos.<\/p>\n<p>Lleva a\u00f1os vinculado con la fotograf\u00eda, y aunque ha realizado diferentes tem\u00e1ticas, por su profesi\u00f3n y amor por la Naturaleza se ha decantado por captar la grandeza y la belleza que le ofrece el entorno.<\/p>\n<p>En la actualidad, y hasta el d\u00eda 19 de octubre, tiene instalada una extraordinaria exposici\u00f3n de aves de la provincia de Huelva titulada \u00abLa ventana oculta\u00bb; se encuentra en el Centro de Visitantes \u00abHuelva, Puerta del Atl\u00e1ntico\u00bb, de la que nos hablar\u00e1 Bernab\u00e9 m\u00e1s adelante.<\/p>\n<figure id=\"attachment_2569\" aria-describedby=\"caption-attachment-2569\" style=\"width: 300px\" class=\"wp-caption aligncenter\"><a href=\"https:\/\/www.huelvaysusfotografos.com\/wp-content\/uploads\/2013\/10\/Pedro-Bernab\u00e9-2013.jpg\"><img loading=\"lazy\" decoding=\"async\" class=\"size-medium wp-image-2569\" alt=\"Bernab\u00e9 junto a im\u00e1genes de La Ventana Oculta, en Puerta del Atl\u00e1ntico\" src=\"https:\/\/www.huelvaysusfotografos.com\/wp-content\/uploads\/2013\/10\/Pedro-Bernab\u00e9-2013-300x225.jpg\" width=\"300\" height=\"225\" srcset=\"https:\/\/www.huelvaysusfotografos.com\/wp-content\/uploads\/2013\/10\/Pedro-Bernab\u00e9-2013-300x225.jpg 300w, https:\/\/www.huelvaysusfotografos.com\/wp-content\/uploads\/2013\/10\/Pedro-Bernab\u00e9-2013-160x120.jpg 160w, https:\/\/www.huelvaysusfotografos.com\/wp-content\/uploads\/2013\/10\/Pedro-Bernab\u00e9-2013.jpg 680w\" sizes=\"auto, (max-width: 300px) 100vw, 300px\" \/><\/a><figcaption id=\"caption-attachment-2569\" class=\"wp-caption-text\">Bernab\u00e9 junto a sus im\u00e1genes de La Ventana Oculta, en Puerta del Atl\u00e1ntico<\/figcaption><\/figure>\n<p>Para conocer m\u00e1s a este fot\u00f3grafo, os dejo algunas cuestiones de las que hemos estado hablando:<\/p>\n<p><strong>&#8211;      \u00bfQu\u00e9 recuerdas de tus inicios en este apasionado mundo de la fotograf\u00eda? \u00bfQu\u00e9 destacar\u00edas?<\/strong><\/p>\n<p>No se me olvidan mis primeras fotos, hace m\u00e1s de treinta a\u00f1os, con una c\u00e1mara compacta de carrete que me encontr\u00e9 por casa. Por delante de su objetivo min\u00fasculo desfilaron casi todos mis familiares y alg\u00fan que otro objeto familiar con los que ya empezaba a componer. Es evidente que me fascinaba eso de plasmar la realidad y, a su vez, reinterpretarla.<\/p>\n<p><strong> &#8211;      \u00bfCu\u00e1les son tus fot\u00f3grafos de referencia?<\/strong><\/p>\n<p>Muchos, por citar a dos nacionales, Jos\u00e9 Luis Rodr\u00edguez y Oriol Alamany. Y a dos extranjeros, AnselAdams y Frans Lanting.<\/p>\n<p><strong>&#8211;      \u00bfQu\u00e9 es lo m\u00e1s agradable y lo m\u00e1s ingrato de tu trabajo como fot\u00f3grafo de naturaleza?<\/strong><\/p>\n<p>Muchas veces pienso que soy un privilegiado por encontrarme en los parajes donde suelo trabajar. Lo peor, sin duda, las salidas a horas \u00abanormales\u00bb y el tiempo que se roba a la familia.<\/p>\n<p><strong> &#8211;      \u00bfQu\u00e9 consejo\/s dar\u00edas a los aficionados que quieran introducirse en la fotograf\u00eda de fauna y naturaleza?<\/strong><\/p>\n<p>Que tengan paciencia para adquirir un material de calidad decente que te asegure que, llegado ese instante m\u00e1gico, puedas plasmarlo. Tambi\u00e9n, formarse antes de salir al campo, fotogr\u00e1ficamente y sobre las especies que nos interesan. Por otra parte, RESPETO  absoluto a la integridad de los animales, a la normativa medioambiental y a las autoridades.<\/p>\n<p><strong>&#8211;      En cuanto a la exposici\u00f3n \u201cLa ventana oculta\u201d \u00bfc\u00f3mo surgi\u00f3, qu\u00e9 lugares ha visitado?<\/strong><\/p>\n<p>Es un proyecto gestado durante largos a\u00f1os y en el que se vuelcan los resultados de infinidad de experiencias. Los lugares en donde se han tomado las im\u00e1genes se encuentran a lo largo y ancho de la geograf\u00eda onubense: la Sierra, el And\u00e9valo, la Campi\u00f1a, la Costa, incluidos los espacios protegidos.<\/p>\n<p><strong>&#8211;      \u00bfQu\u00e9 pueden ver los visitantes en esta exposici\u00f3n?<\/strong><\/p>\n<p>Cuatro paisajes que introducen a distintas especies de aves que podemos encontrar en ellos. Se trata de una muestra de aves representativas de la Sierra, de los R\u00edos, de la Tierra Llana y de la Costa-Marismas de Huelva.<\/p>\n<figure id=\"attachment_2573\" aria-describedby=\"caption-attachment-2573\" style=\"width: 300px\" class=\"wp-caption aligncenter\"><a href=\"https:\/\/www.huelvaysusfotografos.com\/wp-content\/uploads\/2013\/10\/Elanio-azul-y-presa.jpg\"><img loading=\"lazy\" decoding=\"async\" class=\"size-medium wp-image-2573\" alt=\"Elanio azul y presa\" src=\"https:\/\/www.huelvaysusfotografos.com\/wp-content\/uploads\/2013\/10\/Elanio-azul-y-presa-300x212.jpg\" width=\"300\" height=\"212\" \/><\/a><figcaption id=\"caption-attachment-2573\" class=\"wp-caption-text\">Elanio azul y presa, de P. Bernab\u00e9<\/figcaption><\/figure>\n<figure id=\"attachment_2572\" aria-describedby=\"caption-attachment-2572\" style=\"width: 300px\" class=\"wp-caption aligncenter\"><a href=\"https:\/\/www.huelvaysusfotografos.com\/wp-content\/uploads\/2013\/10\/Herrerillo-com\u00fan.jpg\"><img loading=\"lazy\" decoding=\"async\" class=\"size-medium wp-image-2572\" alt=\"Herrerillo com\u00fan\" src=\"https:\/\/www.huelvaysusfotografos.com\/wp-content\/uploads\/2013\/10\/Herrerillo-com\u00fan-300x211.jpg\" width=\"300\" height=\"211\" \/><\/a><figcaption id=\"caption-attachment-2572\" class=\"wp-caption-text\">Herrerillo com\u00fan, de P. Bernab\u00e9<\/figcaption><\/figure>\n<p><strong>&#8211;      \u00bfTienes alg\u00fan otro proyecto fotogr\u00e1fico previsto para el futuro? Cu\u00e9ntanos un poco.<\/strong><\/p>\n<p>Tengo varios, algunos bastante avanzados, relacionados tambi\u00e9n con la Naturaleza onubense que, evidentemente, abarca mucho m\u00e1s que la ornitolog\u00eda.<\/p>\n<p>&nbsp;<\/p>\n<p>Quisiera para finalizar dar las gracias a Pedro Bernab\u00e9 por su amabilidad y por su tiempo, y desearle \u00e9xito en sus proyectos futuros.<\/p>\n<p>&nbsp;<\/p>\n<p><em>Si quer\u00e9is saber m\u00e1s sobre la Exposici\u00f3n \u00abLa ventana oculta\u00bb y sobre Bernab\u00e9<\/em>: <a href=\"http:\/\/huelvaya.es\/2013\/10\/08\/inauguracion-de-la-exposicion-la-ventana-oculta\/\">http:\/\/huelvaya.es\/2013\/10\/08\/inauguracion-de-la-exposicion-la-ventana-oculta\/<\/a><\/p>\n","protected":false},"excerpt":{"rendered":"<p>He tenido la oportunidad de conocer personalmente a Pedro Bernab\u00e9, es un tipo de gesto amable, de talante tranquilo, cosa que se agradece en estos tiempos. Lleva a\u00f1os vinculado con la fotograf\u00eda, y aunque ha realizado diferentes tem\u00e1ticas, por su profesi\u00f3n y amor por la Naturaleza se ha decantado por captar la grandeza y la belleza que le ofrece el entorno. En la actualidad, y hasta el d\u00eda 19 de<\/p>\n<div class=\"belowpost\"><a class=\"btnmore\" href=\"https:\/\/www.huelvaysusfotografos.com\/?p=2564\">Seguir leyendo<\/a><\/div>\n","protected":false},"author":41,"featured_media":0,"comment_status":"open","ping_status":"open","sticky":false,"template":"","format":"standard","meta":{"footnotes":"","_links_to":"","_links_to_target":""},"categories":[79],"tags":[],"class_list":["post-2564","post","type-post","status-publish","format-standard","hentry","category-entrevistas"],"_links":{"self":[{"href":"https:\/\/www.huelvaysusfotografos.com\/index.php?rest_route=\/wp\/v2\/posts\/2564","targetHints":{"allow":["GET"]}}],"collection":[{"href":"https:\/\/www.huelvaysusfotografos.com\/index.php?rest_route=\/wp\/v2\/posts"}],"about":[{"href":"https:\/\/www.huelvaysusfotografos.com\/index.php?rest_route=\/wp\/v2\/types\/post"}],"author":[{"embeddable":true,"href":"https:\/\/www.huelvaysusfotografos.com\/index.php?rest_route=\/wp\/v2\/users\/41"}],"replies":[{"embeddable":true,"href":"https:\/\/www.huelvaysusfotografos.com\/index.php?rest_route=%2Fwp%2Fv2%2Fcomments&post=2564"}],"version-history":[{"count":9,"href":"https:\/\/www.huelvaysusfotografos.com\/index.php?rest_route=\/wp\/v2\/posts\/2564\/revisions"}],"predecessor-version":[{"id":2576,"href":"https:\/\/www.huelvaysusfotografos.com\/index.php?rest_route=\/wp\/v2\/posts\/2564\/revisions\/2576"}],"wp:attachment":[{"href":"https:\/\/www.huelvaysusfotografos.com\/index.php?rest_route=%2Fwp%2Fv2%2Fmedia&parent=2564"}],"wp:term":[{"taxonomy":"category","embeddable":true,"href":"https:\/\/www.huelvaysusfotografos.com\/index.php?rest_route=%2Fwp%2Fv2%2Fcategories&post=2564"},{"taxonomy":"post_tag","embeddable":true,"href":"https:\/\/www.huelvaysusfotografos.com\/index.php?rest_route=%2Fwp%2Fv2%2Ftags&post=2564"}],"curies":[{"name":"wp","href":"https:\/\/api.w.org\/{rel}","templated":true}]}}