{"id":2537,"date":"2013-10-05T22:19:48","date_gmt":"2013-10-05T21:19:48","guid":{"rendered":"http:\/\/www.huelvaysusfotografos.com\/?p=2537"},"modified":"2013-10-06T21:00:30","modified_gmt":"2013-10-06T20:00:30","slug":"inicio-del-nuevo-curso","status":"publish","type":"post","link":"https:\/\/www.huelvaysusfotografos.com\/?p=2537","title":{"rendered":"Inicio del Nuevo Curso"},"content":{"rendered":"<p>Tras las vacaciones se ha iniciado el nuevo curso 2013-2014, y nuestra asociaci\u00f3n tambi\u00e9n ha iniciado su calendario con dos atractivas actividades.<\/p>\n<p>Por un lado, con la exposici\u00f3n \u00abUn c\u00e1lido susurro al o\u00eddo\u00bb, dentro de la reciente convocatoria que Elena S. Balonga ha creado para su Sala de Exposiciones \u00a0y que \u00abHuelva y sus fot\u00f3grafos\u00bb estrena con im\u00e1genes de 19 \u00a0puntos de vista sobre este sugerente tema.<\/p>\n<p style=\"text-align: center;\"><a href=\"https:\/\/www.huelvaysusfotografos.com\/wp-content\/uploads\/2013\/10\/Inauguraci\u00f3n-Expo-Un-c\u00e1lido-susurro-al-o\u00eddo-1.jpg\"><img loading=\"lazy\" decoding=\"async\" class=\"wp-image-2541 alignleft\" alt=\"Para uso consulte con la fot\u00f3grafa (juana.martin@hotmail.com)\" src=\"https:\/\/www.huelvaysusfotografos.com\/wp-content\/uploads\/2013\/10\/Inauguraci\u00f3n-Expo-Un-c\u00e1lido-susurro-al-o\u00eddo-1-300x225.jpg\" width=\"240\" height=\"180\" srcset=\"https:\/\/www.huelvaysusfotografos.com\/wp-content\/uploads\/2013\/10\/Inauguraci\u00f3n-Expo-Un-c\u00e1lido-susurro-al-o\u00eddo-1-300x225.jpg 300w, https:\/\/www.huelvaysusfotografos.com\/wp-content\/uploads\/2013\/10\/Inauguraci\u00f3n-Expo-Un-c\u00e1lido-susurro-al-o\u00eddo-1-1024x768.jpg 1024w, https:\/\/www.huelvaysusfotografos.com\/wp-content\/uploads\/2013\/10\/Inauguraci\u00f3n-Expo-Un-c\u00e1lido-susurro-al-o\u00eddo-1-768x576.jpg 768w, https:\/\/www.huelvaysusfotografos.com\/wp-content\/uploads\/2013\/10\/Inauguraci\u00f3n-Expo-Un-c\u00e1lido-susurro-al-o\u00eddo-1-1536x1152.jpg 1536w, https:\/\/www.huelvaysusfotografos.com\/wp-content\/uploads\/2013\/10\/Inauguraci\u00f3n-Expo-Un-c\u00e1lido-susurro-al-o\u00eddo-1-2048x1536.jpg 2048w, https:\/\/www.huelvaysusfotografos.com\/wp-content\/uploads\/2013\/10\/Inauguraci\u00f3n-Expo-Un-c\u00e1lido-susurro-al-o\u00eddo-1-160x120.jpg 160w\" sizes=\"auto, (max-width: 240px) 100vw, 240px\" \/><\/a><a href=\"https:\/\/www.huelvaysusfotografos.com\/wp-content\/uploads\/2013\/10\/Inauguraci\u00f3n-Expo-Un-c\u00e1lido-susurro-al-o\u00eddo-5.jpg\"><img loading=\"lazy\" decoding=\"async\" class=\"aligncenter  wp-image-2539\" alt=\"Para uso consulte con la fot\u00f3grafa (juana.martin@hotmail.com)\" src=\"https:\/\/www.huelvaysusfotografos.com\/wp-content\/uploads\/2013\/10\/Inauguraci\u00f3n-Expo-Un-c\u00e1lido-susurro-al-o\u00eddo-5-300x225.jpg\" width=\"240\" height=\"180\" srcset=\"https:\/\/www.huelvaysusfotografos.com\/wp-content\/uploads\/2013\/10\/Inauguraci\u00f3n-Expo-Un-c\u00e1lido-susurro-al-o\u00eddo-5-300x225.jpg 300w, https:\/\/www.huelvaysusfotografos.com\/wp-content\/uploads\/2013\/10\/Inauguraci\u00f3n-Expo-Un-c\u00e1lido-susurro-al-o\u00eddo-5-1024x768.jpg 1024w, https:\/\/www.huelvaysusfotografos.com\/wp-content\/uploads\/2013\/10\/Inauguraci\u00f3n-Expo-Un-c\u00e1lido-susurro-al-o\u00eddo-5-768x576.jpg 768w, https:\/\/www.huelvaysusfotografos.com\/wp-content\/uploads\/2013\/10\/Inauguraci\u00f3n-Expo-Un-c\u00e1lido-susurro-al-o\u00eddo-5-1536x1152.jpg 1536w, https:\/\/www.huelvaysusfotografos.com\/wp-content\/uploads\/2013\/10\/Inauguraci\u00f3n-Expo-Un-c\u00e1lido-susurro-al-o\u00eddo-5-2048x1536.jpg 2048w, https:\/\/www.huelvaysusfotografos.com\/wp-content\/uploads\/2013\/10\/Inauguraci\u00f3n-Expo-Un-c\u00e1lido-susurro-al-o\u00eddo-5-160x120.jpg 160w\" sizes=\"auto, (max-width: 240px) 100vw, 240px\" \/><\/a><\/p>\n<p>\u00a0Por otro lado, con las Tertulias Fotogr\u00e1ficas que se realizar\u00e1n los primeros jueves del mes. En esta primera, realizada el pasado jueves 3 de octubre, adem\u00e1s de contar con la habitual direcci\u00f3n de Juan Sande, y m\u00e1s de una veintena de asistentes, hemos tenido la inestimable colaboraci\u00f3n de Juli\u00e1n P\u00e9rez, conocido fot\u00f3grafo de prensa de Huelva con una amplia trayectoria profesional, que porta en su mochila cientos de an\u00e9cdotas, experiencia y todo un mundo interior de im\u00e1genes con un sello muy personal.<\/p>\n<p style=\"text-align: center;\"><a href=\"https:\/\/www.huelvaysusfotografos.com\/wp-content\/uploads\/2013\/10\/Foto-2-Tertulia-4-oct-2013-Juana-Mart\u00edn.jpg\"><br \/>\n<\/a><a href=\"https:\/\/www.huelvaysusfotografos.com\/wp-content\/uploads\/2013\/10\/Foto-1-Tertulia-4-oct-2013-Juana-Mart\u00edn.jpg\"><img loading=\"lazy\" decoding=\"async\" class=\" wp-image-2550\" alt=\"para uso consulte con la fot\u00f3grafa (juana.martin@hotmail.com)\" src=\"https:\/\/www.huelvaysusfotografos.com\/wp-content\/uploads\/2013\/10\/Foto-1-Tertulia-4-oct-2013-Juana-Mart\u00edn-300x199.jpg\" width=\"240\" height=\"159\" srcset=\"https:\/\/www.huelvaysusfotografos.com\/wp-content\/uploads\/2013\/10\/Foto-1-Tertulia-4-oct-2013-Juana-Mart\u00edn-300x199.jpg 300w, https:\/\/www.huelvaysusfotografos.com\/wp-content\/uploads\/2013\/10\/Foto-1-Tertulia-4-oct-2013-Juana-Mart\u00edn-1024x680.jpg 1024w, https:\/\/www.huelvaysusfotografos.com\/wp-content\/uploads\/2013\/10\/Foto-1-Tertulia-4-oct-2013-Juana-Mart\u00edn-768x510.jpg 768w, https:\/\/www.huelvaysusfotografos.com\/wp-content\/uploads\/2013\/10\/Foto-1-Tertulia-4-oct-2013-Juana-Mart\u00edn-120x80.jpg 120w, https:\/\/www.huelvaysusfotografos.com\/wp-content\/uploads\/2013\/10\/Foto-1-Tertulia-4-oct-2013-Juana-Mart\u00edn.jpg 1181w\" sizes=\"auto, (max-width: 240px) 100vw, 240px\" \/><\/a><a href=\"https:\/\/www.huelvaysusfotografos.com\/wp-content\/uploads\/2013\/10\/Foto-2-Tertulia-4-oct-2013-Juana-Mart\u00edn.jpg\"><img loading=\"lazy\" decoding=\"async\" class=\"wp-image-2548 alignleft\" alt=\"para uso consulte con la fot\u00f3grafa (juana.martin@hotmail.com)\" src=\"https:\/\/www.huelvaysusfotografos.com\/wp-content\/uploads\/2013\/10\/Foto-2-Tertulia-4-oct-2013-Juana-Mart\u00edn-300x199.jpg\" width=\"240\" height=\"159\" srcset=\"https:\/\/www.huelvaysusfotografos.com\/wp-content\/uploads\/2013\/10\/Foto-2-Tertulia-4-oct-2013-Juana-Mart\u00edn-300x199.jpg 300w, https:\/\/www.huelvaysusfotografos.com\/wp-content\/uploads\/2013\/10\/Foto-2-Tertulia-4-oct-2013-Juana-Mart\u00edn-1024x680.jpg 1024w, https:\/\/www.huelvaysusfotografos.com\/wp-content\/uploads\/2013\/10\/Foto-2-Tertulia-4-oct-2013-Juana-Mart\u00edn-768x510.jpg 768w, https:\/\/www.huelvaysusfotografos.com\/wp-content\/uploads\/2013\/10\/Foto-2-Tertulia-4-oct-2013-Juana-Mart\u00edn-120x80.jpg 120w, https:\/\/www.huelvaysusfotografos.com\/wp-content\/uploads\/2013\/10\/Foto-2-Tertulia-4-oct-2013-Juana-Mart\u00edn.jpg 1181w\" sizes=\"auto, (max-width: 240px) 100vw, 240px\" \/><\/a><\/p>\n<p>En esta misma l\u00ednea, \u00abHuelva y sus fot\u00f3grafos\u00bb sacar\u00e1 a la luz en breve sus pr\u00f3ximas propuestas.<\/p>\n","protected":false},"excerpt":{"rendered":"<p>Tras las vacaciones se ha iniciado el nuevo curso 2013-2014, y nuestra asociaci\u00f3n tambi\u00e9n ha iniciado su calendario con dos atractivas actividades. Por un lado, con la exposici\u00f3n \u00abUn c\u00e1lido susurro al o\u00eddo\u00bb, dentro de la reciente convocatoria que Elena S. Balonga ha creado para su Sala de Exposiciones \u00a0y que \u00abHuelva y sus fot\u00f3grafos\u00bb estrena con im\u00e1genes de 19 \u00a0puntos de vista sobre este sugerente tema. \u00a0Por otro lado,<\/p>\n<div class=\"belowpost\"><a class=\"btnmore\" href=\"https:\/\/www.huelvaysusfotografos.com\/?p=2537\">Seguir leyendo<\/a><\/div>\n","protected":false},"author":41,"featured_media":0,"comment_status":"open","ping_status":"open","sticky":false,"template":"","format":"standard","meta":{"footnotes":"","_links_to":"","_links_to_target":""},"categories":[4,32],"tags":[119,150,47,60],"class_list":["post-2537","post","type-post","status-publish","format-standard","hentry","category-actividades","category-tertulias","tag-exposicion-susurros","tag-exposiciones","tag-huelva","tag-huelva-y-sus-fotografos"],"_links":{"self":[{"href":"https:\/\/www.huelvaysusfotografos.com\/index.php?rest_route=\/wp\/v2\/posts\/2537","targetHints":{"allow":["GET"]}}],"collection":[{"href":"https:\/\/www.huelvaysusfotografos.com\/index.php?rest_route=\/wp\/v2\/posts"}],"about":[{"href":"https:\/\/www.huelvaysusfotografos.com\/index.php?rest_route=\/wp\/v2\/types\/post"}],"author":[{"embeddable":true,"href":"https:\/\/www.huelvaysusfotografos.com\/index.php?rest_route=\/wp\/v2\/users\/41"}],"replies":[{"embeddable":true,"href":"https:\/\/www.huelvaysusfotografos.com\/index.php?rest_route=%2Fwp%2Fv2%2Fcomments&post=2537"}],"version-history":[{"count":16,"href":"https:\/\/www.huelvaysusfotografos.com\/index.php?rest_route=\/wp\/v2\/posts\/2537\/revisions"}],"predecessor-version":[{"id":2563,"href":"https:\/\/www.huelvaysusfotografos.com\/index.php?rest_route=\/wp\/v2\/posts\/2537\/revisions\/2563"}],"wp:attachment":[{"href":"https:\/\/www.huelvaysusfotografos.com\/index.php?rest_route=%2Fwp%2Fv2%2Fmedia&parent=2537"}],"wp:term":[{"taxonomy":"category","embeddable":true,"href":"https:\/\/www.huelvaysusfotografos.com\/index.php?rest_route=%2Fwp%2Fv2%2Fcategories&post=2537"},{"taxonomy":"post_tag","embeddable":true,"href":"https:\/\/www.huelvaysusfotografos.com\/index.php?rest_route=%2Fwp%2Fv2%2Ftags&post=2537"}],"curies":[{"name":"wp","href":"https:\/\/api.w.org\/{rel}","templated":true}]}}