{"id":2523,"date":"2013-10-01T20:48:30","date_gmt":"2013-10-01T19:48:30","guid":{"rendered":"http:\/\/www.huelvaysusfotografos.com\/?p=2523"},"modified":"2013-10-01T20:48:30","modified_gmt":"2013-10-01T19:48:30","slug":"te-apetece-debatir","status":"publish","type":"post","link":"https:\/\/www.huelvaysusfotografos.com\/?p=2523","title":{"rendered":"\u00bfTE APETECE DEBATIR?"},"content":{"rendered":"<p style=\"text-align: center;\"><a href=\"https:\/\/www.huelvaysusfotografos.com\/wp-content\/uploads\/2013\/10\/tertulias-jueves.jpg\"><img loading=\"lazy\" decoding=\"async\" class=\"aligncenter  wp-image-2524\" alt=\"\" src=\"https:\/\/www.huelvaysusfotografos.com\/wp-content\/uploads\/2013\/10\/tertulias-jueves.jpg\" width=\"554\" height=\"554\" srcset=\"https:\/\/www.huelvaysusfotografos.com\/wp-content\/uploads\/2013\/10\/tertulias-jueves.jpg 684w, https:\/\/www.huelvaysusfotografos.com\/wp-content\/uploads\/2013\/10\/tertulias-jueves-300x300.jpg 300w, https:\/\/www.huelvaysusfotografos.com\/wp-content\/uploads\/2013\/10\/tertulias-jueves-150x150.jpg 150w, https:\/\/www.huelvaysusfotografos.com\/wp-content\/uploads\/2013\/10\/tertulias-jueves-50x50.jpg 50w, https:\/\/www.huelvaysusfotografos.com\/wp-content\/uploads\/2013\/10\/tertulias-jueves-186x186.jpg 186w\" sizes=\"auto, (max-width: 554px) 100vw, 554px\" \/><\/a><\/p>\n<p>&nbsp;<\/p>\n<p>Estimados amigos en la fotograf\u00eda, socios y no socios, expertos y principiantes en la imagen fotogr\u00e1fica, aprendices y maestros, pol\u00edticos y ciudadanos . . . ! Tienen cabida todas las personas que quieran echar un rato de caf\u00e9s y cervezas para hablar de fotograf\u00eda. Os esperamos el pr\u00f3ximo<span style=\"color: #ff9900;\"><strong> Jueves d\u00eda 3 de Octubre<\/strong><\/span>, sobre las<span style=\"color: #ff9900;\"><strong> 19:30<\/strong><\/span> en el <span style=\"color: #ff9900;\"><strong>Bar los Moz\u00e1rabes<\/strong><\/span>.<\/p>\n<p>Esta nueva temporada habr\u00e1 novedades en la tertulia con Juan Sande y el fot\u00f3grafo Juli\u00e1n P\u00e9rez nos acercar\u00e1 a su forma de ver la fotograf\u00eda. \u00a1No falt\u00e9is!<\/p>\n<p>&nbsp;<\/p>\n","protected":false},"excerpt":{"rendered":"<p>&nbsp; Estimados amigos en la fotograf\u00eda, socios y no socios, expertos y principiantes en la imagen fotogr\u00e1fica, aprendices y maestros, pol\u00edticos y ciudadanos . . . ! Tienen cabida todas las personas que quieran echar un rato de caf\u00e9s y cervezas para hablar de fotograf\u00eda. Os esperamos el pr\u00f3ximo Jueves d\u00eda 3 de Octubre, sobre las 19:30 en el Bar los Moz\u00e1rabes. Esta nueva temporada habr\u00e1 novedades en la tertulia<\/p>\n<div class=\"belowpost\"><a class=\"btnmore\" href=\"https:\/\/www.huelvaysusfotografos.com\/?p=2523\">Seguir leyendo<\/a><\/div>\n","protected":false},"author":6,"featured_media":0,"comment_status":"open","ping_status":"open","sticky":false,"template":"","format":"standard","meta":{"footnotes":"","_links_to":"","_links_to_target":""},"categories":[4,3,32],"tags":[],"class_list":["post-2523","post","type-post","status-publish","format-standard","hentry","category-actividades","category-noticias","category-tertulias"],"_links":{"self":[{"href":"https:\/\/www.huelvaysusfotografos.com\/index.php?rest_route=\/wp\/v2\/posts\/2523","targetHints":{"allow":["GET"]}}],"collection":[{"href":"https:\/\/www.huelvaysusfotografos.com\/index.php?rest_route=\/wp\/v2\/posts"}],"about":[{"href":"https:\/\/www.huelvaysusfotografos.com\/index.php?rest_route=\/wp\/v2\/types\/post"}],"author":[{"embeddable":true,"href":"https:\/\/www.huelvaysusfotografos.com\/index.php?rest_route=\/wp\/v2\/users\/6"}],"replies":[{"embeddable":true,"href":"https:\/\/www.huelvaysusfotografos.com\/index.php?rest_route=%2Fwp%2Fv2%2Fcomments&post=2523"}],"version-history":[{"count":10,"href":"https:\/\/www.huelvaysusfotografos.com\/index.php?rest_route=\/wp\/v2\/posts\/2523\/revisions"}],"predecessor-version":[{"id":2534,"href":"https:\/\/www.huelvaysusfotografos.com\/index.php?rest_route=\/wp\/v2\/posts\/2523\/revisions\/2534"}],"wp:attachment":[{"href":"https:\/\/www.huelvaysusfotografos.com\/index.php?rest_route=%2Fwp%2Fv2%2Fmedia&parent=2523"}],"wp:term":[{"taxonomy":"category","embeddable":true,"href":"https:\/\/www.huelvaysusfotografos.com\/index.php?rest_route=%2Fwp%2Fv2%2Fcategories&post=2523"},{"taxonomy":"post_tag","embeddable":true,"href":"https:\/\/www.huelvaysusfotografos.com\/index.php?rest_route=%2Fwp%2Fv2%2Ftags&post=2523"}],"curies":[{"name":"wp","href":"https:\/\/api.w.org\/{rel}","templated":true}]}}