{"id":2508,"date":"2013-09-17T12:00:00","date_gmt":"2013-09-17T11:00:00","guid":{"rendered":"http:\/\/www.huelvaysusfotografos.com\/?p=2508"},"modified":"2013-09-25T22:56:11","modified_gmt":"2013-09-25T21:56:11","slug":"proxima-exposicion-colectiva-en-la-sala-de-exposiciones-de-elena-s-balonga","status":"publish","type":"post","link":"https:\/\/www.huelvaysusfotografos.com\/?p=2508","title":{"rendered":"Pr\u00f3xima exposici\u00f3n colectiva en la sala de exposiciones de \u00abElena S. Balonga\u00bb."},"content":{"rendered":"<p><a href=\"https:\/\/www.huelvaysusfotografos.com\/wp-content\/uploads\/2013\/09\/cartel-expo-sala-Elena.jpg\"><img loading=\"lazy\" decoding=\"async\" class=\"aligncenter size-full wp-image-2513\" alt=\"\" src=\"https:\/\/www.huelvaysusfotografos.com\/wp-content\/uploads\/2013\/09\/cartel-expo-sala-Elena.jpg\" width=\"567\" height=\"756\" srcset=\"https:\/\/www.huelvaysusfotografos.com\/wp-content\/uploads\/2013\/09\/cartel-expo-sala-Elena.jpg 567w, https:\/\/www.huelvaysusfotografos.com\/wp-content\/uploads\/2013\/09\/cartel-expo-sala-Elena-225x300.jpg 225w\" sizes=\"auto, (max-width: 567px) 100vw, 567px\" \/><\/a><\/p>\n<p><!--more--><\/p>\n<p>SALA DE EXPOSICIONES DE \u201cELENA S BALONGA\u201d<br \/>\nASOCIACI\u00d3N HUELVA Y SUS FOT\u00d3GRAFOS<\/p>\n<p>Con el \u00fanico objetivo de promocionar y visualizar la cultura de la imagen a trav\u00e9s de la fotograf\u00eda, estas dos entidades unifican criterios para organizar la siguiente convocatoria de exposici\u00f3n, bajo el t\u00edtulo:<\/p>\n<p>UNA MIRADA DIFERENTE<\/p>\n<p>Chicas y chicos, estimadas y estimados &#8230;.. A partir de estos momentos se abre la convocatoria para que todos los miembros de esta AA, podamos participar en la primera edici\u00f3n de esta exposici\u00f3n, con solo una obra por cada uno de nosotros.<\/p>\n<p>La tem\u00e1tica de las obras a presentar girar\u00e1 en torno al t\u00edtulo &#8230;&#8230;<\/p>\n<p>\u00abUn c\u00e1lido susurro al o\u00eddo\u00bb.<\/p>\n<p>Breve comentario:<\/p>\n<p>Se trata de transformar en im\u00e1genes las sensaciones, vivencias, acontecimientos, excentricidades, etc &#8230;. que nos puede provocar una palabra en el o\u00eddo a modo de susurro. Cada autor deber\u00e1 de encontrar una vivencia concreta, sea personal o no, con estas manifestaciones sensoriales y reflejarla en una fotograf\u00eda. Cualquier experiencia vivida es valida, sean personales o no. Para indicar alg\u00fan ejemplo, lo primero que se me viene a la cabeza son palabras de cari\u00f1o y de amor, de una madre a su hijo o de dos personas locamente enamorados &#8230;.. cuando te susurran al o\u00eddo \u00bb te quiero mucho mi amor \u00ab, cual es la sensaci\u00f3n que nos provoca &#8230;.? y esa sensaci\u00f3n como se traduce en una imagen, seguramente ser\u00e1 la de tu compa\u00f1ero o compa\u00f1era con un rostro relajado y afable, sin tensiones con una mirada dulce (o con los ojos cerrados) donde la imagen transmita serenidad y quietud. Se trata de fotografiar m\u00e1s halla de lo que vemos, es fotografiar una sensaci\u00f3n o un sentimiento.<\/p>\n<p>La exposici\u00f3n de los trabajos se podr\u00e1 ver desde el  27 de Septiembre al 23 de Octubre. La inauguraci\u00f3n de la exposici\u00f3n ser\u00e1 el mismo d\u00eda 27 de Septiembre a las 20 h. Contando con la presencia del Sr. Presidente de esta AA y la Directora de la sala.<\/p>\n<p>Desde esta vocal\u00eda y como representante de la Asociaci\u00f3n, animo a todos sus miembros, a la participaci\u00f3n en esta primera edici\u00f3n, desde lo positivo de encontrarnos entre colegas y desde lo contempor\u00e1neo al diversificar y participar con distintos criterios visuales en una aci\u00f3n com\u00fan como es la de mostrar UNA MIRADA DIFERENTE.<\/p>\n<p>Un fuerte saludo a todas y todos, os espero en la exposici\u00f3n.<br \/>\nJuan Sande<\/p>\n","protected":false},"excerpt":{"rendered":"","protected":false},"author":6,"featured_media":0,"comment_status":"open","ping_status":"open","sticky":false,"template":"","format":"standard","meta":{"footnotes":"","_links_to":"","_links_to_target":""},"categories":[4,23,3],"tags":[],"class_list":["post-2508","post","type-post","status-publish","format-standard","hentry","category-actividades","category-exposiciones","category-noticias"],"_links":{"self":[{"href":"https:\/\/www.huelvaysusfotografos.com\/index.php?rest_route=\/wp\/v2\/posts\/2508","targetHints":{"allow":["GET"]}}],"collection":[{"href":"https:\/\/www.huelvaysusfotografos.com\/index.php?rest_route=\/wp\/v2\/posts"}],"about":[{"href":"https:\/\/www.huelvaysusfotografos.com\/index.php?rest_route=\/wp\/v2\/types\/post"}],"author":[{"embeddable":true,"href":"https:\/\/www.huelvaysusfotografos.com\/index.php?rest_route=\/wp\/v2\/users\/6"}],"replies":[{"embeddable":true,"href":"https:\/\/www.huelvaysusfotografos.com\/index.php?rest_route=%2Fwp%2Fv2%2Fcomments&post=2508"}],"version-history":[{"count":10,"href":"https:\/\/www.huelvaysusfotografos.com\/index.php?rest_route=\/wp\/v2\/posts\/2508\/revisions"}],"predecessor-version":[{"id":2517,"href":"https:\/\/www.huelvaysusfotografos.com\/index.php?rest_route=\/wp\/v2\/posts\/2508\/revisions\/2517"}],"wp:attachment":[{"href":"https:\/\/www.huelvaysusfotografos.com\/index.php?rest_route=%2Fwp%2Fv2%2Fmedia&parent=2508"}],"wp:term":[{"taxonomy":"category","embeddable":true,"href":"https:\/\/www.huelvaysusfotografos.com\/index.php?rest_route=%2Fwp%2Fv2%2Fcategories&post=2508"},{"taxonomy":"post_tag","embeddable":true,"href":"https:\/\/www.huelvaysusfotografos.com\/index.php?rest_route=%2Fwp%2Fv2%2Ftags&post=2508"}],"curies":[{"name":"wp","href":"https:\/\/api.w.org\/{rel}","templated":true}]}}