{"id":2479,"date":"2013-09-23T16:30:21","date_gmt":"2013-09-23T15:30:21","guid":{"rendered":"http:\/\/www.huelvaysusfotografos.com\/?p=2479"},"modified":"2013-09-25T22:57:46","modified_gmt":"2013-09-25T21:57:46","slug":"robert-capa-la-sombra-del-iceberg-documental","status":"publish","type":"post","link":"https:\/\/www.huelvaysusfotografos.com\/?p=2479","title":{"rendered":"Robert Capa. La sombra del iceberg.(Documental)"},"content":{"rendered":"<p>En esta ocasi\u00f3n os dejo un documental muy interesante sobre Robert Capa. El documental gira en torno a una de las fotograf\u00edas m\u00e1s famosas de Capa y que se convirti\u00f3 en uno de los iconos del siglo XX. El Miliciano Muerto. Actualmente, algunos siguen dudando sobre la autenticidad de dicha imagen.<\/p>\n<p><object width=\"580\" height=\"435\"><param name=\"movie\" value=\"\/\/www.youtube-nocookie.com\/v\/-6H1AB57gyU?version=3&amp;hl=es_ES\"><\/param><param name=\"allowFullScreen\" value=\"true\"><\/param><param name=\"allowscriptaccess\" value=\"always\"><\/param><embed src=\"\/\/www.youtube-nocookie.com\/v\/-6H1AB57gyU?version=3&amp;hl=es_ES\" type=\"application\/x-shockwave-flash\" width=\"580\" height=\"435\" allowscriptaccess=\"always\" allowfullscreen=\"true\"><\/embed><\/object><\/p>\n<p>&nbsp;<\/p>\n<p>Fuente: <a href=\"http:\/\/www.youtube.com\/\">http:\/\/www.youtube.com<\/a><\/p>\n","protected":false},"excerpt":{"rendered":"<p>En esta ocasi\u00f3n os dejo un documental muy interesante sobre Robert Capa. El documental gira en torno a una de las fotograf\u00edas m\u00e1s famosas de Capa y que se convirti\u00f3 en uno de los iconos del siglo XX. El Miliciano Muerto. Actualmente, algunos siguen dudando sobre la autenticidad de dicha imagen. &nbsp; Fuente: http:\/\/www.youtube.com<\/p>\n","protected":false},"author":6,"featured_media":0,"comment_status":"open","ping_status":"open","sticky":false,"template":"","format":"standard","meta":{"footnotes":"","_links_to":"","_links_to_target":""},"categories":[54,3],"tags":[],"class_list":["post-2479","post","type-post","status-publish","format-standard","hentry","category-historia","category-noticias"],"_links":{"self":[{"href":"https:\/\/www.huelvaysusfotografos.com\/index.php?rest_route=\/wp\/v2\/posts\/2479","targetHints":{"allow":["GET"]}}],"collection":[{"href":"https:\/\/www.huelvaysusfotografos.com\/index.php?rest_route=\/wp\/v2\/posts"}],"about":[{"href":"https:\/\/www.huelvaysusfotografos.com\/index.php?rest_route=\/wp\/v2\/types\/post"}],"author":[{"embeddable":true,"href":"https:\/\/www.huelvaysusfotografos.com\/index.php?rest_route=\/wp\/v2\/users\/6"}],"replies":[{"embeddable":true,"href":"https:\/\/www.huelvaysusfotografos.com\/index.php?rest_route=%2Fwp%2Fv2%2Fcomments&post=2479"}],"version-history":[{"count":28,"href":"https:\/\/www.huelvaysusfotografos.com\/index.php?rest_route=\/wp\/v2\/posts\/2479\/revisions"}],"predecessor-version":[{"id":2521,"href":"https:\/\/www.huelvaysusfotografos.com\/index.php?rest_route=\/wp\/v2\/posts\/2479\/revisions\/2521"}],"wp:attachment":[{"href":"https:\/\/www.huelvaysusfotografos.com\/index.php?rest_route=%2Fwp%2Fv2%2Fmedia&parent=2479"}],"wp:term":[{"taxonomy":"category","embeddable":true,"href":"https:\/\/www.huelvaysusfotografos.com\/index.php?rest_route=%2Fwp%2Fv2%2Fcategories&post=2479"},{"taxonomy":"post_tag","embeddable":true,"href":"https:\/\/www.huelvaysusfotografos.com\/index.php?rest_route=%2Fwp%2Fv2%2Ftags&post=2479"}],"curies":[{"name":"wp","href":"https:\/\/api.w.org\/{rel}","templated":true}]}}