{"id":2338,"date":"2013-08-07T16:51:57","date_gmt":"2013-08-07T15:51:57","guid":{"rendered":"http:\/\/www.huelvaysusfotografos.com\/?p=2338"},"modified":"2013-08-07T16:51:57","modified_gmt":"2013-08-07T15:51:57","slug":"proxima-exposicion-en-punta-umbria","status":"publish","type":"post","link":"https:\/\/www.huelvaysusfotografos.com\/?p=2338","title":{"rendered":"Pr\u00f3xima exposici\u00f3n en Punta Umbr\u00eda"},"content":{"rendered":"<p>Estimadas\/os colegas y socios &#8230;.<\/p>\n<p>Os quiero hacer participes del pr\u00f3ximo acontecimiento expositivo que esta AA organiza en fecha y lugar indicado &#8230;<br \/>\nNUEVA Exposici\u00f3n \u00abHuelva en la Retina\u00bb<\/p>\n<p>La asociaci\u00f3n fotogr\u00e1fica \u00abHuelva y sus Fot\u00f3grafos\u00bb junto con el Ayuntamiento de PUNTA UMBR\u00cdA, convocan a los fot\u00f3grafos de esta asociaci\u00f3n que participaron en la exposici\u00f3n del mismo t\u00edtulo y que se materializ\u00f3 en la sala de exposiciones Puerta del Atl\u00e1ntico y Casa Col\u00f3n, a que vuelvan a presentar las mismas im\u00e1genes para una nueva exhibici\u00f3n de \u00e9stas, en lugar y forma siguiente:<\/p>\n<p>Nombre de la Exposici\u00f3n: Huelva en la Retina.<br \/>\nFecha: Del 23 de Agosto al 5 de Septiembre del 2013.<br \/>\nLugar: Sala Teatro del Mar. Centro Cultural. Punta Umbr\u00eda.<\/p>\n<p style=\"text-align: center;\">\n<a href=\"https:\/\/www.huelvaysusfotografos.com\/wp-content\/uploads\/2013\/08\/cartel-expo-punta.jpg\"><img loading=\"lazy\" decoding=\"async\" class=\"aligncenter\" title=\"Pr\u00f3xima Exposici\u00f3n en Punta Umbr\u00eda\" alt=\"\" src=\"https:\/\/www.huelvaysusfotografos.com\/wp-content\/uploads\/2013\/08\/cartel-expo-punta.jpg\" width=\"443\" height=\"622\" \/><\/a><\/p>\n<p><!--more--><br \/>\nAtendiendo al espacio generoso de la sala, se hace una invitaci\u00f3n generalizada a todos los socios, tanto los que tienen la obra en dep\u00f3sito como a los que no han participado en las ediciones anteriores, a que presenten nuevas obras, con el objeto de poder cubrir los mamparos disponibles.<\/p>\n<p>La participaci\u00f3n en esta exposici\u00f3n conlleva la aceptaci\u00f3n de las siguientes normas de organizaci\u00f3n:<\/p>\n<p>&#8211; El tema para desarrollar es Huelva y su Provincia, Im\u00e1genes que identifiquen claramente la realidad paisajista, monumental, costumbres y valores tradicionales o contempor\u00e1neos, documentales y cotidianas.<br \/>\n-Todo aquel que quiera presentar una nueva obra, tendr\u00e1 que enviarla al correo de la asociaci\u00f3n \u201chuelvaysf@gmail.com\u201d, para su aprobaci\u00f3n. Despu\u00e9s de este peque\u00f1o tr\u00e1mite, podr\u00e1 materializar su ampliaci\u00f3n con un tama\u00f1o de 75&#215;50 cm a 254 ppp, pegada en cart\u00f3n pluma, (El estudio \u201cMas que Fotos\u201d ha realizado la mayor\u00eda de las ampliaciones).<br \/>\n-La fecha para la entrega de las obras se establece entre los d\u00edas del 6 al 19 de Agosto, ambos inclusive, en horario de 9 a 11 h. y de 16 a 18 h, en el Centro Puerta del Atl\u00e1ntico (recepci\u00f3n). No admitiendo ninguna obra fuera de estas fechas.<\/p>\n<p>&#8211; Se adjuntar\u00e1 a cada imagen, en su parte posterior, un documento en sobre cerrado donde se indique: nombre del autor, nombre de la obra y lugar\/fecha donde se ha realizado la toma.<\/p>\n<p>&#8211; Las obras vendr\u00e1n perfectamente embaladas y protegidas. La organizaci\u00f3n no se hace cargo de posibles desperfectos que se pudieran producir en la manipulaci\u00f3n de \u00e9stas.<\/p>\n<p>&#8211; El montaje de las im\u00e1genes se realizar\u00e1 el Jueves 22 de Agosto, bajo la direcci\u00f3n del responsable de exposiciones de esta AA, pudiendo participar todos los que entreguen una obra.<\/p>\n<p>&#8211; La inauguraci\u00f3n de la exposici\u00f3n ser\u00e1 el Viernes 23 a las 20 horas, con la participaci\u00f3n del Ayuntamiento de Punta Umbria, el Presidente de Huelva y sus Fot\u00f3grafos y todos los fot\u00f3grafos expositores, colegas y amigos. Se ofrecer\u00e1 una copa de vino del Condado.<a href=\"https:\/\/www.huelvaysusfotografos.com\/wp-content\/uploads\/2013\/08\/cartel-expo-punta.jpg\"><br \/>\n<\/a><\/p>\n<p>&nbsp;<\/p>\n<p>&nbsp;<\/p>\n","protected":false},"excerpt":{"rendered":"<p>Estimadas\/os colegas y socios &#8230;. Os quiero hacer participes del pr\u00f3ximo acontecimiento expositivo que esta AA organiza en fecha y lugar indicado &#8230; NUEVA Exposici\u00f3n \u00abHuelva en la Retina\u00bb La asociaci\u00f3n fotogr\u00e1fica \u00abHuelva y sus Fot\u00f3grafos\u00bb junto con el Ayuntamiento de PUNTA UMBR\u00cdA, convocan a los fot\u00f3grafos de esta asociaci\u00f3n que participaron en la exposici\u00f3n del mismo t\u00edtulo y que se materializ\u00f3 en la sala de exposiciones Puerta del Atl\u00e1ntico<\/p>\n<div class=\"belowpost\"><a class=\"btnmore\" href=\"https:\/\/www.huelvaysusfotografos.com\/?p=2338\">Seguir leyendo<\/a><\/div>\n","protected":false},"author":6,"featured_media":0,"comment_status":"open","ping_status":"open","sticky":false,"template":"","format":"standard","meta":{"footnotes":"","_links_to":"","_links_to_target":""},"categories":[4,23,3],"tags":[],"class_list":["post-2338","post","type-post","status-publish","format-standard","hentry","category-actividades","category-exposiciones","category-noticias"],"_links":{"self":[{"href":"https:\/\/www.huelvaysusfotografos.com\/index.php?rest_route=\/wp\/v2\/posts\/2338","targetHints":{"allow":["GET"]}}],"collection":[{"href":"https:\/\/www.huelvaysusfotografos.com\/index.php?rest_route=\/wp\/v2\/posts"}],"about":[{"href":"https:\/\/www.huelvaysusfotografos.com\/index.php?rest_route=\/wp\/v2\/types\/post"}],"author":[{"embeddable":true,"href":"https:\/\/www.huelvaysusfotografos.com\/index.php?rest_route=\/wp\/v2\/users\/6"}],"replies":[{"embeddable":true,"href":"https:\/\/www.huelvaysusfotografos.com\/index.php?rest_route=%2Fwp%2Fv2%2Fcomments&post=2338"}],"version-history":[{"count":8,"href":"https:\/\/www.huelvaysusfotografos.com\/index.php?rest_route=\/wp\/v2\/posts\/2338\/revisions"}],"predecessor-version":[{"id":2347,"href":"https:\/\/www.huelvaysusfotografos.com\/index.php?rest_route=\/wp\/v2\/posts\/2338\/revisions\/2347"}],"wp:attachment":[{"href":"https:\/\/www.huelvaysusfotografos.com\/index.php?rest_route=%2Fwp%2Fv2%2Fmedia&parent=2338"}],"wp:term":[{"taxonomy":"category","embeddable":true,"href":"https:\/\/www.huelvaysusfotografos.com\/index.php?rest_route=%2Fwp%2Fv2%2Fcategories&post=2338"},{"taxonomy":"post_tag","embeddable":true,"href":"https:\/\/www.huelvaysusfotografos.com\/index.php?rest_route=%2Fwp%2Fv2%2Ftags&post=2338"}],"curies":[{"name":"wp","href":"https:\/\/api.w.org\/{rel}","templated":true}]}}