{"id":2333,"date":"2013-08-02T12:16:15","date_gmt":"2013-08-02T11:16:15","guid":{"rendered":"http:\/\/www.huelvaysusfotografos.com\/?p=2333"},"modified":"2013-09-16T12:06:49","modified_gmt":"2013-09-16T11:06:49","slug":"foto-grupo-encuentro-jose-benito-ruiz","status":"publish","type":"post","link":"https:\/\/www.huelvaysusfotografos.com\/?p=2333","title":{"rendered":"Foto grupo encuentro Jos\u00e9 Benito Ruiz."},"content":{"rendered":"<p>El pasado d\u00eda 26 de Julio tuvimos el gran honor de compartir una jornada de 10 horas intensas dedicadas a la composici\u00f3n en fotograf\u00eda con uno de los mejores fot\u00f3grafos nacionales e internacionales, Jos\u00e9 Benito Ruiz.<\/p>\n<p>Fue una jornada memorable e intensa, \u00a0llena de contenido y que nos supo a poco. \u00a0Todo un lujo haber compartido este encuentro con este gran fot\u00f3grafo y mejor persona.<\/p>\n<p>Desde la Asociaci\u00f3n Huelva y sus Fot\u00f3grafos dar las gracias a todos los asistente y deciros que nos vemos en la pr\u00f3xima.<\/p>\n<p>Un saludo.<\/p>\n<p>&nbsp;<\/p>\n<p><img loading=\"lazy\" decoding=\"async\" class=\"aligncenter\" alt=\"\" src=\"https:\/\/www.huelvaysusfotografos.com\/wp-content\/uploads\/2013\/08\/fotogrupo-jose-benito.jpg\" width=\"500\" height=\"332\" \/><\/p>\n","protected":false},"excerpt":{"rendered":"<p>El pasado d\u00eda 26 de Julio tuvimos el gran honor de compartir una jornada de 10 horas intensas dedicadas a la composici\u00f3n en fotograf\u00eda con uno de los mejores fot\u00f3grafos nacionales e internacionales, Jos\u00e9 Benito Ruiz. Fue una jornada memorable e intensa, \u00a0llena de contenido y que nos supo a poco. \u00a0Todo un lujo haber compartido este encuentro con este gran fot\u00f3grafo y mejor persona. Desde la Asociaci\u00f3n Huelva y<\/p>\n<div class=\"belowpost\"><a class=\"btnmore\" href=\"https:\/\/www.huelvaysusfotografos.com\/?p=2333\">Seguir leyendo<\/a><\/div>\n","protected":false},"author":6,"featured_media":0,"comment_status":"open","ping_status":"open","sticky":false,"template":"","format":"standard","meta":{"footnotes":"","_links_to":"","_links_to_target":""},"categories":[4,7],"tags":[],"class_list":["post-2333","post","type-post","status-publish","format-standard","hentry","category-actividades","category-talleres"],"_links":{"self":[{"href":"https:\/\/www.huelvaysusfotografos.com\/index.php?rest_route=\/wp\/v2\/posts\/2333","targetHints":{"allow":["GET"]}}],"collection":[{"href":"https:\/\/www.huelvaysusfotografos.com\/index.php?rest_route=\/wp\/v2\/posts"}],"about":[{"href":"https:\/\/www.huelvaysusfotografos.com\/index.php?rest_route=\/wp\/v2\/types\/post"}],"author":[{"embeddable":true,"href":"https:\/\/www.huelvaysusfotografos.com\/index.php?rest_route=\/wp\/v2\/users\/6"}],"replies":[{"embeddable":true,"href":"https:\/\/www.huelvaysusfotografos.com\/index.php?rest_route=%2Fwp%2Fv2%2Fcomments&post=2333"}],"version-history":[{"count":4,"href":"https:\/\/www.huelvaysusfotografos.com\/index.php?rest_route=\/wp\/v2\/posts\/2333\/revisions"}],"predecessor-version":[{"id":2410,"href":"https:\/\/www.huelvaysusfotografos.com\/index.php?rest_route=\/wp\/v2\/posts\/2333\/revisions\/2410"}],"wp:attachment":[{"href":"https:\/\/www.huelvaysusfotografos.com\/index.php?rest_route=%2Fwp%2Fv2%2Fmedia&parent=2333"}],"wp:term":[{"taxonomy":"category","embeddable":true,"href":"https:\/\/www.huelvaysusfotografos.com\/index.php?rest_route=%2Fwp%2Fv2%2Fcategories&post=2333"},{"taxonomy":"post_tag","embeddable":true,"href":"https:\/\/www.huelvaysusfotografos.com\/index.php?rest_route=%2Fwp%2Fv2%2Ftags&post=2333"}],"curies":[{"name":"wp","href":"https:\/\/api.w.org\/{rel}","templated":true}]}}