{"id":2302,"date":"2013-07-16T13:52:46","date_gmt":"2013-07-16T12:52:46","guid":{"rendered":"http:\/\/www.huelvaysusfotografos.com\/?p=2302"},"modified":"2013-07-16T15:36:05","modified_gmt":"2013-07-16T14:36:05","slug":"la-increible-historia-de-miroslav-tichy-artista-fotografo-y-vagabundo","status":"publish","type":"post","link":"https:\/\/www.huelvaysusfotografos.com\/?p=2302","title":{"rendered":"La incre\u00edble historia de Miroslav Tich\u00fd: artista, fot\u00f3grafo y vagabundo."},"content":{"rendered":"<p style=\"text-align: center;\"><a href=\"https:\/\/www.huelvaysusfotografos.com\/wp-content\/uploads\/2013\/07\/miroslav__.jpg\"><img loading=\"lazy\" decoding=\"async\" class=\"aligncenter\" alt=\"\" src=\"https:\/\/www.huelvaysusfotografos.com\/wp-content\/uploads\/2013\/07\/miroslav__.jpg\" width=\"600\" height=\"401\" \/><\/a><\/p>\n<p><strong>La historia de Miroslav Tich\u00fd parece de ciencia-ficci\u00f3n pero es real.\u00a0<\/strong>Era considerado<b>\u00a0<\/b>por los habitantes de Kyjov, un pueblo en la Rep\u00fablica Checa, el t\u00edpico vagabundo loco e inofensivo, que se paseaba con una<strong>\u00a0c\u00e1mara hecha con desechos:\u00a0<\/strong>latas de conservas, cart\u00f3n, tubos de papel higi\u00e9nico, brea. \u00a0Pero luego, aquellas im\u00e1genes capturadas con semejantes c\u00e1maras terminaron expuestas en museos y galer\u00edas de arte de Berl\u00edn, Z\u00farich y Nueva York, y alcanzaron cotizaciones de \u00a0entre 4.000 y 8.000 euros. \u00a0La historia se torna m\u00e1s sorprendente si a esto le agregamos\u00a0que la conversi\u00f3n a \u201cloco del pueblo\u201d, se debi\u00f3 a la decisi\u00f3n de aislarse de la represora sociedad comunista en el poder en aquel entonces en su pa\u00eds, y que pag\u00f3 por ello con una quincena de a\u00f1os de internaciones en c\u00e1rceles y hospitales psiqui\u00e1tricos. Sumado a que, luego del \u00e9xito, continu\u00f3 viviendo como ermita\u00f1o.\u00a0Esta es la historia de un hombre considerado un loco sin techo por la gente de su pueblo de origen. Cuando en realidad, era un hombre quiz\u00e1 menos loco que la sociedad que le rodeaba.<br \/>\n<!--more--><br \/>\nNacido en 1926, Tich\u00fd se podr\u00eda haber convertido en uno de los principales pintores del estilo modernista del r\u00e9gimen comunista. Su pasi\u00f3n era la pintura y hab\u00eda sido aceptado en la Academia de Bellas Artes de Praga. Pero tras la llegada al poder de los comunistas en 1948, cambia el rumbo de la vida de Tich\u00fd que fue r\u00e1pidamente identificado como un rebelde por el r\u00e9gimen opresivo y comenzaron los intentos de \u201cnormalizarlo\u201d, con todo lo que ello implicaba.<\/p>\n<p>Despu\u00e9s de su servicio militar obligatorio, Tich\u00fd se hizo m\u00e1s exc\u00e9ntrico. Dej\u00f3 de preocuparse de c\u00f3mo se ve\u00eda, vistiendo como un vagabundo, posiblemente expresando su rebeli\u00f3n a trav\u00e9s de su apariencia personal. \u00a0Aunque la \u00fanica ambici\u00f3n del joven era mantener su libertad, muy pronto su actitud fue interpretada como una forma de disidencia por las autoridades comunistas, que empezaron a controlarle, a impedirle ejercer la pintura y a acosarle hasta encerrarle en c\u00e1rceles y hospitales psiqui\u00e1tricos.<\/p>\n<p>Una vez libre, en la d\u00e9cada del 60, Tich\u00fd se instal\u00f3 en una humilde vivienda en su pueblo natal, Kyjov. Fue en esta \u00e9poca que se \u201cretira de la sociedad\u201d, abandona la pintura y comienza a hacer sus c\u00e1maras voluntariamente imperfectas e inicia un camino de experimentaci\u00f3n con la fotograf\u00eda.<\/p>\n<p style=\"text-align: center;\"><a href=\"https:\/\/www.huelvaysusfotografos.com\/wp-content\/uploads\/2013\/07\/camara-miroslav.jpg\"><img loading=\"lazy\" decoding=\"async\" class=\"aligncenter\" alt=\"\" src=\"https:\/\/www.huelvaysusfotografos.com\/wp-content\/uploads\/2013\/07\/camara-miroslav.jpg\" width=\"600\" height=\"401\" \/><\/a><\/p>\n<p>As\u00ed empez\u00f3 el incre\u00edble recorrido de un hombre decidido no s\u00f3lo a no depender de una sociedad represora, sino tambi\u00e9n a buscar y atrapar la belleza a trav\u00e9s de la fotograf\u00eda. Los sujetos preferidos de Tich\u00fd eran las mujeres, la mayor\u00eda de los cuales eran completamente conscientes de que estaban siendo fotografiadas. Algunas simplemente no se daban cuenta de que su c\u00e1mara hecha de latas era real y sonre\u00edan simplemente para ser amables con el pobre hombre de barba y ropas harapientas que era el loco local con su c\u00e1mara de juguete. El resultado de las im\u00e1genes es un sorprendente y conmovedor monumento a la elegancia y sensualidad femeninas.<\/p>\n<p>Desde mitad de la d\u00e9cada de los\u00a0sesenta hasta la de los noventa, todos los d\u00edas Miroslav Tich\u00fd se levantaba temprano y deambulaba por las calles de Kyjov, observaba a las mujeres y realizaba alrededor de \u00a0100 instant\u00e1neas diarias. Con c\u00e1maras nacidas de la basura y de su ingenio Tich\u00fd caz\u00f3 durante tres d\u00e9cadas la belleza m\u00e1s profunda de las mujeres del pueblo: en la vida cotidiana, en el mercado, en las paradas de los autobuses, en la pileta del club comunal. En un momento a Tich\u00fd le prohibieron acercarse al natatorio por lo que se construyo teleobjetivos con tubos de cart\u00f3n para poder hacer fotos clandestinas desde la distancia, que es la raz\u00f3n por la que en varias de sus fotos se ve una valla de alambre.<\/p>\n<p>Cuando llegaba la noche volv\u00eda a su casa y realizaba ampliaciones de las mejores fotograf\u00edas con instrumentos tambi\u00e9n fabricados con desechos.<\/p>\n<p>Tich\u00fd viv\u00eda de una peque\u00f1a pensi\u00f3n de invalidez, y hac\u00eda fotograf\u00edas para su propia diversi\u00f3n, sin prestar atenci\u00f3n a las normas de la \u00e9poca. Tambi\u00e9n fabricaba marcos artesanales y los pintaba sobre las fotos. Cuando su trabajo fue finalmente descubierto, la mayor\u00eda de las fotos estaban da\u00f1adas por haber sido expuestas a las duras condiciones de ser almacenados de manera incorrecta en la miseria de su estudio.<\/p>\n<p>En 1981, Roman Buxbaum, vecino y amigo de Tich\u00fd de la infancia encontr\u00f3 esparcidas impresiones sobre el suelo y comenz\u00f3 a reunirlas a lo largo de los a\u00f1os. Fue durante un largo tiempo, la \u00fanica persona que tuvo acceso a las bellas im\u00e1genes captadas por el artista.<\/p>\n<p><a href=\"https:\/\/www.huelvaysusfotografos.com\/wp-content\/uploads\/2013\/07\/Miroslav-10.jpg\"><img loading=\"lazy\" decoding=\"async\" class=\"alignleft\" alt=\"\" src=\"https:\/\/www.huelvaysusfotografos.com\/wp-content\/uploads\/2013\/07\/Miroslav-10.jpg\" width=\"600\" height=\"401\" \/><\/a><\/p>\n<p>\u201cSu obra me provoc\u00f3 desde el principio emociones fuertes y contradictorias. Yo sab\u00eda que all\u00ed hab\u00eda un tesoro del que nadie conoc\u00eda siquiera su existencia. Durante muchos a\u00f1os estuve pregunt\u00e1ndome si era justo o no intentar sacarlo a la luz. Tich\u00fd hizo aquellas fotos para s\u00ed mismo, sin ninguna intenci\u00f3n de publicarlas. Pero, a pesar de que no estuviera interesado, yo sent\u00eda un fuerte impulso: que la gente pudiera disfrutar de su obra. Y tambi\u00e9n que Tich\u00fd fuera reconocido p\u00fablicamente como artista antes de morir. La gente del pueblo se rio de \u00e9l durante d\u00e9cadas. Ahora no entienden muy bien c\u00f3mo es posible que la obra de ese loco est\u00e9 colgada en grandes museos ni comprenden qu\u00e9 es lo que tienen de especial sus fotograf\u00edas, pero han tenido que asumir que es un artista. Espero que eso garantice a Tich\u00fd algo de respeto en los \u00faltimos a\u00f1os de su vida\u201d, dijo en una oportunidad Buxbaum<\/p>\n<p>Consciente del valor de la obra del artista, Buxbaum empez\u00f3 a recolectar y guardar sus fotos. Tich\u00fd no le daba mucha importancia a su trabajo fotogr\u00e1fico, debido a que se consideraba ante todo un pintor. Por eso descuidaba, perd\u00eda o romp\u00eda su material.<\/p>\n<p>Un d\u00eda decidi\u00f3\u00a0 llevarse parte del material a Z\u00farich para ense\u00f1arlo a los due\u00f1os de una galer\u00eda. Y desde all\u00ed empez\u00f3 a circular por el mundo. Pas\u00f3 por la Bienal de Sevilla de 2004, por la Nolan \/ Eckman Gallery de Nueva York, por la Kunsthaus de Z\u00farich y por la galer\u00eda Arndt de Berl\u00edn, entre otras. Algunas de sus fotos alcanzaron una cotizaci\u00f3n de entre 4.000 y 8.000 euros en el mercado. Y un documental sobre su vida y obra,\u00a0<em>Tarzan in pension<\/em>, que el propio Buxbaum dirigi\u00f3 y cuyo t\u00edtulo est\u00e1 tomado de la respuesta que Tich\u00fd daba a la gente de Kyjov cuando le preguntaba si era un pintor, un fot\u00f3grafo o un fil\u00f3sofo. \u201c\u00a1Soy un Tarz\u00e1n retirado!\u201d, contestaba.<\/p>\n<p>\u201cDescubr\u00ed sus fotograf\u00edas en la galer\u00eda de Z\u00farich a la que las hab\u00eda llevado Buxbaum. Me qued\u00e9 fascinado al instante. Al principio pens\u00e9 que se trataba de la obra de un joven que reelaboraba viejo material fotogr\u00e1fico, porque Tich\u00fd no se limitaba a hacer fotos, sino que en muchos casos fabricaba tambi\u00e9n marcos que yo cre\u00eda sobrepuestos posteriormente. Luego me contaron su incre\u00edble historia. Contact\u00e9 con Buxbaum, fuimos a Kyjov. All\u00ed pude conocer al autor y profundizar en su trabajo. Se trata de una obra con un tema \u00fanico, obsesivo: cuerpos femeninos. La belleza de las mujeres de Tich\u00fd es sorprendente. La mayor\u00eda no son guapas, y, sin embargo, \u00e9l sabe capturar su belleza\u201d, dijo Tobia Bezzola, curador de la exposici\u00f3n en la Kunsthaus.<\/p>\n<p><a href=\"https:\/\/www.huelvaysusfotografos.com\/wp-content\/uploads\/2013\/07\/miroslav-5.jpg\"><img loading=\"lazy\" decoding=\"async\" alt=\"\" src=\"https:\/\/www.huelvaysusfotografos.com\/wp-content\/uploads\/2013\/07\/miroslav-5.jpg\" width=\"246\" height=\"307\" \/><\/a><a href=\"https:\/\/www.huelvaysusfotografos.com\/wp-content\/uploads\/2013\/07\/miroslav-13.jpg\"><img loading=\"lazy\" decoding=\"async\" class=\"alignnone\" style=\"margin-left: 30px; margin-right: 30px;\" alt=\"\" src=\"https:\/\/www.huelvaysusfotografos.com\/wp-content\/uploads\/2013\/07\/miroslav-13.jpg\" width=\"246\" height=\"307\" \/><\/a><\/p>\n<p>Desde su descubrimiento, Tich\u00fd nunca asisti\u00f3 a una exposici\u00f3n, nunca acept\u00f3 el dinero recaudado con las ventas de sus fotos, continu\u00f3 viviendo en la misma casa y siendo un outsider el resto de su vida. Muri\u00f3 en el mismo pueblo donde naci\u00f3 en el a\u00f1o 2011 a la edad de 85.\u00a0<em>\u201cPrimero de todo, tienes que tener una mala c\u00e1mara\u201d, y \u201csi quieres ser famoso, es necesario hacer algo m\u00e1s mal que nadie en el mundo entero\u201d,\u00a0<\/em>dijo Tich\u00fd una vez.<\/p>\n<p><a href=\"https:\/\/www.huelvaysusfotografos.com\/wp-content\/uploads\/2013\/07\/miroslas___.jpg\"><img loading=\"lazy\" decoding=\"async\" alt=\"\" src=\"https:\/\/www.huelvaysusfotografos.com\/wp-content\/uploads\/2013\/07\/miroslas___.jpg\" width=\"600\" height=\"401\" \/><\/a><\/p>\n<p>P\u00e1gina de Tich\u00fd:\u00a0<a href=\"http:\/\/www.tichyfotograf.cz\/en\/miroslavtichy-home.html\">http:\/\/www.tichyfotograf.cz\/en\/miroslavtichy-home.html<\/a><\/p>\n<p>Fuente:\u00a0<a href=\"http:\/\/fotocastalla.wordpress.com\/2013\/07\/11\/la-increible-historia-de-miroslav-tichy-artista-fotografo-y-vagabundo\/\">http:\/\/fotocastalla.wordpress.com\/2013\/07\/11\/la-increible-historia-de-miroslav-tichy-artista-fotografo-y-vagabundo\/<\/a><\/p>\n<p>Fuente:\u00a0http:\/\/www.messynessychic.com\/2013\/06\/06\/the-reclusive-peeping-tom-photographer-and-his-cardboard-camera\/<\/p>\n","protected":false},"excerpt":{"rendered":"<p>La historia de Miroslav Tich\u00fd parece de ciencia-ficci\u00f3n pero es real.\u00a0Era considerado\u00a0por los habitantes de Kyjov, un pueblo en la Rep\u00fablica Checa, el t\u00edpico vagabundo loco e inofensivo, que se paseaba con una\u00a0c\u00e1mara hecha con desechos:\u00a0latas de conservas, cart\u00f3n, tubos de papel higi\u00e9nico, brea. \u00a0Pero luego, aquellas im\u00e1genes capturadas con semejantes c\u00e1maras terminaron expuestas en museos y galer\u00edas de arte de Berl\u00edn, Z\u00farich y Nueva York, y alcanzaron cotizaciones de<\/p>\n<div class=\"belowpost\"><a class=\"btnmore\" href=\"https:\/\/www.huelvaysusfotografos.com\/?p=2302\">Seguir leyendo<\/a><\/div>\n","protected":false},"author":6,"featured_media":0,"comment_status":"open","ping_status":"open","sticky":false,"template":"","format":"standard","meta":{"footnotes":"","_links_to":"","_links_to_target":""},"categories":[15,3],"tags":[],"class_list":["post-2302","post","type-post","status-publish","format-standard","hentry","category-fotografos","category-noticias"],"_links":{"self":[{"href":"https:\/\/www.huelvaysusfotografos.com\/index.php?rest_route=\/wp\/v2\/posts\/2302","targetHints":{"allow":["GET"]}}],"collection":[{"href":"https:\/\/www.huelvaysusfotografos.com\/index.php?rest_route=\/wp\/v2\/posts"}],"about":[{"href":"https:\/\/www.huelvaysusfotografos.com\/index.php?rest_route=\/wp\/v2\/types\/post"}],"author":[{"embeddable":true,"href":"https:\/\/www.huelvaysusfotografos.com\/index.php?rest_route=\/wp\/v2\/users\/6"}],"replies":[{"embeddable":true,"href":"https:\/\/www.huelvaysusfotografos.com\/index.php?rest_route=%2Fwp%2Fv2%2Fcomments&post=2302"}],"version-history":[{"count":19,"href":"https:\/\/www.huelvaysusfotografos.com\/index.php?rest_route=\/wp\/v2\/posts\/2302\/revisions"}],"predecessor-version":[{"id":2327,"href":"https:\/\/www.huelvaysusfotografos.com\/index.php?rest_route=\/wp\/v2\/posts\/2302\/revisions\/2327"}],"wp:attachment":[{"href":"https:\/\/www.huelvaysusfotografos.com\/index.php?rest_route=%2Fwp%2Fv2%2Fmedia&parent=2302"}],"wp:term":[{"taxonomy":"category","embeddable":true,"href":"https:\/\/www.huelvaysusfotografos.com\/index.php?rest_route=%2Fwp%2Fv2%2Fcategories&post=2302"},{"taxonomy":"post_tag","embeddable":true,"href":"https:\/\/www.huelvaysusfotografos.com\/index.php?rest_route=%2Fwp%2Fv2%2Ftags&post=2302"}],"curies":[{"name":"wp","href":"https:\/\/api.w.org\/{rel}","templated":true}]}}