{"id":2288,"date":"2013-07-06T22:27:03","date_gmt":"2013-07-06T21:27:03","guid":{"rendered":"http:\/\/www.huelvaysusfotografos.com\/?p=2288"},"modified":"2013-09-16T12:05:03","modified_gmt":"2013-09-16T11:05:03","slug":"cristina-otero-la-fuerza-y-la-creatividad-del-autorretrato","status":"publish","type":"post","link":"https:\/\/www.huelvaysusfotografos.com\/?p=2288","title":{"rendered":"CRISTINA OTERO: la fuerza y la creatividad del autorretrato"},"content":{"rendered":"<p>No hace mucho descubr\u00ed en las redes sociales a <b>Cristina Otero<\/b>. Esta joven pontevedresa lleva tan s\u00f3lo 4 a\u00f1os en los entresijos de la fotograf\u00eda y es ya una de las m\u00e1s admiradas fot\u00f3grafas del panorama actual. A sus 17 a\u00f1os es conocida por sus tremendos autorretratos, \u00a0im\u00e1genes que poseen gran fuerza expresiva y est\u00e1n muy bien aderezadas con una creatividad desbordante.<\/p>\n<p>Un programa americano de televisi\u00f3n (<i><a href=\"http:\/\/www.cwtv.com\/shows\/americas-next-top-model\" target=\"_blank\">American\u00b4s Next Top Model<\/a><\/i>) fue el que activ\u00f3 su entusiasmo por el estilismo y por el mundo de la fotograf\u00eda. Ella es, en el mayor n\u00famero de los casos su propia modelo, y se convierte antes de cada sesi\u00f3n en maquilladora, peluquera, localizadora de espacios, y c\u00f3mo no en una magn\u00edfica fot\u00f3grafa y editora. Le gusta trabajar con luz natural\u00a0y veces utiliza bocetos previos al trabajo. Aunque ha trabajado con Canon, habitualmente utiliza una Pentax K5 y un objetivo 55mm- f 1.4. Sus referentes son Steven Klein, Zhang Jingna y Sally Mann.<\/p>\n<p>Recientemente ha finalizado sus ex\u00e1menes de selectividad, y ha compaginado los estudios con el trabajo propio de un fot\u00f3grafo consagrado (exposiciones, entrevistas, publicaciones\u2026). Sus trabajos pueden verse adem\u00e1s de en Internet (Flickr, Facebook, Blog, Youtube y\u00a0deviantArt), en portadas de prestigiosas revistas de publicidad o fotograf\u00eda (como\u00a0Mirror Magazine Printed \u00f3 Arte Fotogr\u00e1fico) y en galer\u00edas y salas expositivas de gran prestigio nacional.<\/p>\n<p>He tenido el placer de realizarle una entrevista para nuestra web, con el objeto de daros a conocer a esta artistaza. Como comprender\u00e9is para m\u00ed ha sido todo un lujo poder contar de primera mano sus opiniones y reflexiones. Aqu\u00ed os dejo el resultado:<\/p>\n<ul>\n<li><b>Juana:<\/b>\u00a0No s\u00e9 si siempre, pero creo que debe haber un porqu\u00e9 cuando elegimos un \u00e1rea de trabajo y no otro, y t\u00fa parece que lo tienes muy claro, \u00bfqu\u00e9 encuentras en el autorretrato que no hallas en otras tem\u00e1ticas fotogr\u00e1ficas?<\/li>\n<\/ul>\n<figure id=\"attachment_2289\" aria-describedby=\"caption-attachment-2289\" style=\"width: 259px\" class=\"wp-caption alignleft\"><a href=\"https:\/\/www.huelvaysusfotografos.com\/wp-content\/uploads\/2013\/07\/trauma..jpg\"><img loading=\"lazy\" decoding=\"async\" class=\"size-medium wp-image-2289 \" alt=\"trauma.\" src=\"https:\/\/www.huelvaysusfotografos.com\/wp-content\/uploads\/2013\/07\/trauma.-259x300.jpg\" width=\"259\" height=\"300\" srcset=\"https:\/\/www.huelvaysusfotografos.com\/wp-content\/uploads\/2013\/07\/trauma.-259x300.jpg 259w, https:\/\/www.huelvaysusfotografos.com\/wp-content\/uploads\/2013\/07\/trauma..jpg 691w\" sizes=\"auto, (max-width: 259px) 100vw, 259px\" \/><\/a><figcaption id=\"caption-attachment-2289\" class=\"wp-caption-text\">TRAUMA, de Cristina Otero<\/figcaption><\/figure>\n<p><b><i>Cristina:<\/i><\/b><i> En un principio empec\u00e9 a autorretratarme por necesidad. Quer\u00eda fotografiar retratos de chicas y decid\u00ed usar mi cara, \u00a1que para eso la tengo! Despu\u00e9s me fui dando cuenta que el autorretrato es como terapia, una terapia creativa y personal, donde descubr\u00ed pensamientos e ideas que inconscientemente me aterraban. Fotografiaba fantasmas, demonios que me persegu\u00edan, congel\u00e1ndolos en una imagen tras un clic de la c\u00e1mara. As\u00ed es como empec\u00e9, una t\u00edpica adolescente de trece a\u00f1os con sus problemas, algunos propios y otros tal vez provocados por los que le rodeaban, que sent\u00eda un amor incondicional hacia el arte y descubri\u00f3 su pasi\u00f3n a trav\u00e9s de la fotograf\u00eda.<\/i><\/p>\n<p><i>Sinceramente, creo que la fotograf\u00eda, al permitirme evadirme de esos problemas, me ha salvado la vida m\u00e1s de una vez.<\/i><\/p>\n<ul>\n<li><b>Juana:<\/b>\u00a0Tu trabajo es un proceso creativo muy personal, si hoy te faltara la fotograf\u00eda \u00bfc\u00f3mo te expresar\u00edas?<\/li>\n<\/ul>\n<p><em><b>Cristina:<\/b> Todos nos expresamos de una forma u otra, ya sea coleccionando sellos, fotografiando o haciendo mecanos. Los hobbies, las pasiones sirven para olvidarse del d\u00eda a d\u00eda, para centrarnos en lo que nos gusta, en lo que disfrutamos. Antes de fotografiar yo dibujaba, y aunque sigo haci\u00e9ndolo, el dibujo ser\u00eda mi forma de expresarme.<\/em><\/p>\n<ul>\n<li><b>Juana:<\/b>\u00a0Podemos ver en tu canal de Youtube una serie de videos donde explicas c\u00f3mo trabajas -por cierto aprovecho para darte las gracias por ello, ya que son muy divertidos e ilustrativos-, pero yendo un poco m\u00e1s all\u00e1 \u00bfC\u00f3mo creas, c\u00f3mo trabajas la inspiraci\u00f3n, c\u00f3mo organizas esa idea mental que luego conviertes en un poderoso mensaje visual?<\/li>\n<li><!--more--><\/li>\n<\/ul>\n<figure id=\"attachment_2290\" aria-describedby=\"caption-attachment-2290\" style=\"width: 282px\" class=\"wp-caption alignright\"><a href=\"https:\/\/www.huelvaysusfotografos.com\/wp-content\/uploads\/2013\/07\/genie..jpg\"><img loading=\"lazy\" decoding=\"async\" class=\"size-medium wp-image-2290 \" title=\"GENIE, de Cristina Otero\" alt=\"genie.\" src=\"https:\/\/www.huelvaysusfotografos.com\/wp-content\/uploads\/2013\/07\/genie.-282x300.jpg\" width=\"282\" height=\"300\" \/><\/a><figcaption id=\"caption-attachment-2290\" class=\"wp-caption-text\">GENIE, de Cristina Otero<\/figcaption><\/figure>\n<p><em><b>Cristina: <\/b>\u00a1Gracias a ti! El proceso es bien sencillo. Lo principal es siempre, y cuando digo siempre es siempre, llevar algo con lo que apuntar las ideas. La inspiraci\u00f3n puede ser molesta a veces, y tan ef\u00edmera que m\u00e1s vale estar preparado para cuando aparezca. Ideas del d\u00eda a d\u00eda, pensamiento, locuras que pasan por mi cabeza que decido transformar en arte. A veces las escribo, a veces las dibujo. Lo peor que me puede pasar es olvidarme de la idea, \u00a1me mata por dentro!<\/em><\/p>\n<p><em>Despu\u00e9s, a la hora de querer crearla, es conseguir los materiales, para tener todo listo. Si necesito \u2018x\u2019 cosa que no tengo en mi casa, pues ir a por ella. Si es al aire libre, preparar minuciosamente el setting, ya sea excavando en la tierra o decorando el lugar. A veces las ideas me vienen a mitad del proyecto, y se las comento a mi familia para que me den su opini\u00f3n al respecto.<\/em><\/p>\n<p><em>Alguna vez he tardado 5 minutos en prepararlo todo, otras veces d\u00edas. Para m\u00ed esa es la parte m\u00e1s creativa (y m\u00e1s dura) de la fotograf\u00eda. \u00a1Me lo paso bastante bien!<\/em><\/p>\n<ul>\n<li><b>Juana:<\/b>\u00a0Por lo que he podido leer sobre ti, compruebo que ya has circulado por gran parte del territorio espa\u00f1ol, bien participando en Congresos, Exposiciones\u2026 \u00bfC\u00f3mo llevas esta otra faceta del trabajo fotogr\u00e1fico?<\/li>\n<\/ul>\n<p><em><b>Cristina:<\/b> Es complicada, puesto que empec\u00e9 con los estudios, nada m\u00e1s ni nada menos que en primero de bachillerato, con lo cual compaginar ambas cosas ha sido en varias ocasiones frustrante. El tener ex\u00e1menes un mismo d\u00eda que una exposici\u00f3n, trabajos sin hacer por la misma raz\u00f3n y el estudio hac\u00edan que muchas veces se me quitaran las ganas. Pero bueno, siempre acababa pas\u00e1ndomelo en grande, conociendo a gente maravillosa y guardando buenos recuerdos.<\/em><\/p>\n<ul>\n<li><b>Juana:<\/b>\u00a0De los lugares en los cuales has expuesto, cu\u00e1l crees que ha sido el que ha tenido m\u00e1s proyecci\u00f3n para tu carrera como fot\u00f3grafa o en cu\u00e1l de ellos te has sentido orgullosa de ver tu trabajo?<\/li>\n<\/ul>\n<p><b><i>Cristina:<\/i><\/b><i> <\/i><i>Me enorgullezco de todos los sitios en los que he expuesto. Todos han sido una gran oportunidad y una bonita experiencia. Los lugares los diferencio tan solo por las an\u00e9cdotas, cada uno tuvo su toque especial. Recuerdo que cuando fui a Carlet (Valencia) dije que me encantaban los persimones (una fruta que naci\u00f3 en esta ciudad valenciana), \u00a1y me regalaron dos cajas llenas de \u00e9stos! Tambi\u00e9n disfrut\u00e9 mucho en el Fnac de Madrid y de Barcelona, pues fueron muchos familiares m\u00edos y eso me hizo mucha ilusi\u00f3n.<\/i><\/p>\n<ul>\n<li><b>Juana:<\/b>\u00a0Tus autorretratos configuran un proceso creativo muy personal, y como has dicho en algunas ocasiones un modo de exteriorizar tus estados de \u00e1nimos, sentimientos\u2026 si hoy te faltara la fotograf\u00eda \u00bfqu\u00e9 crees que pasar\u00eda?<\/li>\n<\/ul>\n<p><b><i>Cristina:<\/i><\/b><i> <\/i><i>No lo s\u00e9. Como ya dije antes, la fotograf\u00eda me ha ayudado mucho desde que era peque\u00f1a. Me gusta pensar que habr\u00eda seguido dibujando o escribiendo, o que habr\u00eda encontrado otra forma de distraerme y olvidarme de la realidad. Prefiero no pensar en ello.<\/i><\/p>\n<ul>\n<li><b>Juana:<\/b>\u00a0En la actualidad hay muchos fot\u00f3grafos que se niegan a retocar sus im\u00e1genes y no comparten que otros lo hagamos \u00bfQu\u00e9 opinas sobre el uso de programas inform\u00e1ticos de retoque?<\/li>\n<\/ul>\n<p><b><i>Cristina:<\/i><\/b><i> <\/i><i>Creo que est\u00e1 claro que estoy a favor del retoque. En realidad estoy a favor de hacer lo que a uno le plazca. Si no te gusta la manipulaci\u00f3n digital, no lo hagas, pero no le eches a otro en cara lo que hace y lo que deja de hacer. Yo siempre respondo lo mismo a este tema; el retoque fotogr\u00e1fico existe desde los comienzos de la fotograf\u00eda, y quien lo niegue es que no conoce la historia de \u00e9sta.<\/i> Por ello no s\u00e9 cu\u00e1l es el problema de retocar, si siempre se ha hecho.\u00a0Es como\u00a0si un escritor de ficci\u00f3n tuviera que pedir perd\u00f3n porque su historia no fuera real.<\/p>\n<ul>\n<li><b>Juana:<\/b>\u00a0Por lo que muestras en Internet, tu familia est\u00e1 muy implicada en tus trabajos, son tus colaboradores, tu primer p\u00fablico, tus fieles cr\u00edticos \u00bfqu\u00e9 les dir\u00edas?<\/li>\n<\/ul>\n<figure id=\"attachment_2291\" aria-describedby=\"caption-attachment-2291\" style=\"width: 270px\" class=\"wp-caption alignleft\"><a href=\"https:\/\/www.huelvaysusfotografos.com\/wp-content\/uploads\/2013\/07\/kill-them..jpg\"><img loading=\"lazy\" decoding=\"async\" class=\" wp-image-2291  \" alt=\"kill them.\" src=\"https:\/\/www.huelvaysusfotografos.com\/wp-content\/uploads\/2013\/07\/kill-them.-300x282.jpg\" width=\"270\" height=\"254\" srcset=\"https:\/\/www.huelvaysusfotografos.com\/wp-content\/uploads\/2013\/07\/kill-them.-300x282.jpg 300w, https:\/\/www.huelvaysusfotografos.com\/wp-content\/uploads\/2013\/07\/kill-them..jpg 600w\" sizes=\"auto, (max-width: 270px) 100vw, 270px\" \/><\/a><figcaption id=\"caption-attachment-2291\" class=\"wp-caption-text\">KILL THEM, de Cristina Otero<b><i><br \/><\/i><\/b><\/figcaption><\/figure>\n<p><b><i>Cristina: <\/i><\/b><i>\u00a1Que son los mejor del mundo! No veas lo que tienen que soportar\u2026 muchas veces me pongo nerviosa porque no me sale a la primera, y me enfado, pero ellos siempre me alientan a intentarlo una vez m\u00e1s.<\/i><\/p>\n<p><i>Mi madre me consigue la fruta que le pido, los animales, las flores, me acompa\u00f1a al bosque a por ramas, a por piedras, a la tienda a por plumas, alas, maquillaje, lentillas\u2026 sin ella estar\u00eda perdida. Mi hermana Noemi me acompa\u00f1a para preparar el setting mientras poso, aparte de que me lleva en coche a los lugares si es necesario. Mi padre me ayuda a formar y perfeccionar los conceptos, aconsej\u00e1ndome. Cuando necesito a alguien fuerte o a un modelo masculino, \u00a1ah\u00ed tengo a mi hermano Luis!<\/i><\/p>\n<p><i>No s\u00e9 qu\u00e9 har\u00eda sin ellos, de veras, aunque no lean esto desde aqu\u00ed les digo que les quiero y que gracias por todo.<\/i><\/p>\n<ul>\n<li><b>Juana:<\/b>\u00a0En este mundo existen magn\u00edficos fot\u00f3grafos autodidactas y otros magn\u00edficos m\u00e1s estudios de esta materia \u00bfen qu\u00e9 lado est\u00e1? \u00bfC\u00f3mo te has formado en fotograf\u00eda?<\/li>\n<\/ul>\n<p><b><i>Cristina:<\/i><\/b><i> <\/i><i>Yo he aprendido por mi cuenta, todo lo que s\u00e9 ha sido a base de usar la c\u00e1mara e ir probando. Uno lo que necesita en estos casos es tan solo curiosidad y muchas ganas, \u00a1nada m\u00e1s! Jam\u00e1s me ech\u00e9 para atr\u00e1s si no me sal\u00eda como quer\u00eda. Disfrutaba con el \u00e9xito y el fracaso, una fuente de diversi\u00f3n, otra forma de arte. Para m\u00ed es como otra forma de pintar la realidad.<\/i><\/p>\n<ul>\n<li><b>Juana:<\/b>\u00a0Una chica joven como t\u00fa, \u00bfc\u00f3mo llevas esto del \u00e9xito?<\/li>\n<\/ul>\n<p><b><i>Cristina:<\/i><\/b><i> <\/i><i>No me ha afectado mucho la verdad. Tengo unos padres estupendos que desde siempre me han mantenido con los pies en el suelo, que me saque una carrera, que estudie, y luego, que haga lo que quiera, pues en cualquier momento las cosas se pueden torcer. Se lo agradezco un mont\u00f3n.<\/i><\/p>\n<p><i>Lo m\u00e1s raro es cuando gente que ni conoces se te acerca para decirte que le encanta tu trabajo, me cuesta reaccionar. A veces me reconocen por la calle y es algo inc\u00f3modo, pues se me quedan mirando y no soy alguien que le guste llamar la atenci\u00f3n.<\/i><\/p>\n<p><i>El tener que llevar varias cuentas en diferentes redes sociales es un duro trabajo que me quita bastante tiempo, el llevarlo a cabo diariamente. Aparte de esto sigue<\/i> siendo una chica normal de mi edad, que sale con sus amigos, estudia y le gusta fotografiar.<\/p>\n<ul>\n<li><b>Juana:<\/b>\u00a0Y aunque sea un t\u00f3pico, para finalizar, \u00bfqu\u00e9 proyectos fotogr\u00e1ficos tienes pr\u00f3ximamente?<\/li>\n<\/ul>\n<figure id=\"attachment_2292\" aria-describedby=\"caption-attachment-2292\" style=\"width: 201px\" class=\"wp-caption alignright\"><a href=\"https:\/\/www.huelvaysusfotografos.com\/wp-content\/uploads\/2013\/07\/the-sinner..jpg\"><img loading=\"lazy\" decoding=\"async\" class=\"size-medium wp-image-2292 \" alt=\"the sinner.\" src=\"https:\/\/www.huelvaysusfotografos.com\/wp-content\/uploads\/2013\/07\/the-sinner.-201x300.jpg\" width=\"201\" height=\"300\" \/><\/a><figcaption id=\"caption-attachment-2292\" class=\"wp-caption-text\">THE SINNER, de Cristina Otero<\/figcaption><\/figure>\n<p><b><i>Cristina: <\/i><\/b><i>Ahora que estoy de vuelta en Madrid, espero empezar a trabajar en la parte comercial de la fotograf\u00eda; la moda. Es un mundo que me interesa bastante y me gustar\u00eda probarlo. Comenzar\u00e9 a buscar modelos, aunque seguir\u00e9 con los autorretratos y mis series actuales. No s\u00e9 cu\u00e1nto podr\u00e9 hacer, puesto que empezar\u00e9 la universidad dentro de unos meses. \u00a1Espero que no me quite mucho tiempo!<\/i><\/p>\n<p>(&#8230;)<\/p>\n<p>&nbsp;<\/p>\n<p style=\"text-align: left;\"><i><\/i>Como habr\u00e9is deducido Cristina es una fuente de creatividad, vitalidad y madurez, a la que su juventud no le impide tener clara muchas cosas en cuanto a su mundo interior y a su proyecci\u00f3n profesional.<\/p>\n<p style=\"text-align: left;\">Desde aqu\u00ed darte las gracias de nuevo por tu tiempo y tus aportaciones. Sigue trabajando y ofreci\u00e9ndonos tus im\u00e1genes, las esperamos como \u201cagua de mayo\u201d.\u00a0Besos grandes desde este grupo de apasionados por la fotograf\u00eda!!<\/p>\n<p>Pod\u00e9is ver m\u00e1s de Cristina Otero en:<\/p>\n<ul>\n<li><a href=\"https:\/\/www.facebook.com\/pages\/Cristina-Otero-Photography\/169529519760296?fref=ts\">https:\/\/www.facebook.com\/pages\/Cristina-Otero-Photography\/169529519760296?fref=ts<\/a><\/li>\n<li><a href=\"http:\/\/www.youtube.com\/user\/CristinaOphotography#p\/a\/u\/1\/YOeX612wBp8\">http:\/\/www.youtube.com\/user\/CristinaOphotography#p\/a\/u\/1\/YOeX612wBp8<\/a><\/li>\n<\/ul>\n<ul>\n<li><a href=\"http:\/\/www.flickr.com\/photos\/cristinaoterophoto\/\">http:\/\/www.flickr.com\/photos\/cristinaoterophoto\/<\/a><\/li>\n<\/ul>\n","protected":false},"excerpt":{"rendered":"<p>No hace mucho descubr\u00ed en las redes sociales a Cristina Otero. Esta joven pontevedresa lleva tan s\u00f3lo 4 a\u00f1os en los entresijos de la fotograf\u00eda y es ya una de las m\u00e1s admiradas fot\u00f3grafas del panorama actual. A sus 17 a\u00f1os es conocida por sus tremendos autorretratos, \u00a0im\u00e1genes que poseen gran fuerza expresiva y est\u00e1n muy bien aderezadas con una creatividad desbordante. Un programa americano de televisi\u00f3n (American\u00b4s Next Top<\/p>\n<div class=\"belowpost\"><a class=\"btnmore\" href=\"https:\/\/www.huelvaysusfotografos.com\/?p=2288\">Seguir leyendo<\/a><\/div>\n","protected":false},"author":41,"featured_media":0,"comment_status":"open","ping_status":"open","sticky":false,"template":"","format":"standard","meta":{"footnotes":"","_links_to":"","_links_to_target":""},"categories":[79,15,3],"tags":[],"class_list":["post-2288","post","type-post","status-publish","format-standard","hentry","category-entrevistas","category-fotografos","category-noticias"],"_links":{"self":[{"href":"https:\/\/www.huelvaysusfotografos.com\/index.php?rest_route=\/wp\/v2\/posts\/2288","targetHints":{"allow":["GET"]}}],"collection":[{"href":"https:\/\/www.huelvaysusfotografos.com\/index.php?rest_route=\/wp\/v2\/posts"}],"about":[{"href":"https:\/\/www.huelvaysusfotografos.com\/index.php?rest_route=\/wp\/v2\/types\/post"}],"author":[{"embeddable":true,"href":"https:\/\/www.huelvaysusfotografos.com\/index.php?rest_route=\/wp\/v2\/users\/41"}],"replies":[{"embeddable":true,"href":"https:\/\/www.huelvaysusfotografos.com\/index.php?rest_route=%2Fwp%2Fv2%2Fcomments&post=2288"}],"version-history":[{"count":12,"href":"https:\/\/www.huelvaysusfotografos.com\/index.php?rest_route=\/wp\/v2\/posts\/2288\/revisions"}],"predecessor-version":[{"id":2409,"href":"https:\/\/www.huelvaysusfotografos.com\/index.php?rest_route=\/wp\/v2\/posts\/2288\/revisions\/2409"}],"wp:attachment":[{"href":"https:\/\/www.huelvaysusfotografos.com\/index.php?rest_route=%2Fwp%2Fv2%2Fmedia&parent=2288"}],"wp:term":[{"taxonomy":"category","embeddable":true,"href":"https:\/\/www.huelvaysusfotografos.com\/index.php?rest_route=%2Fwp%2Fv2%2Fcategories&post=2288"},{"taxonomy":"post_tag","embeddable":true,"href":"https:\/\/www.huelvaysusfotografos.com\/index.php?rest_route=%2Fwp%2Fv2%2Ftags&post=2288"}],"curies":[{"name":"wp","href":"https:\/\/api.w.org\/{rel}","templated":true}]}}