{"id":2172,"date":"2013-06-10T21:17:26","date_gmt":"2013-06-10T20:17:26","guid":{"rendered":"http:\/\/www.huelvaysusfotografos.com\/?p=2172"},"modified":"2013-06-10T21:17:26","modified_gmt":"2013-06-10T20:17:26","slug":"fallo-jurado-v-concurso-fotografia-cofrade-cope-huelva","status":"publish","type":"post","link":"https:\/\/www.huelvaysusfotografos.com\/?p=2172","title":{"rendered":"FALLO JURADO V CONCURSO FOTOGRAFIA COFRADE COPE HUELVA"},"content":{"rendered":"<p>ACTA DEL FALLO DEL JURADO DEL V CONCURSO DE FOTOGRAFIA COFRADE COPE HUELVA.<\/p>\n<p>En Huelva, siendo las 17.30 horas del viernes 7 de junio de 2013,<br \/>\nreunido el jurado integrado por Don Manuel Remesal Rodr\u00edguez, Concejal<br \/>\nde Cultura del Excmo. Ayuntamiento de Huelva, Don Juan Manuel D\u00edaz del<br \/>\nValle, gerente de la Asociaci\u00f3n de Industrias Qu\u00edmicas, B\u00e1sicas y<br \/>\nEnerg\u00e9ticas de Huelva, Don Jose Enrique S\u00e1nchez N\u00fa\u00f1ez, responsable de la<br \/>\nprogramaci\u00f3n Cofrade de COPE Huelva, Do\u00f1a Elena S\u00e1nchez Balonga,<br \/>\nrepresentando a la asociaci\u00f3n \u201cHuelva y sus Fot\u00f3grafos\u201d, Don Pedro<br \/>\nQuesada Serrano, representando a Tiendas El Corte Ingles en Huelva, y el<br \/>\nprofesional de la fotograf\u00eda, Don Pedro Delgado, acuerdan resolver el<br \/>\nsiguiente fallo:<\/p>\n<p>1\u00ba Premio, Manuel Jes\u00fas Martin Carrasco.<\/p>\n<p>2\u00ba Premio, Antonio Luis Porras Mena.<\/p>\n<p>3\u00ba Premio, Francisco Javier del Pino Fern\u00e1ndez.<\/p>\n<p>1\u00ba Acc\u00e9sit, Manuel Silva G\u00f3mez.<\/p>\n<p>2\u00ba Acc\u00e9sit, Jos\u00e9 Ram\u00f3n Bustelo Est\u00e9vez.<\/p>\n<p>3\u00ba Acc\u00e9sit, Juan Jes\u00fas Infante Armada.<\/p>\n<p>As\u00ed mismo este jurado gradece a cuantos han enviado sus trabajos y les anima a participar en sucesivas ediciones.<\/p>\n<p>Huelva, 7 de junio de 2013.<\/p>\n","protected":false},"excerpt":{"rendered":"<p>ACTA DEL FALLO DEL JURADO DEL V CONCURSO DE FOTOGRAFIA COFRADE COPE HUELVA. En Huelva, siendo las 17.30 horas del viernes 7 de junio de 2013, reunido el jurado integrado por Don Manuel Remesal Rodr\u00edguez, Concejal de Cultura del Excmo. Ayuntamiento de Huelva, Don Juan Manuel D\u00edaz del Valle, gerente de la Asociaci\u00f3n de Industrias Qu\u00edmicas, B\u00e1sicas y Energ\u00e9ticas de Huelva, Don Jose Enrique S\u00e1nchez N\u00fa\u00f1ez, responsable de la programaci\u00f3n<\/p>\n<div class=\"belowpost\"><a class=\"btnmore\" href=\"https:\/\/www.huelvaysusfotografos.com\/?p=2172\">Seguir leyendo<\/a><\/div>\n","protected":false},"author":8,"featured_media":0,"comment_status":"open","ping_status":"open","sticky":false,"template":"","format":"standard","meta":{"footnotes":"","_links_to":"","_links_to_target":""},"categories":[3],"tags":[],"class_list":["post-2172","post","type-post","status-publish","format-standard","hentry","category-noticias"],"_links":{"self":[{"href":"https:\/\/www.huelvaysusfotografos.com\/index.php?rest_route=\/wp\/v2\/posts\/2172","targetHints":{"allow":["GET"]}}],"collection":[{"href":"https:\/\/www.huelvaysusfotografos.com\/index.php?rest_route=\/wp\/v2\/posts"}],"about":[{"href":"https:\/\/www.huelvaysusfotografos.com\/index.php?rest_route=\/wp\/v2\/types\/post"}],"author":[{"embeddable":true,"href":"https:\/\/www.huelvaysusfotografos.com\/index.php?rest_route=\/wp\/v2\/users\/8"}],"replies":[{"embeddable":true,"href":"https:\/\/www.huelvaysusfotografos.com\/index.php?rest_route=%2Fwp%2Fv2%2Fcomments&post=2172"}],"version-history":[{"count":1,"href":"https:\/\/www.huelvaysusfotografos.com\/index.php?rest_route=\/wp\/v2\/posts\/2172\/revisions"}],"predecessor-version":[{"id":2173,"href":"https:\/\/www.huelvaysusfotografos.com\/index.php?rest_route=\/wp\/v2\/posts\/2172\/revisions\/2173"}],"wp:attachment":[{"href":"https:\/\/www.huelvaysusfotografos.com\/index.php?rest_route=%2Fwp%2Fv2%2Fmedia&parent=2172"}],"wp:term":[{"taxonomy":"category","embeddable":true,"href":"https:\/\/www.huelvaysusfotografos.com\/index.php?rest_route=%2Fwp%2Fv2%2Fcategories&post=2172"},{"taxonomy":"post_tag","embeddable":true,"href":"https:\/\/www.huelvaysusfotografos.com\/index.php?rest_route=%2Fwp%2Fv2%2Ftags&post=2172"}],"curies":[{"name":"wp","href":"https:\/\/api.w.org\/{rel}","templated":true}]}}