{"id":2158,"date":"2013-06-06T23:03:11","date_gmt":"2013-06-06T22:03:11","guid":{"rendered":"http:\/\/www.huelvaysusfotografos.com\/?p=2158"},"modified":"2013-06-07T06:33:09","modified_gmt":"2013-06-07T05:33:09","slug":"la-fotografia-de-nuestro-companero-reynus-seleccionada-para-la-exposicion-de-photoespana-2013","status":"publish","type":"post","link":"https:\/\/www.huelvaysusfotografos.com\/?p=2158","title":{"rendered":"La fotograf\u00eda de Reynus seleccionada ganadora en PhotoEspa\u00f1a 2013, Caminante Digital"},"content":{"rendered":"<p style=\"text-align: center;\"><a href=\"http:\/www.caminantedigital.es\" target=\"_blank\"><img loading=\"lazy\" decoding=\"async\" class=\"wp-image-2159 alignright\" alt=\"\" src=\"https:\/\/www.huelvaysusfotografos.com\/wp-content\/uploads\/2013\/06\/image.jpg\" width=\"294\" height=\"294\" srcset=\"https:\/\/www.huelvaysusfotografos.com\/wp-content\/uploads\/2013\/06\/image.jpg 612w, https:\/\/www.huelvaysusfotografos.com\/wp-content\/uploads\/2013\/06\/image-300x300.jpg 300w, https:\/\/www.huelvaysusfotografos.com\/wp-content\/uploads\/2013\/06\/image-150x150.jpg 150w, https:\/\/www.huelvaysusfotografos.com\/wp-content\/uploads\/2013\/06\/image-50x50.jpg 50w, https:\/\/www.huelvaysusfotografos.com\/wp-content\/uploads\/2013\/06\/image-186x186.jpg 186w\" sizes=\"auto, (max-width: 294px) 100vw, 294px\" \/><\/a><\/p>\n<p>\u00a0La fotograf\u00eda de nuestro compa\u00f1ero Reynus S\u00e1nchez ha sido elegida entre las ganadoras en el concurso fotogr\u00e1fico Caminante Digital, convocado por la DGT y PhotoEspa\u00f1a 2013.<\/p>\n<p>El jurado compuesto por especialistas de la organizaci\u00f3n de PhotoEspa\u00f1a 2013, ha seleccionado las 23 fotos ganadoras entre m\u00e1s de 15.000 fotograf\u00edas admitidas a concurso.<\/p>\n<p>Las fotograf\u00edas seleccionadas compondr\u00e1n \u00abCaminante digital: un nuevo peat\u00f3n toma las calles\u00bb que se celebrar\u00e1 en el Forum de FNAC Castellana de Madrid, del 5 de Junio al 28 de Julio de 2013.<\/p>\n<p>&nbsp;<\/p>\n<p>&nbsp;<\/p>\n<p>Fuente: www.caminante digital.es<\/p>\n","protected":false},"excerpt":{"rendered":"<p>\u00a0La fotograf\u00eda de nuestro compa\u00f1ero Reynus S\u00e1nchez ha sido elegida entre las ganadoras en el concurso fotogr\u00e1fico Caminante Digital, convocado por la DGT y PhotoEspa\u00f1a 2013. El jurado compuesto por especialistas de la organizaci\u00f3n de PhotoEspa\u00f1a 2013, ha seleccionado las 23 fotos ganadoras entre m\u00e1s de 15.000 fotograf\u00edas admitidas a concurso. Las fotograf\u00edas seleccionadas compondr\u00e1n \u00abCaminante digital: un nuevo peat\u00f3n toma las calles\u00bb que se celebrar\u00e1 en el Forum de<\/p>\n<div class=\"belowpost\"><a class=\"btnmore\" href=\"https:\/\/www.huelvaysusfotografos.com\/?p=2158\">Seguir leyendo<\/a><\/div>\n","protected":false},"author":6,"featured_media":0,"comment_status":"open","ping_status":"open","sticky":false,"template":"","format":"standard","meta":{"footnotes":"","_links_to":"","_links_to_target":""},"categories":[12,23,3],"tags":[115,148,25,47,60,116,61],"class_list":["post-2158","post","type-post","status-publish","format-standard","hentry","category-concursos","category-exposiciones","category-noticias","tag-caminantedigital","tag-concursos","tag-fallos-concurso","tag-huelva","tag-huelva-y-sus-fotografos","tag-photoespana","tag-reynus"],"_links":{"self":[{"href":"https:\/\/www.huelvaysusfotografos.com\/index.php?rest_route=\/wp\/v2\/posts\/2158","targetHints":{"allow":["GET"]}}],"collection":[{"href":"https:\/\/www.huelvaysusfotografos.com\/index.php?rest_route=\/wp\/v2\/posts"}],"about":[{"href":"https:\/\/www.huelvaysusfotografos.com\/index.php?rest_route=\/wp\/v2\/types\/post"}],"author":[{"embeddable":true,"href":"https:\/\/www.huelvaysusfotografos.com\/index.php?rest_route=\/wp\/v2\/users\/6"}],"replies":[{"embeddable":true,"href":"https:\/\/www.huelvaysusfotografos.com\/index.php?rest_route=%2Fwp%2Fv2%2Fcomments&post=2158"}],"version-history":[{"count":11,"href":"https:\/\/www.huelvaysusfotografos.com\/index.php?rest_route=\/wp\/v2\/posts\/2158\/revisions"}],"predecessor-version":[{"id":2170,"href":"https:\/\/www.huelvaysusfotografos.com\/index.php?rest_route=\/wp\/v2\/posts\/2158\/revisions\/2170"}],"wp:attachment":[{"href":"https:\/\/www.huelvaysusfotografos.com\/index.php?rest_route=%2Fwp%2Fv2%2Fmedia&parent=2158"}],"wp:term":[{"taxonomy":"category","embeddable":true,"href":"https:\/\/www.huelvaysusfotografos.com\/index.php?rest_route=%2Fwp%2Fv2%2Fcategories&post=2158"},{"taxonomy":"post_tag","embeddable":true,"href":"https:\/\/www.huelvaysusfotografos.com\/index.php?rest_route=%2Fwp%2Fv2%2Ftags&post=2158"}],"curies":[{"name":"wp","href":"https:\/\/api.w.org\/{rel}","templated":true}]}}