{"id":2096,"date":"2013-05-28T10:30:56","date_gmt":"2013-05-28T09:30:56","guid":{"rendered":"http:\/\/www.huelvaysusfotografos.com\/?p=2096"},"modified":"2013-09-16T12:02:10","modified_gmt":"2013-09-16T11:02:10","slug":"exposicion-fotografica-dia-a-dia-con-el-movil","status":"publish","type":"post","link":"https:\/\/www.huelvaysusfotografos.com\/?p=2096","title":{"rendered":"EXPOSICI\u00d3N FOTOGR\u00c1FICA \u00abD\u00eda a d\u00eda con el m\u00f3vil\u00bb"},"content":{"rendered":"<p>Un proyecto \u00ab365\u00bb de Juana Mart\u00edn<\/p>\n<p style=\"text-align: left;\"><a href=\"https:\/\/www.huelvaysusfotografos.com\/wp-content\/uploads\/2013\/05\/Cartel-Expo-D\u00eda-a-d\u00eda-con-el-m\u00f3vil-para-facebook.jpg\"><img loading=\"lazy\" decoding=\"async\" class=\"aligncenter size-medium wp-image-2097\" title=\"Cartel Expo Juana Mart\u00edn\" alt=\"Cartel Expo D\u00eda a d\u00eda con el m\u00f3vil para facebook\" src=\"https:\/\/www.huelvaysusfotografos.com\/wp-content\/uploads\/2013\/05\/Cartel-Expo-D\u00eda-a-d\u00eda-con-el-m\u00f3vil-para-facebook-300x225.jpg\" width=\"300\" height=\"225\" srcset=\"https:\/\/www.huelvaysusfotografos.com\/wp-content\/uploads\/2013\/05\/Cartel-Expo-D\u00eda-a-d\u00eda-con-el-m\u00f3vil-para-facebook-300x225.jpg 300w, https:\/\/www.huelvaysusfotografos.com\/wp-content\/uploads\/2013\/05\/Cartel-Expo-D\u00eda-a-d\u00eda-con-el-m\u00f3vil-para-facebook-768x576.jpg 768w, https:\/\/www.huelvaysusfotografos.com\/wp-content\/uploads\/2013\/05\/Cartel-Expo-D\u00eda-a-d\u00eda-con-el-m\u00f3vil-para-facebook-160x120.jpg 160w, https:\/\/www.huelvaysusfotografos.com\/wp-content\/uploads\/2013\/05\/Cartel-Expo-D\u00eda-a-d\u00eda-con-el-m\u00f3vil-para-facebook.jpg 984w\" sizes=\"auto, (max-width: 300px) 100vw, 300px\" \/><\/a><\/p>\n<p>Este proyecto se ha desarrollado durante un a\u00f1o, (<em>30- mayo- 2012 al 30- mayo- 2013<\/em>). No es una iniciativa nueva, y en los foros es conocido como \u201cProyecto 365\u201d; consiste en realizar durante un a\u00f1o, una fotograf\u00eda diaria y compartirla en alguna de las redes sociales (en este caso en Facebook). La particularidad del reto, es que Juana decidi\u00f3 utilizar el m\u00f3vil para realizar sus fotos, y se propuso subir al menos una fotograf\u00eda diaria, de ah\u00ed que el conjunto fotogr\u00e1fico supere las 750 im\u00e1genes. Primero con un \u201cSony Ericsson Spiro\u201d de tan solo 2 MB, y luego con un \u201cSony Xperia Miro\u201d con 5 MB. Cumplido el a\u00f1o, la fot\u00f3grafa ha querido mostrar parte de las im\u00e1genes que han formado parte de esta aventura fotogr\u00e1fica. Sorprende la diversidad de temas tratados: paisajes, retratos y autorretratos, animales, naturaleza, arquitectura, esculturas, etc.<\/p>\n<p>&nbsp;<\/p>\n<p><em>\u201cNo podemos dejar pasar de largo los recursos tecnol\u00f3gicos actuales y las ventajas que ofrece concretamente el m\u00f3vil. Ya sabemos que son fotograf\u00edas de baja resoluci\u00f3n, pero la facilidad con la que podemos tomar im\u00e1genes, nos da la oportunidad de ofrecer una visi\u00f3n de lo que nos rodea m\u00e1s natural. Si cuidamos el punto de vista, la composici\u00f3n, el momento de la tomas, los pesos de color\u2026 seguro que logramos buenos trabajos. No deja de ser un juego, un reto de constancia, un mero ejercicio diario para mantenernos en forma con el mundo gr\u00e1fico y con las NN.TT. Para m\u00ed ha sido una experiencia enriquecedora y a veces de mucha paciencia frente al ordenador, que seguro repito.<\/em>\u00a0Juana Mart\u00edn\u00bb.<\/p>\n<p>&nbsp;<\/p>\n<p>La exposici\u00f3n se inaugurar\u00e1 el pr\u00f3ximo 3 de junio a las 19.00 h. en el Centro de Visitantes \u00abHuelva, Puerta del Atl\u00e1ntico\u00bb, de la Concejal\u00eda de Turismo del Ayuntamiento de Huelva, sito en la Avda. Presidente Adolfo Su\u00e1rez n\u00ba1 de Huelva. Se podr\u00e1 visitar hasta el 12 del mismo mes, de lunes a viernes de 10 a 14 h. y de 17 a 20 h. y s\u00e1bado de 10 a 12 h.<\/p>\n<p>Una curiosa exposici\u00f3n para no perd\u00e9rsela.<\/p>\n","protected":false},"excerpt":{"rendered":"<p>Un proyecto \u00ab365\u00bb de Juana Mart\u00edn Este proyecto se ha desarrollado durante un a\u00f1o, (30- mayo- 2012 al 30- mayo- 2013). No es una iniciativa nueva, y en los foros es conocido como \u201cProyecto 365\u201d; consiste en realizar durante un a\u00f1o, una fotograf\u00eda diaria y compartirla en alguna de las redes sociales (en este caso en Facebook). La particularidad del reto, es que Juana decidi\u00f3 utilizar el m\u00f3vil para realizar<\/p>\n<div class=\"belowpost\"><a class=\"btnmore\" href=\"https:\/\/www.huelvaysusfotografos.com\/?p=2096\">Seguir leyendo<\/a><\/div>\n","protected":false},"author":41,"featured_media":0,"comment_status":"open","ping_status":"open","sticky":false,"template":"","format":"standard","meta":{"footnotes":"","_links_to":"","_links_to_target":""},"categories":[23],"tags":[112,141],"class_list":["post-2096","post","type-post","status-publish","format-standard","hentry","category-exposiciones","tag-juana-martin","tag-movil-2"],"_links":{"self":[{"href":"https:\/\/www.huelvaysusfotografos.com\/index.php?rest_route=\/wp\/v2\/posts\/2096","targetHints":{"allow":["GET"]}}],"collection":[{"href":"https:\/\/www.huelvaysusfotografos.com\/index.php?rest_route=\/wp\/v2\/posts"}],"about":[{"href":"https:\/\/www.huelvaysusfotografos.com\/index.php?rest_route=\/wp\/v2\/types\/post"}],"author":[{"embeddable":true,"href":"https:\/\/www.huelvaysusfotografos.com\/index.php?rest_route=\/wp\/v2\/users\/41"}],"replies":[{"embeddable":true,"href":"https:\/\/www.huelvaysusfotografos.com\/index.php?rest_route=%2Fwp%2Fv2%2Fcomments&post=2096"}],"version-history":[{"count":8,"href":"https:\/\/www.huelvaysusfotografos.com\/index.php?rest_route=\/wp\/v2\/posts\/2096\/revisions"}],"predecessor-version":[{"id":2407,"href":"https:\/\/www.huelvaysusfotografos.com\/index.php?rest_route=\/wp\/v2\/posts\/2096\/revisions\/2407"}],"wp:attachment":[{"href":"https:\/\/www.huelvaysusfotografos.com\/index.php?rest_route=%2Fwp%2Fv2%2Fmedia&parent=2096"}],"wp:term":[{"taxonomy":"category","embeddable":true,"href":"https:\/\/www.huelvaysusfotografos.com\/index.php?rest_route=%2Fwp%2Fv2%2Fcategories&post=2096"},{"taxonomy":"post_tag","embeddable":true,"href":"https:\/\/www.huelvaysusfotografos.com\/index.php?rest_route=%2Fwp%2Fv2%2Ftags&post=2096"}],"curies":[{"name":"wp","href":"https:\/\/api.w.org\/{rel}","templated":true}]}}