{"id":2080,"date":"2013-05-25T10:45:19","date_gmt":"2013-05-25T09:45:19","guid":{"rendered":"http:\/\/www.huelvaysusfotografos.com\/?p=2080"},"modified":"2013-06-21T12:55:01","modified_gmt":"2013-06-21T11:55:01","slug":"quedada-en-las-fiestas-de-san-isidro-labrador-gibraleon","status":"publish","type":"post","link":"https:\/\/www.huelvaysusfotografos.com\/?p=2080","title":{"rendered":"Quedada en las Fiestas de San Isidro Labrador. Gibrale\u00f3n"},"content":{"rendered":"<p>Mayo ha sido un mes intenso para muchos municipios, que celebran sus fiestas y romer\u00edas con gran fervor y entusiasmo. Desde \u201cHuelva y sus fot\u00f3grafos\u201d, se organiz\u00f3 una quedada fotogr\u00e1fica en este mes, concretamente en Gibrale\u00f3n en sus Fiestas de San Isidro Labrador. Algunos participantes de la fiesta, han querido dar testimonio escrito y gr\u00e1fico de las vivencias durante el s\u00e1bado 11 de mayo, con el fin de animar a aquellos que por diferentes motivos no han participado ni de las quedadas ni de esta Fiesta tan peculiar. Carmen Torres Chaguaceda, nos cuenta\u2026 \u00ab<i>Yo como olontense, no puedo decir que me haya sorprendido algo de esta fiesta de San Isidro, dado que la conozco desde peque\u00f1a, pero s\u00ed que puedo comentar mi experiencia desde el visor de mi c\u00e1mara. Ha sido un d\u00eda estupendo, en el que hemos vivido una jornada festiva completa, con procesi\u00f3n, baile, comida, tiradas y fotos, muchas fotos. Ha sido mi primera quedada en este magn\u00edfico grupo y tengo que decir que me he sentido totalmente integrada, como si les conociera de toda la vida. Espero que \u00e9sta haya sido la primera de muchas reuniones de amigos que comparten una afici\u00f3n. Y solo me queda agradecer a Juana y a Joaqu\u00edn el que nos abrieran las puertas de su casa para disfrutar de una agradabil\u00edsima comida en ella\u00bb.<\/i><\/p>\n<figure id=\"attachment_2084\" aria-describedby=\"caption-attachment-2084\" style=\"width: 300px\" class=\"wp-caption aligncenter\"><a href=\"https:\/\/www.huelvaysusfotografos.com\/wp-content\/uploads\/2013\/05\/\/Carmen-T-Chaguaceda-2.jpg\"><img loading=\"lazy\" decoding=\"async\" class=\"size-medium wp-image-2084\" alt=\"Foto: Carmen T Chaguaceda\" src=\"https:\/\/www.huelvaysusfotografos.com\/wp-content\/uploads\/2013\/05\/Carmen-T-Chaguaceda-2-300x159.jpg\" width=\"300\" height=\"159\" \/><\/a><figcaption id=\"caption-attachment-2084\" class=\"wp-caption-text\">Foto: Carmen T Chaguaceda<\/figcaption><\/figure>\n<p>Manolo Silva, contin\u00faa diciendo que<em id=\"__mceDel\"> <i>\u201cEn todo momento percib\u00ed un ambiente festivo con una gran participaci\u00f3n popular donde me sorprendi\u00f3 la mezcla de procesi\u00f3n, romer\u00eda itinerante y samb\u00f3dromo, con una dosis carnavalesca. La m\u00fasica de la charanga sin querer hac\u00eda que movieras el cuerpo. Todos esos momentos por el recorrido de las distintas calles me ofreci\u00f3 la oportunidad de fotografiar los instantes tan diversos uni\u00f3n de antiguas costumbres y modernas, que forman este interesante conjunto cultural. Capturar las manos abiertas esperando coger algo fue un reto personal cada vez que se produc\u00eda un tirada\u201d.<\/i><\/em><\/p>\n<figure id=\"attachment_2082\" aria-describedby=\"caption-attachment-2082\" style=\"width: 300px\" class=\"wp-caption aligncenter\"><a href=\"https:\/\/www.huelvaysusfotografos.com\/wp-content\/uploads\/2013\/05\/Tiradas_S_Isidro04-Maolo-Silva.jpg\"><img loading=\"lazy\" decoding=\"async\" class=\"size-medium wp-image-2082\" alt=\"Manolo Silva\" src=\"https:\/\/www.huelvaysusfotografos.com\/wp-content\/uploads\/2013\/05\/Tiradas_S_Isidro04-Maolo-Silva-300x150.jpg\" width=\"300\" height=\"150\" srcset=\"https:\/\/www.huelvaysusfotografos.com\/wp-content\/uploads\/2013\/05\/Tiradas_S_Isidro04-Maolo-Silva-300x150.jpg 300w, https:\/\/www.huelvaysusfotografos.com\/wp-content\/uploads\/2013\/05\/Tiradas_S_Isidro04-Maolo-Silva-768x384.jpg 768w, https:\/\/www.huelvaysusfotografos.com\/wp-content\/uploads\/2013\/05\/Tiradas_S_Isidro04-Maolo-Silva.jpg 800w\" sizes=\"auto, (max-width: 300px) 100vw, 300px\" \/><\/a><figcaption id=\"caption-attachment-2082\" class=\"wp-caption-text\">Foto: Manolo Silva<\/figcaption><\/figure>\n<p>Isaac Garc\u00eda, dice que\u00a0<i>\u201clas fiestas de San Isidro que he podido disfrutar me han parecido muy singulares, en todo momento se ve disfrutar a la gente del pueblo que te ofrecen todo para que pases un buen d\u00eda y disfrutes de la tradici\u00f3n de la \u00abtir\u00e1\u00bb algo tremendamente nuevo para m\u00ed. Ver la ilusi\u00f3n de peque\u00f1os y mayores, los que tiran y los que esperan manos arriba impacientes el objeto lanzado, hace que te involucres y vayas a la siguiente casa preparado para participar de la fiesta. \u00a1Fenomenal!. \u00a0<\/i>La foto que he elegido pretende destacar los dos protagonistas de la jornada: uno San Isidro, l\u00edder de la jornada paseado por las calles y recibiendo vivas y donativos para los m\u00e1s necesitados, y otro representado en ese donativo simb\u00f3lico de algo tan arraigado en nuestras celebraciones y que en ning\u00fan momento desvirtu\u00f3 la gran fiesta del Santo. Por todo ello, espero poder asistir en futuras ediciones y\u00a0participar\u00a0con entusiasmo de esta gran festividad\u201d.<\/p>\n<figure id=\"attachment_2081\" aria-describedby=\"caption-attachment-2081\" style=\"width: 199px\" class=\"wp-caption aligncenter\"><a href=\"https:\/\/www.huelvaysusfotografos.com\/wp-content\/uploads\/2013\/05\/MG_2864-San-Isidro-Isaac.jpg\"><img loading=\"lazy\" decoding=\"async\" class=\"size-medium wp-image-2081\" alt=\"Foto: Isaac Garc\u00eda\" src=\"https:\/\/www.huelvaysusfotografos.com\/wp-content\/uploads\/2013\/05\/MG_2864-San-Isidro-Isaac-199x300.jpg\" width=\"199\" height=\"300\" \/><\/a><figcaption id=\"caption-attachment-2081\" class=\"wp-caption-text\">Foto: Isaac Garc\u00eda<\/figcaption><\/figure>\n<p>Elena S\u00e1nchez Balonga, cuenta que <i>\u00abPenetrar en este lugar&#8230; te transporta a otros tiempos&#8230; a otros a\u00f1os&#8230; a otro mundo&#8230; Esconderse entre la multitud&#8230; ser uno de ellos por un instantes&#8230; sentir la adrenalina, la locura, los gritos, de la recogida del premio final&#8230; o de las risas de los amigos y familiares&#8230; Me encanto sumergirme entre la gente y sentir como ellos&#8230; donde no hay tiempo, ni prisa&#8230; todo es visceral&#8230; atemporal, sano y natural&#8230; un momento sublime para sentir y dejarse llevar&#8230;\u00bb .<\/i><\/p>\n<figure id=\"attachment_2083\" aria-describedby=\"caption-attachment-2083\" style=\"width: 300px\" class=\"wp-caption aligncenter\"><a href=\"https:\/\/www.huelvaysusfotografos.com\/wp-content\/uploads\/2013\/05\/1-8-Elena-S\u00e1nchez.jpg\"><img loading=\"lazy\" decoding=\"async\" class=\"size-medium wp-image-2083\" alt=\"Foto: Elena S\u00e1nchez Balonga\" src=\"https:\/\/www.huelvaysusfotografos.com\/wp-content\/uploads\/2013\/05\/1-8-Elena-S\u00e1nchez-300x195.jpg\" width=\"300\" height=\"195\" \/><\/a><figcaption id=\"caption-attachment-2083\" class=\"wp-caption-text\">Foto: Elena S\u00e1nchez Balonga<\/figcaption><\/figure>\n<p>Antonio Mu\u00f1oz, que tambi\u00e9n tiene \u201ctablas\u201d en esta festividad, no ofrece su visi\u00f3n de un momento en particular: <i>\u201cEsta foto la hice en la Plaza de Los Leones porque es de los sitios donde m\u00e1s gente se concentra, al ser un espacio amplio, lo malo es que cuando el Santo pasa direcci\u00f3n a la Barriada Cruz de Hierro se quedan esperando a que regrese el Santo, desluciendo as\u00ed un poco su paso por dicho barrio\u201d.<\/i><\/p>\n<figure id=\"attachment_2085\" aria-describedby=\"caption-attachment-2085\" style=\"width: 300px\" class=\"wp-caption aligncenter\"><a href=\"https:\/\/www.huelvaysusfotografos.com\/wp-content\/uploads\/2013\/05\/Cheri_MG_2522-1.jpg\"><img loading=\"lazy\" decoding=\"async\" class=\"size-medium wp-image-2085\" alt=\"Foto: Antonio Mu\u00f1oz\" src=\"https:\/\/www.huelvaysusfotografos.com\/wp-content\/uploads\/2013\/05\/Cheri_MG_2522-1-300x200.jpg\" width=\"300\" height=\"200\" srcset=\"https:\/\/www.huelvaysusfotografos.com\/wp-content\/uploads\/2013\/05\/Cheri_MG_2522-1-300x200.jpg 300w, https:\/\/www.huelvaysusfotografos.com\/wp-content\/uploads\/2013\/05\/Cheri_MG_2522-1-768x512.jpg 768w, https:\/\/www.huelvaysusfotografos.com\/wp-content\/uploads\/2013\/05\/Cheri_MG_2522-1-120x80.jpg 120w, https:\/\/www.huelvaysusfotografos.com\/wp-content\/uploads\/2013\/05\/Cheri_MG_2522-1.jpg 1000w\" sizes=\"auto, (max-width: 300px) 100vw, 300px\" \/><\/a><figcaption id=\"caption-attachment-2085\" class=\"wp-caption-text\">Foto: Antonio Mu\u00f1oz<\/figcaption><\/figure>\n<p>Y Juana Mart\u00edn, \u00a0que a pesar de no ser olontense vive en Gibrale\u00f3n, nos relata que <i>\u201cno conoc\u00eda esta fiesta hasta que me traslad\u00e9 a vivir a Gibrale\u00f3n, y me sorprendi\u00f3 la diversidad de situaciones y gentes que re\u00fane. Y como siempre estoy pensando en im\u00e1genes, veo las posibilidades pl\u00e1sticas y art\u00edsticas que ofrece. Durante varios a\u00f1os he salido a las calles para fotografiar a San Isidro, pero cada a\u00f1o una se fija en otros detalles, como el que os muestro, porque hay que decir, que a pesar de ser una explosi\u00f3n de alegr\u00eda, hay momentos de recogimiento y devoci\u00f3n hacia el Santo\u201d.<\/i><\/p>\n<figure id=\"attachment_2086\" aria-describedby=\"caption-attachment-2086\" style=\"width: 300px\" class=\"wp-caption aligncenter\"><a href=\"https:\/\/www.huelvaysusfotografos.com\/wp-content\/uploads\/2013\/05\/Devoci\u00f3n-Juana-Mart\u00edn.jpg\"><img loading=\"lazy\" decoding=\"async\" class=\"size-medium wp-image-2086\" alt=\"Foto: Juana Mart\u00edn\" src=\"https:\/\/www.huelvaysusfotografos.com\/wp-content\/uploads\/2013\/05\/Devoci\u00f3n-Juana-Mart\u00edn-300x199.jpg\" width=\"300\" height=\"199\" srcset=\"https:\/\/www.huelvaysusfotografos.com\/wp-content\/uploads\/2013\/05\/Devoci\u00f3n-Juana-Mart\u00edn-300x199.jpg 300w, https:\/\/www.huelvaysusfotografos.com\/wp-content\/uploads\/2013\/05\/Devoci\u00f3n-Juana-Mart\u00edn-120x80.jpg 120w, https:\/\/www.huelvaysusfotografos.com\/wp-content\/uploads\/2013\/05\/Devoci\u00f3n-Juana-Mart\u00edn.jpg 640w\" sizes=\"auto, (max-width: 300px) 100vw, 300px\" \/><\/a><figcaption id=\"caption-attachment-2086\" class=\"wp-caption-text\">Foto: Juana Mart\u00edn<\/figcaption><\/figure>\n<p>Para finalizar, agradecer los momentos de convivencia que hemos pasado juntos, que incluso algunos han quedado recogidos para la posteridad. Animar de nuevo a los socios a participar de esta forma tan amena de compartir la afici\u00f3n por la fotograf\u00eda. Ya estamos pensando en m\u00e1s&#8230;<\/p>\n","protected":false},"excerpt":{"rendered":"<p>Mayo ha sido un mes intenso para muchos municipios, que celebran sus fiestas y romer\u00edas con gran fervor y entusiasmo. Desde \u201cHuelva y sus fot\u00f3grafos\u201d, se organiz\u00f3 una quedada fotogr\u00e1fica en este mes, concretamente en Gibrale\u00f3n en sus Fiestas de San Isidro Labrador. Algunos participantes de la fiesta, han querido dar testimonio escrito y gr\u00e1fico de las vivencias durante el s\u00e1bado 11 de mayo, con el fin de animar a<\/p>\n<div class=\"belowpost\"><a class=\"btnmore\" href=\"https:\/\/www.huelvaysusfotografos.com\/?p=2080\">Seguir leyendo<\/a><\/div>\n","protected":false},"author":41,"featured_media":0,"comment_status":"open","ping_status":"open","sticky":false,"template":"","format":"standard","meta":{"footnotes":"","_links_to":"","_links_to_target":""},"categories":[4,3,6],"tags":[111,47,60,26,109,110],"class_list":["post-2080","post","type-post","status-publish","format-standard","hentry","category-actividades","category-noticias","category-quedadas","tag-gibraleon","tag-huelva","tag-huelva-y-sus-fotografos","tag-juana-martin-infantes","tag-kdd","tag-san-isidro"],"_links":{"self":[{"href":"https:\/\/www.huelvaysusfotografos.com\/index.php?rest_route=\/wp\/v2\/posts\/2080","targetHints":{"allow":["GET"]}}],"collection":[{"href":"https:\/\/www.huelvaysusfotografos.com\/index.php?rest_route=\/wp\/v2\/posts"}],"about":[{"href":"https:\/\/www.huelvaysusfotografos.com\/index.php?rest_route=\/wp\/v2\/types\/post"}],"author":[{"embeddable":true,"href":"https:\/\/www.huelvaysusfotografos.com\/index.php?rest_route=\/wp\/v2\/users\/41"}],"replies":[{"embeddable":true,"href":"https:\/\/www.huelvaysusfotografos.com\/index.php?rest_route=%2Fwp%2Fv2%2Fcomments&post=2080"}],"version-history":[{"count":10,"href":"https:\/\/www.huelvaysusfotografos.com\/index.php?rest_route=\/wp\/v2\/posts\/2080\/revisions"}],"predecessor-version":[{"id":2273,"href":"https:\/\/www.huelvaysusfotografos.com\/index.php?rest_route=\/wp\/v2\/posts\/2080\/revisions\/2273"}],"wp:attachment":[{"href":"https:\/\/www.huelvaysusfotografos.com\/index.php?rest_route=%2Fwp%2Fv2%2Fmedia&parent=2080"}],"wp:term":[{"taxonomy":"category","embeddable":true,"href":"https:\/\/www.huelvaysusfotografos.com\/index.php?rest_route=%2Fwp%2Fv2%2Fcategories&post=2080"},{"taxonomy":"post_tag","embeddable":true,"href":"https:\/\/www.huelvaysusfotografos.com\/index.php?rest_route=%2Fwp%2Fv2%2Ftags&post=2080"}],"curies":[{"name":"wp","href":"https:\/\/api.w.org\/{rel}","templated":true}]}}