{"id":2030,"date":"2013-05-31T19:29:30","date_gmt":"2013-05-31T18:29:30","guid":{"rendered":"http:\/\/www.huelvaysusfotografos.com\/?p=2030"},"modified":"2013-05-31T19:29:30","modified_gmt":"2013-05-31T18:29:30","slug":"reflexion-mimetismo-con-los-idolos","status":"publish","type":"post","link":"https:\/\/www.huelvaysusfotografos.com\/?p=2030","title":{"rendered":"Reflexi\u00f3n: Mimetismo con los \u00eddolos"},"content":{"rendered":"<p>A lo largo de los a\u00f1os, en este mundo de la fotograf\u00eda\u00a0vamos conociendo mucha gente,\u00a0tanto <a href=\"mailto:model@s\">model@s,<\/a> como fot\u00f3grafos profesionales, aficionados o &#8230; \u00abfantasmas\u00bb (un esp\u00e9cimen digno de reflexionar largo y tendido).<\/p>\n<p>Pero los que m\u00e1s me llaman la atenci\u00f3n, son aquellos que empiezan a cambiar radicalmente tras elegir a su \u00eddolo &#8230;.. y empiezan a \u00abmimetizarse\u00bb \u00a0\u00a1\u00a1S\u00ed, no pongas esa cara tan extra\u00f1a!! jajaja<\/p>\n<p>Todos o gran parte de nosotros, nos fijamos <img loading=\"lazy\" decoding=\"async\" class=\"alignleft size-medium wp-image-2143\" alt=\"\" src=\"https:\/\/www.huelvaysusfotografos.com\/wp-content\/uploads\/2013\/05\/mimetismo-300x300.jpg\" width=\"300\" height=\"300\" srcset=\"https:\/\/www.huelvaysusfotografos.com\/wp-content\/uploads\/2013\/05\/mimetismo-300x300.jpg 300w, https:\/\/www.huelvaysusfotografos.com\/wp-content\/uploads\/2013\/05\/mimetismo-150x150.jpg 150w, https:\/\/www.huelvaysusfotografos.com\/wp-content\/uploads\/2013\/05\/mimetismo-50x50.jpg 50w, https:\/\/www.huelvaysusfotografos.com\/wp-content\/uploads\/2013\/05\/mimetismo-186x186.jpg 186w, https:\/\/www.huelvaysusfotografos.com\/wp-content\/uploads\/2013\/05\/mimetismo.jpg 400w\" sizes=\"auto, (max-width: 300px) 100vw, 300px\" \/>en las fotos de grandes maestros (otros no salen de las redes del Flickr o del Facebook) e incluso intentamos \u00abimitarlos\u00bb, algo que personalmente lo veo muy bien, ya que as\u00ed &#8230; comprendemos su t\u00e9cnica y podremos luego intentar inventarnos la nuestra.<\/p>\n<p>Tampoco debemos ser unos \u00abcopiones literales\u00bb, recuerdo el caso de un \u00abcopi\u00f3n\u00bb que tuve, que tras publicar una sesi\u00f3n con una chica, se llev\u00f3 otra chica al mismo sitio y la coloc\u00f3 con las mismas poses, lo mismo conmigo que con otros compa\u00f1eros que se \u00abquejaron\u00bb de este curioso copi\u00f3n luego se \u00abvend\u00eda\u00bb como original.<\/p>\n<p>Pero algunos fot\u00f3grafos, si llegan a conocer a su \u00eddolo, asistiendo a alg\u00fan taller o varios con su \u00eddolo, empiezan a copiar no s\u00f3lo las fotos &#8230; si no intentan tener la misma c\u00e1mara, objetivos, copian la firma de las fotos, llegan\u00a0hasta copiar la forma de vestir y &#8230;.. <strong>\u00a1\u00a1hasta la forma de hablar o escribir!!<\/strong><\/p>\n<p>A trav\u00e9s de las redes sociales, lees los comentarios de algunos y &#8230; \u00abqu\u00e9 curioso\u00bb, las mismas expresiones que su \u00eddolo &#8230; \u00bftanto lo admiramos o &#8230; necesitamos creernos que somos como nuestro \u00eddolo?<\/p>\n<p>Por ejemplo, recuerdo una macro quedada har\u00e1 algunos a\u00f1os en Sevilla, y &#8230; no pude evitar la risa, al ver varios fot\u00f3grafos que iban similares, parecidas las ropas, mismas gorras, mismo corte de barba, misma forma de llevar la c\u00e1mara &#8230; \u00a1\u00a1qu\u00e9 poco originales!!<\/p>\n<p>Bueno, pues ah\u00ed dejo mi reflexi\u00f3n, por si alguien quiere compartir la suya.<\/p>\n<p>&nbsp;<\/p>\n<p>&nbsp;<\/p>\n<p>&nbsp;<\/p>\n","protected":false},"excerpt":{"rendered":"<p>A lo largo de los a\u00f1os, en este mundo de la fotograf\u00eda\u00a0vamos conociendo mucha gente,\u00a0tanto model@s, como fot\u00f3grafos profesionales, aficionados o &#8230; \u00abfantasmas\u00bb (un esp\u00e9cimen digno de reflexionar largo y tendido). Pero los que m\u00e1s me llaman la atenci\u00f3n, son aquellos que empiezan a cambiar radicalmente tras elegir a su \u00eddolo &#8230;.. y empiezan a \u00abmimetizarse\u00bb \u00a0\u00a1\u00a1S\u00ed, no pongas esa cara tan extra\u00f1a!! jajaja Todos o gran parte de nosotros,<\/p>\n<div class=\"belowpost\"><a class=\"btnmore\" href=\"https:\/\/www.huelvaysusfotografos.com\/?p=2030\">Seguir leyendo<\/a><\/div>\n","protected":false},"author":2,"featured_media":0,"comment_status":"open","ping_status":"open","sticky":false,"template":"","format":"standard","meta":{"footnotes":"","_links_to":"","_links_to_target":""},"categories":[114],"tags":[149,47,113],"class_list":["post-2030","post","type-post","status-publish","format-standard","hentry","category-opiniones","tag-fotografos","tag-huelva","tag-mimetismo"],"_links":{"self":[{"href":"https:\/\/www.huelvaysusfotografos.com\/index.php?rest_route=\/wp\/v2\/posts\/2030","targetHints":{"allow":["GET"]}}],"collection":[{"href":"https:\/\/www.huelvaysusfotografos.com\/index.php?rest_route=\/wp\/v2\/posts"}],"about":[{"href":"https:\/\/www.huelvaysusfotografos.com\/index.php?rest_route=\/wp\/v2\/types\/post"}],"author":[{"embeddable":true,"href":"https:\/\/www.huelvaysusfotografos.com\/index.php?rest_route=\/wp\/v2\/users\/2"}],"replies":[{"embeddable":true,"href":"https:\/\/www.huelvaysusfotografos.com\/index.php?rest_route=%2Fwp%2Fv2%2Fcomments&post=2030"}],"version-history":[{"count":22,"href":"https:\/\/www.huelvaysusfotografos.com\/index.php?rest_route=\/wp\/v2\/posts\/2030\/revisions"}],"predecessor-version":[{"id":2148,"href":"https:\/\/www.huelvaysusfotografos.com\/index.php?rest_route=\/wp\/v2\/posts\/2030\/revisions\/2148"}],"wp:attachment":[{"href":"https:\/\/www.huelvaysusfotografos.com\/index.php?rest_route=%2Fwp%2Fv2%2Fmedia&parent=2030"}],"wp:term":[{"taxonomy":"category","embeddable":true,"href":"https:\/\/www.huelvaysusfotografos.com\/index.php?rest_route=%2Fwp%2Fv2%2Fcategories&post=2030"},{"taxonomy":"post_tag","embeddable":true,"href":"https:\/\/www.huelvaysusfotografos.com\/index.php?rest_route=%2Fwp%2Fv2%2Ftags&post=2030"}],"curies":[{"name":"wp","href":"https:\/\/api.w.org\/{rel}","templated":true}]}}