{"id":2015,"date":"2013-05-14T22:03:20","date_gmt":"2013-05-14T21:03:20","guid":{"rendered":"http:\/\/www.huelvaysusfotografos.com\/?p=2015"},"modified":"2013-05-14T22:03:57","modified_gmt":"2013-05-14T21:03:57","slug":"puerta-del-atlantico-acoge-una-exposicion-en-la-que-se-presenta-una-mirada-diferente-de-huelva","status":"publish","type":"post","link":"https:\/\/www.huelvaysusfotografos.com\/?p=2015","title":{"rendered":"Puerta del Atl\u00e1ntico acoge una exposici\u00f3n en la que se presenta una mirada diferente de Huelva."},"content":{"rendered":"<div><strong><a href=\"https:\/\/www.huelvaysusfotografos.com\/wp-content\/uploads\/2013\/05\/IMG_4371-300x1991.jpg\" target=\"_blank\">&#8216;Huelva en la Retina&#8217;\u00a0 es una muestra con la que la asociaci\u00f3n fotogr\u00e1fica &#8216;Huelva y sus Fot\u00f3grafos&#8217; dejan ver una imagen diferente de la capital y la provincia.<\/a><\/strong><\/div>\n<div><\/div>\n<div>\n<p style=\"text-align: center;\"><a href=\"http:\/\/huelvabuenasnoticias.com\/2013\/05\/14\/puerta-del-atlantico-acoge-una-exposicion-en-la-que-se-presenta-una-mirada-diferente-de-huelva\/\" target=\"_blank\"><img loading=\"lazy\" decoding=\"async\" class=\"aligncenter size-full wp-image-2018\" title=\"Fot\u00f3grafos participantes de la exposici\u00f3n.\" alt=\"\" src=\"https:\/\/www.huelvaysusfotografos.com\/wp-content\/uploads\/2013\/05\/8739084538_4fc740f239.jpg\" width=\"500\" height=\"333\" srcset=\"https:\/\/www.huelvaysusfotografos.com\/wp-content\/uploads\/2013\/05\/8739084538_4fc740f239.jpg 500w, https:\/\/www.huelvaysusfotografos.com\/wp-content\/uploads\/2013\/05\/8739084538_4fc740f239-300x200.jpg 300w, https:\/\/www.huelvaysusfotografos.com\/wp-content\/uploads\/2013\/05\/8739084538_4fc740f239-120x80.jpg 120w\" sizes=\"auto, (max-width: 500px) 100vw, 500px\" \/><\/a><\/p>\n<p>\u00a0El Centro de Visitantes \u2018Huelva, Puerta del Atlantico\u2019 acoge, desde el 13 al 25 de mayo de 2013, la muestra <em><strong>Huelva en la retina,<\/strong> <\/em>una exposici\u00f3n en la que se da a conocer diferentes visiones de la capital y la provincia.<\/p>\n<p>Organizada por la asociaci\u00f3n fotogr\u00e1fica <a href=\"https:\/\/www.huelvaysusfotografos.com\/\" target=\"_blank\">\u2018Huelva y sus Fot\u00f3grafos<\/a>, en colaboraci\u00f3n con el ayuntamiento de Huelva, los onubenses tienen una nueva oportunidad de <strong>ver a Huelva con otros ojos a trav\u00e9s de estas im\u00e1genes<\/strong> que estuvieron expuestas, en diciembre de 2012, en la Casa Col\u00f3n.<\/p>\n<p>Todos aquellos que quieran descubrir la Huelva que estos\u00a0fot\u00f3grafos\u00a0nos muestran pueden hacerlo de lunes a viernes en horario de 10 a 14 horas y de 17 a 20 horas, y los \u00a0s\u00e1bados de 10 a 12 horas.<\/p>\n<p>&nbsp;<\/p>\n<\/div>\n<div>\n<p>Fuente:<a href=\"http:\/\/huelvabuenasnoticias.com\/2013\/05\/14\/puerta-del-atlantico-acoge-una-exposicion-en-la-que-se-presenta-una-mirada-diferente-de-huelva\/\">http:\/\/huelvabuenasnoticias.com\/2013\/05\/14\/puerta-del-atlantico-acoge-una-exposicion-en-la-que-se-presenta-una-mirada-diferente-de-huelva\/<\/a><\/p>\n<\/div>\n","protected":false},"excerpt":{"rendered":"<p>&#8216;Huelva en la Retina&#8217;\u00a0 es una muestra con la que la asociaci\u00f3n fotogr\u00e1fica &#8216;Huelva y sus Fot\u00f3grafos&#8217; dejan ver una imagen diferente de la capital y la provincia. \u00a0El Centro de Visitantes \u2018Huelva, Puerta del Atlantico\u2019 acoge, desde el 13 al 25 de mayo de 2013, la muestra Huelva en la retina, una exposici\u00f3n en la que se da a conocer diferentes visiones de la capital y la provincia. Organizada<\/p>\n<div class=\"belowpost\"><a class=\"btnmore\" href=\"https:\/\/www.huelvaysusfotografos.com\/?p=2015\">Seguir leyendo<\/a><\/div>\n","protected":false},"author":6,"featured_media":0,"comment_status":"open","ping_status":"open","sticky":false,"template":"","format":"standard","meta":{"footnotes":"","_links_to":"","_links_to_target":""},"categories":[23,3],"tags":[],"class_list":["post-2015","post","type-post","status-publish","format-standard","hentry","category-exposiciones","category-noticias"],"_links":{"self":[{"href":"https:\/\/www.huelvaysusfotografos.com\/index.php?rest_route=\/wp\/v2\/posts\/2015","targetHints":{"allow":["GET"]}}],"collection":[{"href":"https:\/\/www.huelvaysusfotografos.com\/index.php?rest_route=\/wp\/v2\/posts"}],"about":[{"href":"https:\/\/www.huelvaysusfotografos.com\/index.php?rest_route=\/wp\/v2\/types\/post"}],"author":[{"embeddable":true,"href":"https:\/\/www.huelvaysusfotografos.com\/index.php?rest_route=\/wp\/v2\/users\/6"}],"replies":[{"embeddable":true,"href":"https:\/\/www.huelvaysusfotografos.com\/index.php?rest_route=%2Fwp%2Fv2%2Fcomments&post=2015"}],"version-history":[{"count":10,"href":"https:\/\/www.huelvaysusfotografos.com\/index.php?rest_route=\/wp\/v2\/posts\/2015\/revisions"}],"predecessor-version":[{"id":2027,"href":"https:\/\/www.huelvaysusfotografos.com\/index.php?rest_route=\/wp\/v2\/posts\/2015\/revisions\/2027"}],"wp:attachment":[{"href":"https:\/\/www.huelvaysusfotografos.com\/index.php?rest_route=%2Fwp%2Fv2%2Fmedia&parent=2015"}],"wp:term":[{"taxonomy":"category","embeddable":true,"href":"https:\/\/www.huelvaysusfotografos.com\/index.php?rest_route=%2Fwp%2Fv2%2Fcategories&post=2015"},{"taxonomy":"post_tag","embeddable":true,"href":"https:\/\/www.huelvaysusfotografos.com\/index.php?rest_route=%2Fwp%2Fv2%2Ftags&post=2015"}],"curies":[{"name":"wp","href":"https:\/\/api.w.org\/{rel}","templated":true}]}}