{"id":1906,"date":"2013-04-30T16:42:29","date_gmt":"2013-04-30T15:42:29","guid":{"rendered":"http:\/\/www.huelvaysusfotografos.com\/?p=1906"},"modified":"2013-04-30T16:42:29","modified_gmt":"2013-04-30T15:42:29","slug":"invitacion","status":"publish","type":"post","link":"https:\/\/www.huelvaysusfotografos.com\/?p=1906","title":{"rendered":"INVITACI\u00d3N"},"content":{"rendered":"<p><a href=\"https:\/\/www.huelvaysusfotografos.com\/wp-content\/uploads\/2013\/04\/tertulia-bannerPQ.jpg\"><img loading=\"lazy\" decoding=\"async\" class=\"aligncenter size-full wp-image-1907\" alt=\"\" src=\"https:\/\/www.huelvaysusfotografos.com\/wp-content\/uploads\/2013\/04\/tertulia-bannerPQ.jpg\" width=\"580\" height=\"215\" srcset=\"https:\/\/www.huelvaysusfotografos.com\/wp-content\/uploads\/2013\/04\/tertulia-bannerPQ.jpg 580w, https:\/\/www.huelvaysusfotografos.com\/wp-content\/uploads\/2013\/04\/tertulia-bannerPQ-300x111.jpg 300w\" sizes=\"auto, (max-width: 580px) 100vw, 580px\" \/><\/a><\/p>\n<p>Estimados amigos en la fotograf\u00eda, socios y no socios, expertos y principiantes en la imagen fotogr\u00e1fica, aprendices y maestros, pol\u00edticos y ciudadanos . . . ! Tienen cabida todas las personas que quieran echar un rato de caf\u00e9s y cervezas para hablar de fotograf\u00eda. Os espero del pr\u00f3ximo Jueves 2, al rededor de las 18:30 en el Bar los Moz\u00e1rabes. Y recordar, que ten\u00e9is la posibilidad de traer fotos en peque\u00f1o formato (10&#215;15) que hablen sobre el tema sugerido.<\/p>\n","protected":false},"excerpt":{"rendered":"<p>Estimados amigos en la fotograf\u00eda, socios y no socios, expertos y principiantes en la imagen fotogr\u00e1fica, aprendices y maestros, pol\u00edticos y ciudadanos . . . ! Tienen cabida todas las personas que quieran echar un rato de caf\u00e9s y cervezas para hablar de fotograf\u00eda. Os espero del pr\u00f3ximo Jueves 2, al rededor de las 18:30 en el Bar los Moz\u00e1rabes. Y recordar, que ten\u00e9is la posibilidad de traer fotos en<\/p>\n<div class=\"belowpost\"><a class=\"btnmore\" href=\"https:\/\/www.huelvaysusfotografos.com\/?p=1906\">Seguir leyendo<\/a><\/div>\n","protected":false},"author":47,"featured_media":0,"comment_status":"open","ping_status":"open","sticky":false,"template":"","format":"standard","meta":{"footnotes":"","_links_to":"","_links_to_target":""},"categories":[4,3,32],"tags":[],"class_list":["post-1906","post","type-post","status-publish","format-standard","hentry","category-actividades","category-noticias","category-tertulias"],"_links":{"self":[{"href":"https:\/\/www.huelvaysusfotografos.com\/index.php?rest_route=\/wp\/v2\/posts\/1906","targetHints":{"allow":["GET"]}}],"collection":[{"href":"https:\/\/www.huelvaysusfotografos.com\/index.php?rest_route=\/wp\/v2\/posts"}],"about":[{"href":"https:\/\/www.huelvaysusfotografos.com\/index.php?rest_route=\/wp\/v2\/types\/post"}],"author":[{"embeddable":true,"href":"https:\/\/www.huelvaysusfotografos.com\/index.php?rest_route=\/wp\/v2\/users\/47"}],"replies":[{"embeddable":true,"href":"https:\/\/www.huelvaysusfotografos.com\/index.php?rest_route=%2Fwp%2Fv2%2Fcomments&post=1906"}],"version-history":[{"count":4,"href":"https:\/\/www.huelvaysusfotografos.com\/index.php?rest_route=\/wp\/v2\/posts\/1906\/revisions"}],"predecessor-version":[{"id":1913,"href":"https:\/\/www.huelvaysusfotografos.com\/index.php?rest_route=\/wp\/v2\/posts\/1906\/revisions\/1913"}],"wp:attachment":[{"href":"https:\/\/www.huelvaysusfotografos.com\/index.php?rest_route=%2Fwp%2Fv2%2Fmedia&parent=1906"}],"wp:term":[{"taxonomy":"category","embeddable":true,"href":"https:\/\/www.huelvaysusfotografos.com\/index.php?rest_route=%2Fwp%2Fv2%2Fcategories&post=1906"},{"taxonomy":"post_tag","embeddable":true,"href":"https:\/\/www.huelvaysusfotografos.com\/index.php?rest_route=%2Fwp%2Fv2%2Ftags&post=1906"}],"curies":[{"name":"wp","href":"https:\/\/api.w.org\/{rel}","templated":true}]}}