{"id":1898,"date":"2013-04-30T16:17:46","date_gmt":"2013-04-30T15:17:46","guid":{"rendered":"http:\/\/www.huelvaysusfotografos.com\/?p=1898"},"modified":"2013-04-30T16:17:46","modified_gmt":"2013-04-30T15:17:46","slug":"la-tertulia-de-la-asociacion-2-de-mayo","status":"publish","type":"post","link":"https:\/\/www.huelvaysusfotografos.com\/?p=1898","title":{"rendered":"LA TERTULIA DE LA ASOCIACI\u00d3N, 2 DE MAYO"},"content":{"rendered":"<p><a href=\"https:\/\/www.huelvaysusfotografos.com\/wp-content\/uploads\/2013\/04\/tertulia_1_1.jpg\"><img loading=\"lazy\" decoding=\"async\" class=\"aligncenter size-full wp-image-1899\" alt=\"\" src=\"https:\/\/www.huelvaysusfotografos.com\/wp-content\/uploads\/2013\/04\/tertulia_1_1.jpg\" width=\"531\" height=\"531\" srcset=\"https:\/\/www.huelvaysusfotografos.com\/wp-content\/uploads\/2013\/04\/tertulia_1_1.jpg 531w, https:\/\/www.huelvaysusfotografos.com\/wp-content\/uploads\/2013\/04\/tertulia_1_1-300x300.jpg 300w, https:\/\/www.huelvaysusfotografos.com\/wp-content\/uploads\/2013\/04\/tertulia_1_1-150x150.jpg 150w, https:\/\/www.huelvaysusfotografos.com\/wp-content\/uploads\/2013\/04\/tertulia_1_1-50x50.jpg 50w, https:\/\/www.huelvaysusfotografos.com\/wp-content\/uploads\/2013\/04\/tertulia_1_1-186x186.jpg 186w\" sizes=\"auto, (max-width: 531px) 100vw, 531px\" \/><\/a><\/p>\n<h3>\u00a0\u201cDe\u00a0 Lo vulgar y lo sublime\u201d<\/h3>\n<p>Estos dos conceptos se han interpretado en numerosas ocasiones a lo largo de la historia del arte y adem\u00e1s son muy subjetivos, parece una autentica contradicci\u00f3n como son tan opuestos y al mismo tiempo asociables en la imagen fotogr\u00e1fica. A veces, pod\u00edamos interpretar que se necesitan, pero cada uno vagabundea en el mundo de la imagen por si solo, o quiz\u00e1s de una forma conjunta . . . ! Puede ser, que al final, la propia imagen es lo que cada uno quiera que sea.<\/p>\n","protected":false},"excerpt":{"rendered":"<p>\u00a0\u201cDe\u00a0 Lo vulgar y lo sublime\u201d Estos dos conceptos se han interpretado en numerosas ocasiones a lo largo de la historia del arte y adem\u00e1s son muy subjetivos, parece una autentica contradicci\u00f3n como son tan opuestos y al mismo tiempo asociables en la imagen fotogr\u00e1fica. A veces, pod\u00edamos interpretar que se necesitan, pero cada uno vagabundea en el mundo de la imagen por si solo, o quiz\u00e1s de una forma<\/p>\n<div class=\"belowpost\"><a class=\"btnmore\" href=\"https:\/\/www.huelvaysusfotografos.com\/?p=1898\">Seguir leyendo<\/a><\/div>\n","protected":false},"author":47,"featured_media":0,"comment_status":"open","ping_status":"open","sticky":false,"template":"","format":"standard","meta":{"footnotes":"","_links_to":"","_links_to_target":""},"categories":[4,15,3,32],"tags":[149,47,60,93],"class_list":["post-1898","post","type-post","status-publish","format-standard","hentry","category-actividades","category-fotografos","category-noticias","category-tertulias","tag-fotografos","tag-huelva","tag-huelva-y-sus-fotografos","tag-tertulia"],"_links":{"self":[{"href":"https:\/\/www.huelvaysusfotografos.com\/index.php?rest_route=\/wp\/v2\/posts\/1898","targetHints":{"allow":["GET"]}}],"collection":[{"href":"https:\/\/www.huelvaysusfotografos.com\/index.php?rest_route=\/wp\/v2\/posts"}],"about":[{"href":"https:\/\/www.huelvaysusfotografos.com\/index.php?rest_route=\/wp\/v2\/types\/post"}],"author":[{"embeddable":true,"href":"https:\/\/www.huelvaysusfotografos.com\/index.php?rest_route=\/wp\/v2\/users\/47"}],"replies":[{"embeddable":true,"href":"https:\/\/www.huelvaysusfotografos.com\/index.php?rest_route=%2Fwp%2Fv2%2Fcomments&post=1898"}],"version-history":[{"count":6,"href":"https:\/\/www.huelvaysusfotografos.com\/index.php?rest_route=\/wp\/v2\/posts\/1898\/revisions"}],"predecessor-version":[{"id":1905,"href":"https:\/\/www.huelvaysusfotografos.com\/index.php?rest_route=\/wp\/v2\/posts\/1898\/revisions\/1905"}],"wp:attachment":[{"href":"https:\/\/www.huelvaysusfotografos.com\/index.php?rest_route=%2Fwp%2Fv2%2Fmedia&parent=1898"}],"wp:term":[{"taxonomy":"category","embeddable":true,"href":"https:\/\/www.huelvaysusfotografos.com\/index.php?rest_route=%2Fwp%2Fv2%2Fcategories&post=1898"},{"taxonomy":"post_tag","embeddable":true,"href":"https:\/\/www.huelvaysusfotografos.com\/index.php?rest_route=%2Fwp%2Fv2%2Ftags&post=1898"}],"curies":[{"name":"wp","href":"https:\/\/api.w.org\/{rel}","templated":true}]}}