{"id":1894,"date":"2013-05-02T18:30:40","date_gmt":"2013-05-02T17:30:40","guid":{"rendered":"http:\/\/www.huelvaysusfotografos.com\/?p=1894"},"modified":"2013-05-01T12:47:37","modified_gmt":"2013-05-01T11:47:37","slug":"fotografia-de-moda-mario-sierra","status":"publish","type":"post","link":"https:\/\/www.huelvaysusfotografos.com\/?p=1894","title":{"rendered":"Fotograf\u00eda de moda: Mario Sierra."},"content":{"rendered":"<p>Hoy os proponemos una inmensa <strong>fuente de inspiraci\u00f3n<\/strong> para todos aquellos\u00a0a los que les\u00a0guste la fotograf\u00eda de<strong> moda y publicidad<\/strong> de la mano de uno de los fot\u00f3grafos m\u00e1s importantes\u00a0de Espa\u00f1a\u00a0en esta disciplina. \u00c9l es <a href=\"http:\/\/www.mariosierra.net\/\" target=\"_blank\">Mario Sierra.<\/a><\/p>\n<p>Su estilo seduce al cliente por su absoluta dedicaci\u00f3n al trabajo que tiene entre manos, la eficacia a la hora de resolver y su impecable trato personal, correcto, elegante, fresco y divertido. Y especialmente por sus im\u00e1genes limpias, llenas de luz y de vida.<\/p>\n<p style=\"text-align: center;\"><a href=\"http:\/\/www.mariosierra.net\/\" target=\"_blank\"><img loading=\"lazy\" decoding=\"async\" class=\"aligncenter\" title=\"Laura S\u00e1nchez. Revista Mujer Hoy\" alt=\"\" src=\"https:\/\/www.huelvaysusfotografos.com\/wp-content\/uploads\/2013\/04\/laura-sanchez.jpg\" width=\"492\" height=\"291\" \/><\/a><\/p>\n<p><!--more--><\/p>\n<p>Sus fotograf\u00eda aparecen en el mundo editorial, sobre todo en la revista Elle, y en <em>Nox, DT, El Semanal, Men\u2019s Health, Man, Yodona, Hola<\/em>, \u2026<\/p>\n<p>Ha realizado campa\u00f1as para <em>Bandolli, Cocacola Light, Presaggio, Tribune, Baba, Destroy<\/em>, <em>Carrera y Carrera, Larios, Stradivarius, Pronovias, Kailis, Lina Bocardi, Red Point, Bora-Bora, Soltour, Bobbie Brown, Berkshire, Tous, Kadus, Tweety, Tintoretto, Amitie, Artego, Paco Herrero, Salvador Sapena, Tribune, L\u2019Or\u00e9al, Max Factor, Alta costura Paris, Lupo, Breil, Salsa Jeans,<\/em> \u2026<\/p>\n<p style=\"text-align: center;\"><a href=\"http:\/\/www.mariosierra.net\/\" target=\"_blank\"><img loading=\"lazy\" decoding=\"async\" class=\"aligncenter\" title=\"Almudena Fern\u00e1ndez. Cupl\u00e9 invierno 2012-2013\" alt=\"\" src=\"https:\/\/www.huelvaysusfotografos.com\/wp-content\/uploads\/2013\/04\/almudena-fdez.jpg\" width=\"492\" height=\"291\" \/><\/a><\/p>\n<p>Ha retratado a celebridades de la talla de <strong>Bobbi Brown, Gari Dourdan, Marta S\u00e1nchez, Victoria Abril, Maribel Verd\u00fa, Emilio Arag\u00f3n, Najwa Nimri, M\u00f3nica Molina, Joan Manuel Serrat <\/strong>y<strong> Martina Klein<\/strong>, entre otros.<\/p>\n<p><a href=\"http:\/\/www.mariosierra.net\/\" target=\"_blank\"><img loading=\"lazy\" decoding=\"async\" class=\" wp-image-1932 alignleft\" style=\"margin-left: 45px;\" title=\"Maribel Verd\u00fa.Revista Woman\" alt=\"\" src=\"https:\/\/www.huelvaysusfotografos.com\/wp-content\/uploads\/2013\/04\/maribel-verd\u00fa.jpg\" width=\"233\" height=\"298\" srcset=\"https:\/\/www.huelvaysusfotografos.com\/wp-content\/uploads\/2013\/04\/maribel-verd\u00fa.jpg 639w, https:\/\/www.huelvaysusfotografos.com\/wp-content\/uploads\/2013\/04\/maribel-verd\u00fa-235x300.jpg 235w\" sizes=\"auto, (max-width: 233px) 100vw, 233px\" \/><\/a><a href=\"http:\/\/www.mariosierra.net\/\" target=\"_blank\"><img loading=\"lazy\" decoding=\"async\" style=\"margin-top: 13px; margin-bottom: 13px; margin-left: 10px;\" title=\"Gary Dourdan y Mar Saura.\" alt=\"\" src=\"https:\/\/www.huelvaysusfotografos.com\/wp-content\/uploads\/2013\/04\/gari.jpg\" width=\"233\" height=\"298\" \/><\/a><\/p>\n<p>Tambi\u00e9n realiza talleres sobre fotograf\u00eda de moda.<\/p>\n<p>Os\u00a0invitamos a conocer\u00a0su\u00a0<a href=\"http:\/\/www.mariosierra.net\/\" target=\"_blank\">web\u00a0<\/a>es una aut\u00e9ntica gozada.<\/p>\n<p>&nbsp;<\/p>\n<p>Fuente:<a href=\"http:\/\/www.cadadiaunfotografo.com\/2011\/08\/mario-sierra.html\">http:\/\/www.cadadiaunfotografo.com\/2011\/08\/mario-sierra.html<\/a><\/p>\n<p>&nbsp;<\/p>\n","protected":false},"excerpt":{"rendered":"<p>Hoy os proponemos una inmensa fuente de inspiraci\u00f3n para todos aquellos\u00a0a los que les\u00a0guste la fotograf\u00eda de moda y publicidad de la mano de uno de los fot\u00f3grafos m\u00e1s importantes\u00a0de Espa\u00f1a\u00a0en esta disciplina. \u00c9l es Mario Sierra. Su estilo seduce al cliente por su absoluta dedicaci\u00f3n al trabajo que tiene entre manos, la eficacia a la hora de resolver y su impecable trato personal, correcto, elegante, fresco y divertido. Y<\/p>\n<div class=\"belowpost\"><a class=\"btnmore\" href=\"https:\/\/www.huelvaysusfotografos.com\/?p=1894\">Seguir leyendo<\/a><\/div>\n","protected":false},"author":6,"featured_media":0,"comment_status":"open","ping_status":"open","sticky":false,"template":"","format":"standard","meta":{"footnotes":"","_links_to":"","_links_to_target":""},"categories":[122,15],"tags":[95,97,96,100,99,101,102,94,16,10,98],"class_list":["post-1894","post","type-post","status-publish","format-standard","hentry","category-fotografia","category-fotografos","tag-alta-costura","tag-dt","tag-elle","tag-gary-dourdan","tag-laura-sanchez","tag-mar-saura","tag-maribel-verdu","tag-mario-sierra","tag-moda","tag-publicidad","tag-woman"],"_links":{"self":[{"href":"https:\/\/www.huelvaysusfotografos.com\/index.php?rest_route=\/wp\/v2\/posts\/1894","targetHints":{"allow":["GET"]}}],"collection":[{"href":"https:\/\/www.huelvaysusfotografos.com\/index.php?rest_route=\/wp\/v2\/posts"}],"about":[{"href":"https:\/\/www.huelvaysusfotografos.com\/index.php?rest_route=\/wp\/v2\/types\/post"}],"author":[{"embeddable":true,"href":"https:\/\/www.huelvaysusfotografos.com\/index.php?rest_route=\/wp\/v2\/users\/6"}],"replies":[{"embeddable":true,"href":"https:\/\/www.huelvaysusfotografos.com\/index.php?rest_route=%2Fwp%2Fv2%2Fcomments&post=1894"}],"version-history":[{"count":51,"href":"https:\/\/www.huelvaysusfotografos.com\/index.php?rest_route=\/wp\/v2\/posts\/1894\/revisions"}],"predecessor-version":[{"id":1969,"href":"https:\/\/www.huelvaysusfotografos.com\/index.php?rest_route=\/wp\/v2\/posts\/1894\/revisions\/1969"}],"wp:attachment":[{"href":"https:\/\/www.huelvaysusfotografos.com\/index.php?rest_route=%2Fwp%2Fv2%2Fmedia&parent=1894"}],"wp:term":[{"taxonomy":"category","embeddable":true,"href":"https:\/\/www.huelvaysusfotografos.com\/index.php?rest_route=%2Fwp%2Fv2%2Fcategories&post=1894"},{"taxonomy":"post_tag","embeddable":true,"href":"https:\/\/www.huelvaysusfotografos.com\/index.php?rest_route=%2Fwp%2Fv2%2Ftags&post=1894"}],"curies":[{"name":"wp","href":"https:\/\/api.w.org\/{rel}","templated":true}]}}