{"id":1887,"date":"2013-04-30T08:57:15","date_gmt":"2013-04-30T07:57:15","guid":{"rendered":"http:\/\/www.huelvaysusfotografos.com\/?p=1887"},"modified":"2013-04-30T08:58:51","modified_gmt":"2013-04-30T07:58:51","slug":"campana-publicitaria-arabia-saudi","status":"publish","type":"post","link":"https:\/\/www.huelvaysusfotografos.com\/?p=1887","title":{"rendered":"Campa\u00f1a publicitaria \u00abArabia Saud\u00ed\u00bb"},"content":{"rendered":"<p><strong>Primera campa\u00f1a publicitaria contra la violencia dom\u00e9stica en Arabia Saud\u00ed<\/strong><\/p>\n<p style=\"text-align: center;\"><a href=\"https:\/\/www.huelvaysusfotografos.com\/wp-content\/uploads\/2013\/04\/KKFABUSEAD1.jpg\" target=\"_blank\"><img loading=\"lazy\" decoding=\"async\" class=\"size-medium wp-image-1888 aligncenter\" alt=\"\" src=\"https:\/\/www.huelvaysusfotografos.com\/wp-content\/uploads\/2013\/04\/KKFABUSEAD1-300x227.jpg\" width=\"300\" height=\"227\" \/><\/a><\/p>\n<p>\u00a0Sobran las palabras<\/p>\n","protected":false},"excerpt":{"rendered":"<p>Primera campa\u00f1a publicitaria contra la violencia dom\u00e9stica en Arabia Saud\u00ed \u00a0Sobran las palabras<\/p>\n","protected":false},"author":2,"featured_media":0,"comment_status":"open","ping_status":"open","sticky":false,"template":"","format":"standard","meta":{"footnotes":"","_links_to":"","_links_to_target":""},"categories":[3],"tags":[91,10,92],"class_list":["post-1887","post","type-post","status-publish","format-standard","hentry","category-noticias","tag-campana-publicidad","tag-publicidad","tag-violencia-domestica"],"_links":{"self":[{"href":"https:\/\/www.huelvaysusfotografos.com\/index.php?rest_route=\/wp\/v2\/posts\/1887","targetHints":{"allow":["GET"]}}],"collection":[{"href":"https:\/\/www.huelvaysusfotografos.com\/index.php?rest_route=\/wp\/v2\/posts"}],"about":[{"href":"https:\/\/www.huelvaysusfotografos.com\/index.php?rest_route=\/wp\/v2\/types\/post"}],"author":[{"embeddable":true,"href":"https:\/\/www.huelvaysusfotografos.com\/index.php?rest_route=\/wp\/v2\/users\/2"}],"replies":[{"embeddable":true,"href":"https:\/\/www.huelvaysusfotografos.com\/index.php?rest_route=%2Fwp%2Fv2%2Fcomments&post=1887"}],"version-history":[{"count":4,"href":"https:\/\/www.huelvaysusfotografos.com\/index.php?rest_route=\/wp\/v2\/posts\/1887\/revisions"}],"predecessor-version":[{"id":1892,"href":"https:\/\/www.huelvaysusfotografos.com\/index.php?rest_route=\/wp\/v2\/posts\/1887\/revisions\/1892"}],"wp:attachment":[{"href":"https:\/\/www.huelvaysusfotografos.com\/index.php?rest_route=%2Fwp%2Fv2%2Fmedia&parent=1887"}],"wp:term":[{"taxonomy":"category","embeddable":true,"href":"https:\/\/www.huelvaysusfotografos.com\/index.php?rest_route=%2Fwp%2Fv2%2Fcategories&post=1887"},{"taxonomy":"post_tag","embeddable":true,"href":"https:\/\/www.huelvaysusfotografos.com\/index.php?rest_route=%2Fwp%2Fv2%2Ftags&post=1887"}],"curies":[{"name":"wp","href":"https:\/\/api.w.org\/{rel}","templated":true}]}}