{"id":1864,"date":"2013-04-27T11:17:50","date_gmt":"2013-04-27T10:17:50","guid":{"rendered":"http:\/\/www.huelvaysusfotografos.com\/?p=1864"},"modified":"2013-04-27T11:20:00","modified_gmt":"2013-04-27T10:20:00","slug":"exposicion-fotorabida-2013","status":"publish","type":"post","link":"https:\/\/www.huelvaysusfotografos.com\/?p=1864","title":{"rendered":"Exposici\u00f3n FotoR\u00e1bida 2013"},"content":{"rendered":"<p>&nbsp;<\/p>\n<div><\/div>\n<div>Tras la finalizaci\u00f3n del \u00abI Curso de Experto Universitario en Fotograf\u00eda y Comunicaci\u00f3n Gr\u00e1fica\u00bb, ofertado por la UNIA y desarrollado en su sede en La R\u00e1bida (Palos de la Frontera) desde septiembre de 2012 a marzo de 2013, se organiza esta exposici\u00f3n fotogr\u00e1fica con los trabajos finales de curso del alumnado.<\/div>\n<div>\u00a0<a href=\"https:\/\/www.huelvaysusfotografos.com\/wp-content\/uploads\/2013\/04\/fotoRabida_01.jpg\" target=\"_blank\"><img loading=\"lazy\" decoding=\"async\" class=\"alignleft size-medium wp-image-1865\" alt=\"\" src=\"https:\/\/www.huelvaysusfotografos.com\/wp-content\/uploads\/2013\/04\/fotoRabida_01-300x98.jpg\" width=\"300\" height=\"98\" srcset=\"https:\/\/www.huelvaysusfotografos.com\/wp-content\/uploads\/2013\/04\/fotoRabida_01-300x98.jpg 300w, https:\/\/www.huelvaysusfotografos.com\/wp-content\/uploads\/2013\/04\/fotoRabida_01-1024x336.jpg 1024w, https:\/\/www.huelvaysusfotografos.com\/wp-content\/uploads\/2013\/04\/fotoRabida_01-768x252.jpg 768w, https:\/\/www.huelvaysusfotografos.com\/wp-content\/uploads\/2013\/04\/fotoRabida_01-1536x504.jpg 1536w, https:\/\/www.huelvaysusfotografos.com\/wp-content\/uploads\/2013\/04\/fotoRabida_01-2048x672.jpg 2048w\" sizes=\"auto, (max-width: 300px) 100vw, 300px\" \/><\/a><\/div>\n<div><\/div>\n<div>FotoR\u00e1bida 2013, est\u00e1 dedicada y es un homenaje al gran maestro y fot\u00f3grafo Paco Elvira, recientemente fallecido en un desafortunado accidente. La inauguraci\u00f3n se celebr\u00f3 el 26 de abril en la Biblioteca de la UNIA en La R\u00e1bida y estar\u00e1 visitable hasta el pr\u00f3ximo 31 de mayo de 2013 (ma\u00f1anas y tarde).<\/div>\n<div><\/div>\n<div><\/div>\n<div>Se tiene prevista que la muestra sea itinerante por algunos municipios de la provincia e incluso moverla por algunos lugares de Andaluc\u00eda.<\/div>\n<div><\/div>\n<div><\/div>\n","protected":false},"excerpt":{"rendered":"<p>&nbsp; Tras la finalizaci\u00f3n del \u00abI Curso de Experto Universitario en Fotograf\u00eda y Comunicaci\u00f3n Gr\u00e1fica\u00bb, ofertado por la UNIA y desarrollado en su sede en La R\u00e1bida (Palos de la Frontera) desde septiembre de 2012 a marzo de 2013, se organiza esta exposici\u00f3n fotogr\u00e1fica con los trabajos finales de curso del alumnado. \u00a0 FotoR\u00e1bida 2013, est\u00e1 dedicada y es un homenaje al gran maestro y fot\u00f3grafo Paco Elvira, recientemente fallecido<\/p>\n<div class=\"belowpost\"><a class=\"btnmore\" href=\"https:\/\/www.huelvaysusfotografos.com\/?p=1864\">Seguir leyendo<\/a><\/div>\n","protected":false},"author":2,"featured_media":0,"comment_status":"open","ping_status":"open","sticky":false,"template":"","format":"standard","meta":{"footnotes":"","_links_to":"","_links_to_target":""},"categories":[23],"tags":[150,86,47,60,87],"class_list":["post-1864","post","type-post","status-publish","format-standard","hentry","category-exposiciones","tag-exposiciones","tag-fotografias","tag-huelva","tag-huelva-y-sus-fotografos","tag-onuba"],"_links":{"self":[{"href":"https:\/\/www.huelvaysusfotografos.com\/index.php?rest_route=\/wp\/v2\/posts\/1864","targetHints":{"allow":["GET"]}}],"collection":[{"href":"https:\/\/www.huelvaysusfotografos.com\/index.php?rest_route=\/wp\/v2\/posts"}],"about":[{"href":"https:\/\/www.huelvaysusfotografos.com\/index.php?rest_route=\/wp\/v2\/types\/post"}],"author":[{"embeddable":true,"href":"https:\/\/www.huelvaysusfotografos.com\/index.php?rest_route=\/wp\/v2\/users\/2"}],"replies":[{"embeddable":true,"href":"https:\/\/www.huelvaysusfotografos.com\/index.php?rest_route=%2Fwp%2Fv2%2Fcomments&post=1864"}],"version-history":[{"count":7,"href":"https:\/\/www.huelvaysusfotografos.com\/index.php?rest_route=\/wp\/v2\/posts\/1864\/revisions"}],"predecessor-version":[{"id":1870,"href":"https:\/\/www.huelvaysusfotografos.com\/index.php?rest_route=\/wp\/v2\/posts\/1864\/revisions\/1870"}],"wp:attachment":[{"href":"https:\/\/www.huelvaysusfotografos.com\/index.php?rest_route=%2Fwp%2Fv2%2Fmedia&parent=1864"}],"wp:term":[{"taxonomy":"category","embeddable":true,"href":"https:\/\/www.huelvaysusfotografos.com\/index.php?rest_route=%2Fwp%2Fv2%2Fcategories&post=1864"},{"taxonomy":"post_tag","embeddable":true,"href":"https:\/\/www.huelvaysusfotografos.com\/index.php?rest_route=%2Fwp%2Fv2%2Ftags&post=1864"}],"curies":[{"name":"wp","href":"https:\/\/api.w.org\/{rel}","templated":true}]}}