{"id":1852,"date":"2013-04-26T21:43:59","date_gmt":"2013-04-26T20:43:59","guid":{"rendered":"http:\/\/www.huelvaysusfotografos.com\/?p=1852"},"modified":"2013-04-27T11:03:19","modified_gmt":"2013-04-27T10:03:19","slug":"foto-destacada-por-reynus","status":"publish","type":"post","link":"https:\/\/www.huelvaysusfotografos.com\/?p=1852","title":{"rendered":"FOTO DESTACADA DE HysF \u2013 IX"},"content":{"rendered":"<p>&nbsp;<\/p>\n<div id=\"main-photo-container\">\n<div id=\"main-photo-container\"><img loading=\"lazy\" decoding=\"async\" class=\"aligncenter\" id=\"liquid-photo-buffer\" role=\"presentation\" alt=\"\" src=\"http:\/\/farm9.staticflickr.com\/8526\/8680541814_9e08f8cc0c_c.jpg\" width=\"576\" height=\"223\" \/><\/div>\n<div id=\"meta\"><\/div>\n<\/div>\n<div id=\"meta\">\n<h3 id=\"title_div\">\u00abAs\u00ed me veo hoy\u00bb de Carmen Torres Chaguaceda<\/h3>\n<p>Mirar de frente a la c\u00e1mara de forma extraordinaria en un autorretrato&#8230; mezcla de desaf\u00edo y\u00a0transcendencia. Tal cual. Mirada franca y muy abierta, brillante, luminosa, \u00a0percibiendo con todos los sentidos.<\/p>\n<p>Una sonrisa giocondada y profunda. Serena. Destilando una madurez intelectual patente.<\/p>\n<p>Y todo dentro de un formato panor\u00e1mico que ignoro si es lo m\u00e1s apropiado para un retrato, pero que en este caso est\u00e1 perfectamente encuadrado.<\/p>\n<p>Un autorretrato\u00a0transcendente\u00a0y emotivo que transmite&#8230; como una radiograf\u00eda del interior intelectual del modelo.<\/p>\n<p>FOTO DESTACADA.<\/p>\n<p>Reynus dixit.<\/p>\n<p>&nbsp;<\/p>\n<p>M\u00e1s fotos de Carmen en:\u00a0<a href=\"http:\/\/www.flickr.com\/photos\/catocha66\/\" target=\"_blank\">http:\/\/www.flickr.com\/photos\/catocha66\/<\/a><\/p>\n<\/div>\n","protected":false},"excerpt":{"rendered":"<p>&nbsp; \u00abAs\u00ed me veo hoy\u00bb de Carmen Torres Chaguaceda Mirar de frente a la c\u00e1mara de forma extraordinaria en un autorretrato&#8230; mezcla de desaf\u00edo y\u00a0transcendencia. Tal cual. Mirada franca y muy abierta, brillante, luminosa, \u00a0percibiendo con todos los sentidos. Una sonrisa giocondada y profunda. Serena. Destilando una madurez intelectual patente. Y todo dentro de un formato panor\u00e1mico que ignoro si es lo m\u00e1s apropiado para un retrato, pero que en<\/p>\n<div class=\"belowpost\"><a class=\"btnmore\" href=\"https:\/\/www.huelvaysusfotografos.com\/?p=1852\">Seguir leyendo<\/a><\/div>\n","protected":false},"author":47,"featured_media":0,"comment_status":"open","ping_status":"open","sticky":false,"template":"","format":"standard","meta":{"footnotes":"","_links_to":"","_links_to_target":""},"categories":[52,15,3],"tags":[],"class_list":["post-1852","post","type-post","status-publish","format-standard","hentry","category-foto-destacada","category-fotografos","category-noticias"],"_links":{"self":[{"href":"https:\/\/www.huelvaysusfotografos.com\/index.php?rest_route=\/wp\/v2\/posts\/1852","targetHints":{"allow":["GET"]}}],"collection":[{"href":"https:\/\/www.huelvaysusfotografos.com\/index.php?rest_route=\/wp\/v2\/posts"}],"about":[{"href":"https:\/\/www.huelvaysusfotografos.com\/index.php?rest_route=\/wp\/v2\/types\/post"}],"author":[{"embeddable":true,"href":"https:\/\/www.huelvaysusfotografos.com\/index.php?rest_route=\/wp\/v2\/users\/47"}],"replies":[{"embeddable":true,"href":"https:\/\/www.huelvaysusfotografos.com\/index.php?rest_route=%2Fwp%2Fv2%2Fcomments&post=1852"}],"version-history":[{"count":10,"href":"https:\/\/www.huelvaysusfotografos.com\/index.php?rest_route=\/wp\/v2\/posts\/1852\/revisions"}],"predecessor-version":[{"id":1859,"href":"https:\/\/www.huelvaysusfotografos.com\/index.php?rest_route=\/wp\/v2\/posts\/1852\/revisions\/1859"}],"wp:attachment":[{"href":"https:\/\/www.huelvaysusfotografos.com\/index.php?rest_route=%2Fwp%2Fv2%2Fmedia&parent=1852"}],"wp:term":[{"taxonomy":"category","embeddable":true,"href":"https:\/\/www.huelvaysusfotografos.com\/index.php?rest_route=%2Fwp%2Fv2%2Fcategories&post=1852"},{"taxonomy":"post_tag","embeddable":true,"href":"https:\/\/www.huelvaysusfotografos.com\/index.php?rest_route=%2Fwp%2Fv2%2Ftags&post=1852"}],"curies":[{"name":"wp","href":"https:\/\/api.w.org\/{rel}","templated":true}]}}