{"id":1846,"date":"2013-04-26T14:10:00","date_gmt":"2013-04-26T13:10:00","guid":{"rendered":"http:\/\/www.huelvaysusfotografos.com\/?p=1846"},"modified":"2013-04-26T14:10:00","modified_gmt":"2013-04-26T13:10:00","slug":"ganadores-del-concurso-de-la-feria-medieval-de-palos-2013","status":"publish","type":"post","link":"https:\/\/www.huelvaysusfotografos.com\/?p=1846","title":{"rendered":"Ganadores del concurso de la feria medieval de Palos &#8211; 2013"},"content":{"rendered":"<p>Esta tarde se han entregado los premios a los ganadores de las distintas categor\u00edas del concurso de fotograf\u00eda, siendo un gran honor para todos nosotros que entre ellos se encuentren nuestros compa\u00f1eors chemihv y MarcosGC. Aqu\u00ed van algunas instant\u00e1neas del evento:<\/p>\n<p><a title=\"L1030871_ed por Cecilia Gilabert, en Flickr\" href=\"http:\/\/www.flickr.com\/photos\/ceciliagilabert\/8667194768\/\"><img loading=\"lazy\" decoding=\"async\" alt=\"L1030871_ed\" src=\"http:\/\/farm9.staticflickr.com\/8259\/8667194768_e2958d1446.jpg\" width=\"500\" height=\"333\" \/><\/a><\/p>\n<p><a title=\"L1030877_ed por Cecilia Gilabert, en Flickr\" href=\"http:\/\/www.flickr.com\/photos\/ceciliagilabert\/8666093171\/\"><img loading=\"lazy\" decoding=\"async\" alt=\"L1030877_ed\" src=\"http:\/\/farm9.staticflickr.com\/8253\/8666093171_c54b2a5c1a.jpg\" width=\"500\" height=\"333\" \/><\/a><\/p>\n<p><!--more--><\/p>\n<p><a title=\"L1030878_red por Cecilia Gilabert, en Flickr\" href=\"http:\/\/www.flickr.com\/photos\/ceciliagilabert\/8666091813\/\"><img loading=\"lazy\" decoding=\"async\" alt=\"L1030878_red\" src=\"http:\/\/farm9.staticflickr.com\/8266\/8666091813_8499b72372.jpg\" width=\"500\" height=\"333\" \/><\/a><\/p>\n<p><a title=\"L1030880_red por Cecilia Gilabert, en Flickr\" href=\"http:\/\/www.flickr.com\/photos\/ceciliagilabert\/8666091719\/\"><img loading=\"lazy\" decoding=\"async\" alt=\"L1030880_red\" src=\"http:\/\/farm9.staticflickr.com\/8255\/8666091719_4f7559da07.jpg\" width=\"500\" height=\"333\" \/><\/a><\/p>\n<p><a title=\"L1030881_red por Cecilia Gilabert, en Flickr\" href=\"http:\/\/www.flickr.com\/photos\/ceciliagilabert\/8666091601\/\"><img loading=\"lazy\" decoding=\"async\" alt=\"L1030881_red\" src=\"http:\/\/farm9.staticflickr.com\/8260\/8666091601_a69c082b47.jpg\" width=\"500\" height=\"333\" \/><\/a><\/p>\n<p><a title=\"L1030883_ed por Cecilia Gilabert, en Flickr\" href=\"http:\/\/www.flickr.com\/photos\/ceciliagilabert\/8666091241\/\"><img loading=\"lazy\" decoding=\"async\" alt=\"L1030883_ed\" src=\"http:\/\/farm9.staticflickr.com\/8263\/8666091241_b86abb7e78.jpg\" width=\"500\" height=\"333\" \/><\/a><\/p>\n<p><a title=\"L1030884_ed por Cecilia Gilabert, en Flickr\" href=\"http:\/\/www.flickr.com\/photos\/ceciliagilabert\/8667190232\/\"><img loading=\"lazy\" decoding=\"async\" alt=\"L1030884_ed\" src=\"http:\/\/farm9.staticflickr.com\/8255\/8667190232_7a09ce0e97.jpg\" width=\"500\" height=\"333\" \/><\/a><\/p>\n<p><a title=\"L1030886_ed por Cecilia Gilabert, en Flickr\" href=\"http:\/\/www.flickr.com\/photos\/ceciliagilabert\/8666088047\/\"><img loading=\"lazy\" decoding=\"async\" alt=\"L1030886_ed\" src=\"http:\/\/farm9.staticflickr.com\/8260\/8666088047_e92b067274.jpg\" width=\"333\" height=\"500\" \/><\/a><\/p>\n<p>\u00a1Enhorabuena a los dos!<\/p>\n","protected":false},"excerpt":{"rendered":"<p>Esta tarde se han entregado los premios a los ganadores de las distintas categor\u00edas del concurso de fotograf\u00eda, siendo un gran honor para todos nosotros que entre ellos se encuentren nuestros compa\u00f1eors chemihv y MarcosGC. Aqu\u00ed van algunas instant\u00e1neas del evento:<\/p>\n","protected":false},"author":2,"featured_media":0,"comment_status":"open","ping_status":"open","sticky":false,"template":"","format":"standard","meta":{"footnotes":"","_links_to":"","_links_to_target":""},"categories":[12],"tags":[85,84],"class_list":["post-1846","post","type-post","status-publish","format-standard","hentry","category-concursos","tag-palos-de-la-frontera","tag-premiso"],"_links":{"self":[{"href":"https:\/\/www.huelvaysusfotografos.com\/index.php?rest_route=\/wp\/v2\/posts\/1846","targetHints":{"allow":["GET"]}}],"collection":[{"href":"https:\/\/www.huelvaysusfotografos.com\/index.php?rest_route=\/wp\/v2\/posts"}],"about":[{"href":"https:\/\/www.huelvaysusfotografos.com\/index.php?rest_route=\/wp\/v2\/types\/post"}],"author":[{"embeddable":true,"href":"https:\/\/www.huelvaysusfotografos.com\/index.php?rest_route=\/wp\/v2\/users\/2"}],"replies":[{"embeddable":true,"href":"https:\/\/www.huelvaysusfotografos.com\/index.php?rest_route=%2Fwp%2Fv2%2Fcomments&post=1846"}],"version-history":[{"count":4,"href":"https:\/\/www.huelvaysusfotografos.com\/index.php?rest_route=\/wp\/v2\/posts\/1846\/revisions"}],"predecessor-version":[{"id":1850,"href":"https:\/\/www.huelvaysusfotografos.com\/index.php?rest_route=\/wp\/v2\/posts\/1846\/revisions\/1850"}],"wp:attachment":[{"href":"https:\/\/www.huelvaysusfotografos.com\/index.php?rest_route=%2Fwp%2Fv2%2Fmedia&parent=1846"}],"wp:term":[{"taxonomy":"category","embeddable":true,"href":"https:\/\/www.huelvaysusfotografos.com\/index.php?rest_route=%2Fwp%2Fv2%2Fcategories&post=1846"},{"taxonomy":"post_tag","embeddable":true,"href":"https:\/\/www.huelvaysusfotografos.com\/index.php?rest_route=%2Fwp%2Fv2%2Ftags&post=1846"}],"curies":[{"name":"wp","href":"https:\/\/api.w.org\/{rel}","templated":true}]}}