{"id":1820,"date":"2013-04-24T21:47:36","date_gmt":"2013-04-24T20:47:36","guid":{"rendered":"http:\/\/www.huelvaysusfotografos.com\/?p=1820"},"modified":"2013-04-27T10:57:04","modified_gmt":"2013-04-27T09:57:04","slug":"foto-destacada-de-la-asoc-huelva-y-sus-fotografos-por-juan-sande","status":"publish","type":"post","link":"https:\/\/www.huelvaysusfotografos.com\/?p=1820","title":{"rendered":"FOTO DESTACADA DE HysF \u2013 VIII"},"content":{"rendered":"<div id=\"main-photo-container\"><img loading=\"lazy\" decoding=\"async\" class=\"aligncenter\" id=\"liquid-photo\" alt=\"photo\" src=\"http:\/\/farm9.staticflickr.com\/8546\/8675066706_ca701851c3_z.jpg\" width=\"418\" height=\"640\" \/><\/div>\n<div id=\"meta\">\n<h3 id=\"title_div\">En el camino&#8230;.. de Carolina LM<\/h3>\n<h5>Seleccionada por Juan Sande<\/h5>\n<p>No es una gran fotograf\u00eda, simplemente es una buena imagen fotogr\u00e1fica: bien compuesta, t\u00e9cnicamente resuelta, los colores son los suficientes &#8230; Creo que al observar una imagen como esta, nos quedamos insatisfechos, esperando una respuesta. . . ! En definitiva, esperando la intencionalidad del autor. En este caso, Carolina Luengo, resuelve esa intenci\u00f3n acompa\u00f1ando la imagen con un magn\u00edfico verso, perteneciente a la letra de una canci\u00f3n del \u201cGrupo Niche\u201d -Un alto en el Camino-. La intencionalidad que cada autor le quiere dar a su obra, viene dada por varios significados, aqu\u00ed tenemos un ejemplo muy claro, una imagen acompa\u00f1ada, no de su t\u00edtulo, si no de un verso.<br \/>\nYo particularmente me quedo con: \u201csin un pasado no dir\u00eda que HE VIVIDO\u201d.<\/p>\n<p><em>Juan Sande<\/em><\/p>\n<p><a href=\"http:\/\/www.flickr.com\/photos\/carolina_luengo\/8675066706\/in\/pool-huelva_y_sus_fotografos\">http:\/\/www.flickr.com\/photos\/carolina_luengo\/8675066706\/in\/pool-huelva_y_sus_fotografos<\/a><\/p>\n<p>&nbsp;<\/p>\n<\/div>\n","protected":false},"excerpt":{"rendered":"<p>En el camino&#8230;.. de Carolina LM Seleccionada por Juan Sande No es una gran fotograf\u00eda, simplemente es una buena imagen fotogr\u00e1fica: bien compuesta, t\u00e9cnicamente resuelta, los colores son los suficientes &#8230; Creo que al observar una imagen como esta, nos quedamos insatisfechos, esperando una respuesta. . . ! En definitiva, esperando la intencionalidad del autor. En este caso, Carolina Luengo, resuelve esa intenci\u00f3n acompa\u00f1ando la imagen con un magn\u00edfico verso,<\/p>\n<div class=\"belowpost\"><a class=\"btnmore\" href=\"https:\/\/www.huelvaysusfotografos.com\/?p=1820\">Seguir leyendo<\/a><\/div>\n","protected":false},"author":47,"featured_media":0,"comment_status":"open","ping_status":"open","sticky":false,"template":"","format":"standard","meta":{"footnotes":"","_links_to":"","_links_to_target":""},"categories":[52,15,3],"tags":[],"class_list":["post-1820","post","type-post","status-publish","format-standard","hentry","category-foto-destacada","category-fotografos","category-noticias"],"_links":{"self":[{"href":"https:\/\/www.huelvaysusfotografos.com\/index.php?rest_route=\/wp\/v2\/posts\/1820","targetHints":{"allow":["GET"]}}],"collection":[{"href":"https:\/\/www.huelvaysusfotografos.com\/index.php?rest_route=\/wp\/v2\/posts"}],"about":[{"href":"https:\/\/www.huelvaysusfotografos.com\/index.php?rest_route=\/wp\/v2\/types\/post"}],"author":[{"embeddable":true,"href":"https:\/\/www.huelvaysusfotografos.com\/index.php?rest_route=\/wp\/v2\/users\/47"}],"replies":[{"embeddable":true,"href":"https:\/\/www.huelvaysusfotografos.com\/index.php?rest_route=%2Fwp%2Fv2%2Fcomments&post=1820"}],"version-history":[{"count":6,"href":"https:\/\/www.huelvaysusfotografos.com\/index.php?rest_route=\/wp\/v2\/posts\/1820\/revisions"}],"predecessor-version":[{"id":1825,"href":"https:\/\/www.huelvaysusfotografos.com\/index.php?rest_route=\/wp\/v2\/posts\/1820\/revisions\/1825"}],"wp:attachment":[{"href":"https:\/\/www.huelvaysusfotografos.com\/index.php?rest_route=%2Fwp%2Fv2%2Fmedia&parent=1820"}],"wp:term":[{"taxonomy":"category","embeddable":true,"href":"https:\/\/www.huelvaysusfotografos.com\/index.php?rest_route=%2Fwp%2Fv2%2Fcategories&post=1820"},{"taxonomy":"post_tag","embeddable":true,"href":"https:\/\/www.huelvaysusfotografos.com\/index.php?rest_route=%2Fwp%2Fv2%2Ftags&post=1820"}],"curies":[{"name":"wp","href":"https:\/\/api.w.org\/{rel}","templated":true}]}}