{"id":1754,"date":"2013-04-21T12:46:55","date_gmt":"2013-04-21T11:46:55","guid":{"rendered":"http:\/\/www.huelvaysusfotografos.com\/?p=1754"},"modified":"2013-04-29T16:21:43","modified_gmt":"2013-04-29T15:21:43","slug":"historia-de-la-fotografia-niepce","status":"publish","type":"post","link":"https:\/\/www.huelvaysusfotografos.com\/?p=1754","title":{"rendered":"Historia de la fotograf\u00eda &#8211; Cap\u00edtulo 2:  \u00abNIEPCE\u00bb"},"content":{"rendered":"<p>Niepce era poco habilidoso con los dibujos (Francia, 1815) , por lo que concibi\u00f3 la idea de hacerlos mediante la luz, utilizando papel sensibilizado con cloruro de plata y de esta forma (quiso sustituir las pesadas y molestas piedras por placas de metal), dejarlo plasmado por tiempo indefinido.<\/p>\n<p><strong><span style=\"text-decoration: underline;\">\u00a0PRIMERA FOTOGRAF\u00cdA DE LA HISTORIA<\/span><\/strong><\/p>\n<p style=\"text-align: center;\"><a href=\"https:\/\/www.huelvaysusfotografos.com\/wp-content\/uploads\/2013\/04\/historiafotografia_05.jpg\"><img loading=\"lazy\" decoding=\"async\" class=\"size-medium wp-image-1767 aligncenter\" alt=\"\" src=\"https:\/\/www.huelvaysusfotografos.com\/wp-content\/uploads\/2013\/04\/historiafotografia_05-300x208.jpg\" width=\"588\" height=\"407\" \/><\/a><\/p>\n<p>&nbsp;<\/p>\n<p>Su c\u00e1mara, era una peque\u00f1a caja cuadrada de 6 pulgadas de lado (poco m\u00e1s de 15 cms), donde coloca un tubo alargado y que lleva un v\u00eddrio lenticular.<\/p>\n<p><!--more--><\/p>\n<p>El 5 de Mayo de 1816 escribi\u00f3\u00a0 a su hermano:<\/p>\n<p>\u201c<em>Coloqu\u00e9 el aparato en la habitaci\u00f3n donde trabajo, frente a la jaula de los p\u00e1jaros y a la ventana abierta. Hice el experimento y vi en el papel blanco toda la parte de la jaula que puede ser vista desde la ventana y una d\u00e9bil imagen de los marcos de la ventana que estaban menos iluminados que los objetos exteriores&#8230; El fondo del cuadro es negro y los objetos blancos, es decir, m\u00e1s iluminados que el fondo.<\/em>\u201d<\/p>\n<p><strong>Esta es la descripci\u00f3n precisa de un negativo,<\/strong> pero \u00e9l, en vez de invertir los tonos, se dedic\u00f3\u00a0 a buscar una sustancia que ante la luz se hiciera m\u00e1s p\u00e1lida y no m\u00e1s oscura. Encontr\u00f3 el <strong>bet\u00fan de Judea,<\/strong> sustancia sensible a la luz, soluble en aceite de lavanda, se endurec\u00eda al ser expuesto a la luz y era insoluble en aceite.<\/p>\n<p>Ni\u00e9pce hizo copias de grabados, aceit\u00e1ndolos y poni\u00e9ndolos en contacto con la placa sensibilizada. Tras un plazo (m\u00e1s o menos largo dependiendo de la intensidad de la luz) sumerg\u00eda la placa en un l\u00edquido solvente que, poco a poco, hac\u00eda aparecer la imagen, hasta entonces invisible. Su primera placa de este tipo representa un grabado del s.XVII en el que aparec\u00eda el cardenal y arzobispo de Reims: Georges d\u2019Amboise, y todav\u00eda existe. Es la m\u00e1s importante de las contribuciones hechas por Ni\u00e9pce, porque supon\u00eda un principio que se hizo b\u00e1sico para las t\u00e9cnicas futuras: el distinto grado de endurecimiento que produc\u00eda la luz sobre una base.<\/p>\n<p>El \u00fanico ejemplo que ha perdurado es una vista desde una ventana superior de su casa de campo \u201cLe Gras\u201d, muestra los marcos de la ventana abierta y las construcciones de la granja.<strong> La exposici\u00f3n dur\u00f3 UNAS OCHO HORAS<\/strong>. El sol en este plazo ilumin\u00f3 ambos lados de los edificios. La imagen est\u00e1 invertida lateralmente: izquierda y derecha se trasponen. Esta placa de peltre no tiene fecha, pero hay datos que sen\u0303alan que es de <strong>1827<\/strong>.<\/p>\n<p>Una imagen m\u00e1s lograda, realizada en vidrio, que muestra un bodeg\u00f3n, fue obsequiada en 1890 a la Sociedad Francesa de Fotograf\u00eda por alguien de la familia Niepce. All\u00ed los objetos quedan bien definidos (una botella, un cuchillo, una cuchara, una taza con plato, una copa, un trozo de pan).<\/p>\n<p style=\"text-align: center;\"><a href=\"https:\/\/www.huelvaysusfotografos.com\/wp-content\/uploads\/2013\/04\/historiafotografia_06.jpg\"><img loading=\"lazy\" decoding=\"async\" class=\"size-medium wp-image-1768 aligncenter\" alt=\"\" src=\"https:\/\/www.huelvaysusfotografos.com\/wp-content\/uploads\/2013\/04\/historiafotografia_06-300x166.jpg\" width=\"465\" height=\"257\" srcset=\"https:\/\/www.huelvaysusfotografos.com\/wp-content\/uploads\/2013\/04\/historiafotografia_06-300x166.jpg 300w, https:\/\/www.huelvaysusfotografos.com\/wp-content\/uploads\/2013\/04\/historiafotografia_06.jpg 767w\" sizes=\"auto, (max-width: 465px) 100vw, 465px\" \/><\/a><strong>1827<\/strong> Viaj\u00f3 a Londres para ver a su hermano Claude que estaba enfermo. Se detuvo en Par\u00eds\u00a0 y visit\u00f3 al pintor <strong>Louis-Jacques-Mand\u00e9 Daguerre<\/strong>, que investigaba sobre lo mismo.<\/p>\n<p>En Londres visit\u00f3 a Francis Bauer, integrante de la <strong>Royal Photographic Society<\/strong>, quien le urgi\u00f3 a comunicar a esta sociedad sus experimentos, pero la sociedad se neg\u00f3 a aceptar ninguna comunicaci\u00f3n que no aclarara la forma del proceso, y Niepce se negaba a revelar su t\u00e9cnica.<\/p>\n<p>Dio a Bauer las placas que llevaba consigo y el manuscrito de una descripci\u00f3n del proceso, texto que se propon\u00eda publicar.<\/p>\n<p>Regres\u00f3 a Francia en 1829, desalentado por la falta de inter\u00e9s que Inglaterra mostr\u00f3 por la heliograf\u00eda. Manten\u00eda correspondencia con Daguerre, quien le aconsej\u00f3 postergar su publicaci\u00f3n: \u201c&#8230;debe haber forma de obtener un gran lucro con su m\u00e9todo antes de la publicaci\u00f3n&#8230;, porque para ello hace falta un grado de perfecci\u00f3n que s\u00f3lo se podr\u00e1 obtener tras algunos an\u0303os\u201d .<br \/>\nSe plante\u00f3 aceptar las amables ofertas de ayuda de Daguerre, quien le propuso cooperar con \u00e9l para perfeccionar el proceso heliogr\u00e1fico. En 1829 firmaron un acuerdo de sociedad que durar\u00eda diez an\u0303os, pero Niepce falleci\u00f3 en 1833. Le sustituir\u00eda en la sociedad su hijo Isidore Niepce.<\/p>\n","protected":false},"excerpt":{"rendered":"<p>Niepce era poco habilidoso con los dibujos (Francia, 1815) , por lo que concibi\u00f3 la idea de hacerlos mediante la luz, utilizando papel sensibilizado con cloruro de plata y de esta forma (quiso sustituir las pesadas y molestas piedras por placas de metal), dejarlo plasmado por tiempo indefinido. \u00a0PRIMERA FOTOGRAF\u00cdA DE LA HISTORIA &nbsp; Su c\u00e1mara, era una peque\u00f1a caja cuadrada de 6 pulgadas de lado (poco m\u00e1s de 15<\/p>\n<div class=\"belowpost\"><a class=\"btnmore\" href=\"https:\/\/www.huelvaysusfotografos.com\/?p=1754\">Seguir leyendo<\/a><\/div>\n","protected":false},"author":2,"featured_media":0,"comment_status":"open","ping_status":"open","sticky":false,"template":"","format":"standard","meta":{"footnotes":"","_links_to":"","_links_to_target":""},"categories":[54],"tags":[78,154,77],"class_list":["post-1754","post","type-post","status-publish","format-standard","hentry","category-historia","tag-daguerre","tag-historia","tag-niepce"],"_links":{"self":[{"href":"https:\/\/www.huelvaysusfotografos.com\/index.php?rest_route=\/wp\/v2\/posts\/1754","targetHints":{"allow":["GET"]}}],"collection":[{"href":"https:\/\/www.huelvaysusfotografos.com\/index.php?rest_route=\/wp\/v2\/posts"}],"about":[{"href":"https:\/\/www.huelvaysusfotografos.com\/index.php?rest_route=\/wp\/v2\/types\/post"}],"author":[{"embeddable":true,"href":"https:\/\/www.huelvaysusfotografos.com\/index.php?rest_route=\/wp\/v2\/users\/2"}],"replies":[{"embeddable":true,"href":"https:\/\/www.huelvaysusfotografos.com\/index.php?rest_route=%2Fwp%2Fv2%2Fcomments&post=1754"}],"version-history":[{"count":18,"href":"https:\/\/www.huelvaysusfotografos.com\/index.php?rest_route=\/wp\/v2\/posts\/1754\/revisions"}],"predecessor-version":[{"id":1766,"href":"https:\/\/www.huelvaysusfotografos.com\/index.php?rest_route=\/wp\/v2\/posts\/1754\/revisions\/1766"}],"wp:attachment":[{"href":"https:\/\/www.huelvaysusfotografos.com\/index.php?rest_route=%2Fwp%2Fv2%2Fmedia&parent=1754"}],"wp:term":[{"taxonomy":"category","embeddable":true,"href":"https:\/\/www.huelvaysusfotografos.com\/index.php?rest_route=%2Fwp%2Fv2%2Fcategories&post=1754"},{"taxonomy":"post_tag","embeddable":true,"href":"https:\/\/www.huelvaysusfotografos.com\/index.php?rest_route=%2Fwp%2Fv2%2Ftags&post=1754"}],"curies":[{"name":"wp","href":"https:\/\/api.w.org\/{rel}","templated":true}]}}