{"id":15863,"date":"2026-05-03T00:07:43","date_gmt":"2026-05-02T22:07:43","guid":{"rendered":"https:\/\/www.huelvaysusfotografos.com\/?p=15863"},"modified":"2026-05-03T11:31:58","modified_gmt":"2026-05-03T09:31:58","slug":"quedada-nocturna-en-isla-cristina","status":"publish","type":"post","link":"https:\/\/www.huelvaysusfotografos.com\/?p=15863","title":{"rendered":"Quedada nocturna en Isla Cristina"},"content":{"rendered":"\n<p>Nuestros pasos nos llevar\u00e1n a la localidad costera de Isla Cristina el pr\u00f3ximo <strong>viernes 15 de mayo de 2025<\/strong>, para sumergirnos en la primera nocturna de este a\u00f1o.<\/p>\n\n\n\n<p>Para ello contaremos con la estimable ayuda de nuestro compa\u00f1ero Carlos G\u00f3mez Cerrillo. Y la velada dar\u00e1 para mucho, <strong>Puesta de Sol, Nocturna y v\u00eda L\u00e1ctea<\/strong>, ser\u00e1n los argumentos de nuestra quedada. <\/p>\n\n\n\n<p>La idea es posicionarnos en el lugar de quedada, previos a la puesta de sol, para captar esos extraordinarios<strong> atardeceres<\/strong> que nos brinda nuestra costa de la Luz, para seguir con la actividad de la <strong>hora azul,<\/strong> <strong>Nocturna donde practicaremos Lightpainting<\/strong> y cerraremos la velada con la <strong>V\u00eda L\u00e1ctea. <\/strong><\/p>\n\n\n\n<p>Para ello recomendamos llevar ropa por si refresca, comida, bebida para echar un rato entre fotos y compartir experiencias. As\u00ed como el material necesario para ello, C\u00e1mara, angular, tr\u00edpode, disparador remoto, sillas y viandas. <\/p>\n\n\n\n<p><strong>Actividad.- <\/strong>Nocturna en Isla Cristina<\/p>\n\n\n\n<p><strong>D\u00eda.-<\/strong> Viernes 15 de mayo de 2026<\/p>\n\n\n\n<p><strong>Hora.-<\/strong> Desde las 21.00 horas<\/p>\n\n\n\n<p><strong>Lugar.-<\/strong> Puente de la Gola, junto al faro de Isla Cristina<\/p>\n\n\n\n<p>Aquellos que vayan a acudir a la quedada, que lo indiquen para tener una planificaci\u00f3n de la actividad. Muchas Gracias.<\/p>\n\n\n\n<figure class=\"wp-block-image size-large\"><a href=\"https:\/\/www.huelvaysusfotografos.com\/wp-content\/uploads\/2026\/05\/CARTEL-PARA-NOCTURNA-EN-ISLA-CRISTINA-1.jpg\"><img loading=\"lazy\" decoding=\"async\" width=\"1024\" height=\"670\" src=\"https:\/\/www.huelvaysusfotografos.com\/wp-content\/uploads\/2026\/05\/CARTEL-PARA-NOCTURNA-EN-ISLA-CRISTINA-1-1024x670.jpg\" alt=\"\" class=\"wp-image-15865\" srcset=\"https:\/\/www.huelvaysusfotografos.com\/wp-content\/uploads\/2026\/05\/CARTEL-PARA-NOCTURNA-EN-ISLA-CRISTINA-1-1024x670.jpg 1024w, https:\/\/www.huelvaysusfotografos.com\/wp-content\/uploads\/2026\/05\/CARTEL-PARA-NOCTURNA-EN-ISLA-CRISTINA-1-300x196.jpg 300w, https:\/\/www.huelvaysusfotografos.com\/wp-content\/uploads\/2026\/05\/CARTEL-PARA-NOCTURNA-EN-ISLA-CRISTINA-1-768x503.jpg 768w, https:\/\/www.huelvaysusfotografos.com\/wp-content\/uploads\/2026\/05\/CARTEL-PARA-NOCTURNA-EN-ISLA-CRISTINA-1-1536x1006.jpg 1536w, https:\/\/www.huelvaysusfotografos.com\/wp-content\/uploads\/2026\/05\/CARTEL-PARA-NOCTURNA-EN-ISLA-CRISTINA-1.jpg 1555w\" sizes=\"auto, (max-width: 1024px) 100vw, 1024px\" \/><\/a><\/figure>\n","protected":false},"excerpt":{"rendered":"<p>Nuestros pasos nos llevar\u00e1n a la localidad costera de Isla Cristina el pr\u00f3ximo viernes 15 de mayo de 2025, para sumergirnos en la primera nocturna de este a\u00f1o. Para ello contaremos con la estimable ayuda de nuestro compa\u00f1ero Carlos G\u00f3mez Cerrillo. Y la velada dar\u00e1 para mucho, Puesta de Sol, Nocturna y v\u00eda L\u00e1ctea, ser\u00e1n los argumentos de nuestra quedada. La idea es posicionarnos en el lugar de quedada, previos<\/p>\n<div class=\"belowpost\"><a class=\"btnmore\" href=\"https:\/\/www.huelvaysusfotografos.com\/?p=15863\">Seguir leyendo<\/a><\/div>\n","protected":false},"author":8279,"featured_media":15864,"comment_status":"open","ping_status":"open","sticky":false,"template":"","format":"standard","meta":{"footnotes":"","_links_to":"","_links_to_target":""},"categories":[3],"tags":[],"class_list":["post-15863","post","type-post","status-publish","format-standard","has-post-thumbnail","hentry","category-noticias"],"_links":{"self":[{"href":"https:\/\/www.huelvaysusfotografos.com\/index.php?rest_route=\/wp\/v2\/posts\/15863","targetHints":{"allow":["GET"]}}],"collection":[{"href":"https:\/\/www.huelvaysusfotografos.com\/index.php?rest_route=\/wp\/v2\/posts"}],"about":[{"href":"https:\/\/www.huelvaysusfotografos.com\/index.php?rest_route=\/wp\/v2\/types\/post"}],"author":[{"embeddable":true,"href":"https:\/\/www.huelvaysusfotografos.com\/index.php?rest_route=\/wp\/v2\/users\/8279"}],"replies":[{"embeddable":true,"href":"https:\/\/www.huelvaysusfotografos.com\/index.php?rest_route=%2Fwp%2Fv2%2Fcomments&post=15863"}],"version-history":[{"count":2,"href":"https:\/\/www.huelvaysusfotografos.com\/index.php?rest_route=\/wp\/v2\/posts\/15863\/revisions"}],"predecessor-version":[{"id":15867,"href":"https:\/\/www.huelvaysusfotografos.com\/index.php?rest_route=\/wp\/v2\/posts\/15863\/revisions\/15867"}],"wp:featuredmedia":[{"embeddable":true,"href":"https:\/\/www.huelvaysusfotografos.com\/index.php?rest_route=\/wp\/v2\/media\/15864"}],"wp:attachment":[{"href":"https:\/\/www.huelvaysusfotografos.com\/index.php?rest_route=%2Fwp%2Fv2%2Fmedia&parent=15863"}],"wp:term":[{"taxonomy":"category","embeddable":true,"href":"https:\/\/www.huelvaysusfotografos.com\/index.php?rest_route=%2Fwp%2Fv2%2Fcategories&post=15863"},{"taxonomy":"post_tag","embeddable":true,"href":"https:\/\/www.huelvaysusfotografos.com\/index.php?rest_route=%2Fwp%2Fv2%2Ftags&post=15863"}],"curies":[{"name":"wp","href":"https:\/\/api.w.org\/{rel}","templated":true}]}}