{"id":1582,"date":"2013-04-18T14:57:47","date_gmt":"2013-04-18T13:57:47","guid":{"rendered":"http:\/\/www.huelvaysusfotografos.com\/?p=1582"},"modified":"2013-04-18T15:10:43","modified_gmt":"2013-04-18T14:10:43","slug":"curso-de-toni-de-ros-conceptos-basicos","status":"publish","type":"post","link":"https:\/\/www.huelvaysusfotografos.com\/?p=1582","title":{"rendered":"Curso de fotograf\u00eda: Toni de Ros (Conceptos b\u00e1sicos)"},"content":{"rendered":"<p>Excelentes v\u00eddeos de Toni, explicados con una gran claridad y para todos los p\u00fablicos.<br \/>\nSuper recomendable.<\/p>\n<p>En este art\u00edculo encontrar\u00e1s todos los v\u00eddeos, pulsa al final en \u201cLeer el resto de la entrada\u201d:<\/p>\n<p>Tutorial fotograf\u00eda 1 &#8211; las c\u00e1maras compactas<br \/>\nTutorial fotograf\u00eda 2 &#8211; Las c\u00e1maras Reflex<br \/>\nTutorial fotograf\u00eda 3 &#8211; la distancia focal<br \/>\nTutorial fotograf\u00eda 4 &#8211; los objetivos<br \/>\nTutorial fotograf\u00eda 5 &#8211; la exposici\u00f3n<br \/>\nTutorial fotograf\u00eda 6 &#8211; la velocidad de obturaci\u00f3n<br \/>\nTutorial fotograf\u00eda 7 &#8211; el diafragma<br \/>\nTutorial fotograf\u00eda 8 &#8211; la profundidad de campo<br \/>\nTutorial fotograf\u00eda 9 &#8211; la sensibilidad ISO<br \/>\nTutorial fotograf\u00eda 10 &#8211; relacionamos velocidad, diafragma e ISO<br \/>\nTutorial fotograf\u00eda y 11 &#8211; El encuadre<\/p>\n<p><!--more--><\/p>\n<p><strong>Tutorial fotograf\u00eda 1 &#8211; las c\u00e1maras compactas <\/strong><br \/>\n<iframe loading=\"lazy\" title=\"Tutorial fotograf\u00eda 1 - las c\u00e1maras compactas\" width=\"680\" height=\"383\" src=\"https:\/\/www.youtube.com\/embed\/AAbWMriP4SQ?feature=oembed\" frameborder=\"0\" allow=\"accelerometer; autoplay; clipboard-write; encrypted-media; gyroscope; picture-in-picture; web-share\" referrerpolicy=\"strict-origin-when-cross-origin\" allowfullscreen><\/iframe><\/p>\n<p><strong>Tutorial fotograf\u00eda 2 &#8211; Las c\u00e1maras Reflex <\/strong><br \/>\n<iframe loading=\"lazy\" title=\"Tutorial fotograf\u00eda 2 - Las c\u00e1maras Reflex\" width=\"680\" height=\"383\" src=\"https:\/\/www.youtube.com\/embed\/-M0rmBVDyKM?feature=oembed\" frameborder=\"0\" allow=\"accelerometer; autoplay; clipboard-write; encrypted-media; gyroscope; picture-in-picture; web-share\" referrerpolicy=\"strict-origin-when-cross-origin\" allowfullscreen><\/iframe><\/p>\n<p><strong>Tutorial fotograf\u00eda 3 &#8211; la distancia focal <\/strong><br \/>\n<iframe loading=\"lazy\" title=\"Tutorial fotograf\u00eda 3 - la distancia focal\" width=\"680\" height=\"383\" src=\"https:\/\/www.youtube.com\/embed\/y4wGNJPTr6o?feature=oembed\" frameborder=\"0\" allow=\"accelerometer; autoplay; clipboard-write; encrypted-media; gyroscope; picture-in-picture; web-share\" referrerpolicy=\"strict-origin-when-cross-origin\" allowfullscreen><\/iframe><\/p>\n<p><strong>Tutorial fotograf\u00eda 4 &#8211; los objetivos <\/strong><br \/>\n<iframe loading=\"lazy\" title=\"Tutorial fotograf\u00eda 4 - los objetivos\" width=\"680\" height=\"383\" src=\"https:\/\/www.youtube.com\/embed\/iw-II90Yncc?feature=oembed\" frameborder=\"0\" allow=\"accelerometer; autoplay; clipboard-write; encrypted-media; gyroscope; picture-in-picture; web-share\" referrerpolicy=\"strict-origin-when-cross-origin\" allowfullscreen><\/iframe><\/p>\n<p><strong>Tutorial fotograf\u00eda 5 &#8211; la exposici\u00f3n <\/strong><br \/>\n<iframe loading=\"lazy\" title=\"Tutorial fotograf\u00eda 5 - la exposici\u00f3n\" width=\"680\" height=\"383\" src=\"https:\/\/www.youtube.com\/embed\/J0ultBF092M?feature=oembed\" frameborder=\"0\" allow=\"accelerometer; autoplay; clipboard-write; encrypted-media; gyroscope; picture-in-picture; web-share\" referrerpolicy=\"strict-origin-when-cross-origin\" allowfullscreen><\/iframe><\/p>\n<p><strong>Tutorial fotograf\u00eda 6 &#8211; la velocidad de obturaci\u00f3n <\/strong><br \/>\n<iframe loading=\"lazy\" title=\"Tutorial fotograf\u00eda 6 - la velocidad de obturaci\u00f3n\" width=\"680\" height=\"383\" src=\"https:\/\/www.youtube.com\/embed\/jS313TqT5kQ?feature=oembed\" frameborder=\"0\" allow=\"accelerometer; autoplay; clipboard-write; encrypted-media; gyroscope; picture-in-picture; web-share\" referrerpolicy=\"strict-origin-when-cross-origin\" allowfullscreen><\/iframe><\/p>\n<p><strong>Tutorial fotograf\u00eda 7 &#8211; el diafragma <\/strong><br \/>\n<iframe loading=\"lazy\" title=\"Tutorial fotograf\u00eda 7 - el diafragma\" width=\"680\" height=\"383\" src=\"https:\/\/www.youtube.com\/embed\/OSdqmSZcWIY?feature=oembed\" frameborder=\"0\" allow=\"accelerometer; autoplay; clipboard-write; encrypted-media; gyroscope; picture-in-picture; web-share\" referrerpolicy=\"strict-origin-when-cross-origin\" allowfullscreen><\/iframe><\/p>\n<p><strong>Tutorial fotograf\u00eda 8 &#8211; la profundidad de campo <\/strong><br \/>\n<iframe loading=\"lazy\" title=\"Tutorial fotograf\u00eda 8 - la profundidad de campo\" width=\"680\" height=\"383\" src=\"https:\/\/www.youtube.com\/embed\/oEylHRhbqoE?feature=oembed\" frameborder=\"0\" allow=\"accelerometer; autoplay; clipboard-write; encrypted-media; gyroscope; picture-in-picture; web-share\" referrerpolicy=\"strict-origin-when-cross-origin\" allowfullscreen><\/iframe><\/p>\n<p><strong>Tutorial fotograf\u00eda 9 &#8211; la sensibilidad ISO <\/strong><br \/>\n<iframe loading=\"lazy\" title=\"Tutorial fotograf\u00eda 9 - la sensibilidad ISO\" width=\"680\" height=\"383\" src=\"https:\/\/www.youtube.com\/embed\/ZpG7gG7TfbQ?feature=oembed\" frameborder=\"0\" allow=\"accelerometer; autoplay; clipboard-write; encrypted-media; gyroscope; picture-in-picture; web-share\" referrerpolicy=\"strict-origin-when-cross-origin\" allowfullscreen><\/iframe><\/p>\n<p><strong><br \/>\nTutorial fotograf\u00eda 10 &#8211; relacionamos velocidad, diafragma e ISO <\/strong><br \/>\n<iframe loading=\"lazy\" title=\"Tutorial fotograf\u00eda 10 - relacionamos velocidad, diafragma e ISO\" width=\"680\" height=\"383\" src=\"https:\/\/www.youtube.com\/embed\/CH0X3RkMUMQ?feature=oembed\" frameborder=\"0\" allow=\"accelerometer; autoplay; clipboard-write; encrypted-media; gyroscope; picture-in-picture; web-share\" referrerpolicy=\"strict-origin-when-cross-origin\" allowfullscreen><\/iframe><\/p>\n<p><strong>Tutorial fotograf\u00eda y 11 &#8211; El encuadre<\/strong><br \/>\n<iframe loading=\"lazy\" title=\"Tutorial fotograf\u00eda y 11 - El encuadre\" width=\"680\" height=\"383\" src=\"https:\/\/www.youtube.com\/embed\/Hd3ygRX9q3Q?feature=oembed\" frameborder=\"0\" allow=\"accelerometer; autoplay; clipboard-write; encrypted-media; gyroscope; picture-in-picture; web-share\" referrerpolicy=\"strict-origin-when-cross-origin\" allowfullscreen><\/iframe><\/p>\n","protected":false},"excerpt":{"rendered":"<p>Excelentes v\u00eddeos de Toni, explicados con una gran claridad y para todos los p\u00fablicos. Super recomendable. En este art\u00edculo encontrar\u00e1s todos los v\u00eddeos, pulsa al final en \u201cLeer el resto de la entrada\u201d: Tutorial fotograf\u00eda 1 &#8211; las c\u00e1maras compactas Tutorial fotograf\u00eda 2 &#8211; Las c\u00e1maras Reflex Tutorial fotograf\u00eda 3 &#8211; la distancia focal Tutorial fotograf\u00eda 4 &#8211; los objetivos Tutorial fotograf\u00eda 5 &#8211; la exposici\u00f3n Tutorial fotograf\u00eda 6 &#8211;<\/p>\n<div class=\"belowpost\"><a class=\"btnmore\" href=\"https:\/\/www.huelvaysusfotografos.com\/?p=1582\">Seguir leyendo<\/a><\/div>\n","protected":false},"author":2,"featured_media":0,"comment_status":"open","ping_status":"open","sticky":false,"template":"","format":"standard","meta":{"footnotes":"","_links_to":"","_links_to_target":""},"categories":[14],"tags":[64,65,69,72,150,9,70,67,71,66,63,68],"class_list":["post-1582","post","type-post","status-publish","format-standard","hentry","category-cursos","tag-camaras","tag-compatas","tag-diafragma","tag-encuadre","tag-exposiciones","tag-formacion","tag-iso","tag-objetivos","tag-profundidad-de-campo","tag-reflex","tag-toni-de-ros","tag-velocidad"],"_links":{"self":[{"href":"https:\/\/www.huelvaysusfotografos.com\/index.php?rest_route=\/wp\/v2\/posts\/1582","targetHints":{"allow":["GET"]}}],"collection":[{"href":"https:\/\/www.huelvaysusfotografos.com\/index.php?rest_route=\/wp\/v2\/posts"}],"about":[{"href":"https:\/\/www.huelvaysusfotografos.com\/index.php?rest_route=\/wp\/v2\/types\/post"}],"author":[{"embeddable":true,"href":"https:\/\/www.huelvaysusfotografos.com\/index.php?rest_route=\/wp\/v2\/users\/2"}],"replies":[{"embeddable":true,"href":"https:\/\/www.huelvaysusfotografos.com\/index.php?rest_route=%2Fwp%2Fv2%2Fcomments&post=1582"}],"version-history":[{"count":4,"href":"https:\/\/www.huelvaysusfotografos.com\/index.php?rest_route=\/wp\/v2\/posts\/1582\/revisions"}],"predecessor-version":[{"id":1584,"href":"https:\/\/www.huelvaysusfotografos.com\/index.php?rest_route=\/wp\/v2\/posts\/1582\/revisions\/1584"}],"wp:attachment":[{"href":"https:\/\/www.huelvaysusfotografos.com\/index.php?rest_route=%2Fwp%2Fv2%2Fmedia&parent=1582"}],"wp:term":[{"taxonomy":"category","embeddable":true,"href":"https:\/\/www.huelvaysusfotografos.com\/index.php?rest_route=%2Fwp%2Fv2%2Fcategories&post=1582"},{"taxonomy":"post_tag","embeddable":true,"href":"https:\/\/www.huelvaysusfotografos.com\/index.php?rest_route=%2Fwp%2Fv2%2Ftags&post=1582"}],"curies":[{"name":"wp","href":"https:\/\/api.w.org\/{rel}","templated":true}]}}