{"id":15809,"date":"2026-03-14T07:31:22","date_gmt":"2026-03-14T06:31:22","guid":{"rendered":"https:\/\/www.huelvaysusfotografos.com\/?p=15809"},"modified":"2026-03-14T07:31:24","modified_gmt":"2026-03-14T06:31:24","slug":"ayamonte-acoge-la-exposicion-del-i-rally-fotografico-de-la-finca-el-bosque-dedicado-al-paisaje-agricola-de-huelva","status":"publish","type":"post","link":"https:\/\/www.huelvaysusfotografos.com\/?p=15809","title":{"rendered":"Ayamonte acoge la exposici\u00f3n del I Rally Fotogr\u00e1fico de la Finca El Bosque dedicado al paisaje agr\u00edcola de Huelva"},"content":{"rendered":"\n<h3 class=\"wp-block-heading\"><strong>La muestra re\u00fane las obras de m\u00e1s de 35 fot\u00f3grafos y forma parte de las actividades conmemorativas del 125 aniversario de La Canastita<\/strong><\/h3>\n\n\n\n<p>El Patio Noble de la Casa Grande \u201cManuel Rivero\u201d de <strong>Ayamonte<\/strong> acogi\u00f3 en la tarde del jueves la presentaci\u00f3n de la exposici\u00f3n fotogr\u00e1fica del <strong>I Rally Entorno Finca El Bosque<\/strong>, una iniciativa cultural organizada por la <strong>Asociaci\u00f3n Huelva y sus Fot\u00f3grafos<\/strong> junto a la empresa agr\u00edcola <strong>La Canastita<\/strong>, en el marco de la conmemoraci\u00f3n de su <strong>125 aniversario<\/strong>.<br><br>El acto cont\u00f3 con la presencia de <strong>Jos\u00e9 Manuel Correa Delgado<\/strong>, delegado del Gobierno de la Junta de Andaluc\u00eda en Huelva; <strong>Jos\u00e9 Luis Arizmendi<\/strong>, presidente de la Asociaci\u00f3n Huelva y sus Fot\u00f3grafos; <strong>Diego Velo<\/strong>, representante de <strong>La Canastita<\/strong>; <strong>Mar\u00eda Jos\u00e9 Mart\u00edn Medero<\/strong>, concejala de Cultura del Ayuntamiento de Ayamonte; y <strong>Javier L\u00f3pez Villegas<\/strong>, coordinador del \u00e1rea de Cultura.<\/p>\n\n\n\n<p>La muestra recoge una selecci\u00f3n de las im\u00e1genes realizadas durante el rally fotogr\u00e1fico, en el que participaron <strong>m\u00e1s de 35 fot\u00f3grafos<\/strong> que recorrieron distintos espacios de la finca El Bosque, en Lucena del Puerto, con el objetivo de interpretar a trav\u00e9s de la fotograf\u00eda un paisaje singular del territorio onubense. Este entorno combina el <strong>bosque mediterr\u00e1neo con el cultivo de la mora<\/strong>, configurando un agroecosistema donde naturaleza y actividad agr\u00edcola conviven en equilibrio.<\/p>\n\n\n\n<p>Las obras expuestas ofrecen una mirada plural sobre el paisaje agrario contempor\u00e1neo. A trav\u00e9s de diferentes estilos y lenguajes fotogr\u00e1ficos, los autores capturan elementos caracter\u00edsticos del territorio como los alcornoques y pinares, las estructuras agr\u00edcolas, los surcos de cultivo o los invernaderos, componiendo un relato visual que pone de manifiesto la relaci\u00f3n entre naturaleza, producci\u00f3n agr\u00edcola y paisaje.<\/p>\n\n\n\n<p>La exposici\u00f3n, instalada en la <strong>Sala de las Tinajas<\/strong>, permanecer\u00e1 abierta al p\u00fablico hasta el <strong>10 de abril<\/strong>.<\/p>\n\n\n\n<h2 class=\"wp-block-heading\"><strong>Mirar el campo desde la fotograf\u00eda<\/strong><\/h2>\n\n\n\n<p>El proyecto expositivo nace a partir del rally fotogr\u00e1fico \u201cEntorno de El Bosque\u201d, una experiencia colectiva de observaci\u00f3n del territorio que permiti\u00f3 a los participantes recorrer diferentes \u00e1reas de la finca y conocer de primera mano su funcionamiento como agroecosistema. Durante el recorrido, los fot\u00f3grafos pudieron explorar tanto las zonas de cultivo como los espacios de bosque mediterr\u00e1neo, aproxim\u00e1ndose al paisaje desde una perspectiva art\u00edstica y documental.<\/p>\n\n\n\n<p>El resultado es una colecci\u00f3n de im\u00e1genes que invita al visitante a detenerse y observar el campo desde una nueva perspectiva, entendiendo el paisaje agr\u00edcola no solo como un espacio productivo, sino como un territorio donde confluyen cultura, naturaleza y conocimiento.<\/p>\n\n\n\n<h2 class=\"wp-block-heading\"><strong>Una exposici\u00f3n itinerante para acercar el campo a la sociedad<\/strong><\/h2>\n\n\n\n<p>La muestra ha sido concebida como un <strong>proyecto expositivo itinerante<\/strong>, dise\u00f1ado para poder presentarse en distintos espacios culturales, instituciones y centros expositivos. Esta caracter\u00edstica permitir\u00e1 que la exposici\u00f3n contin\u00fae su recorrido por diferentes localidades, ampliando su alcance y acercando el paisaje agr\u00edcola y la cultura del campo a p\u00fablicos diversos.<\/p>\n\n\n\n<p>Este planteamiento convierte la exposici\u00f3n en una herramienta de divulgaci\u00f3n cultural que contribuye a <strong>visibilizar el trabajo agrario y el valor del territorio<\/strong>, utilizando la fotograf\u00eda como lenguaje capaz de conectar la actividad agr\u00edcola con la sensibilidad art\u00edstica y la mirada contempor\u00e1nea.<\/p>\n\n\n\n<h2 class=\"wp-block-heading\"><strong>125 a\u00f1os de relaci\u00f3n con la tierra<\/strong><\/h2>\n\n\n\n<p>La exposici\u00f3n forma parte de las actividades con las que <strong>La Canastita<\/strong> celebra sus <strong>125 a\u00f1os de trayectoria<\/strong>, una historia empresarial profundamente vinculada al campo onubense. A lo largo de m\u00e1s de un siglo, la empresa ha evolucionado manteniendo siempre su relaci\u00f3n con la tierra, apostando por la innovaci\u00f3n agron\u00f3mica y la sostenibilidad en el cultivo de la mora.<\/p>\n\n\n\n<p>Con esta iniciativa cultural, arte y agricultura se encuentran para ofrecer una nueva forma de interpretar el paisaje y reconocer el papel del sector agr\u00edcola en la construcci\u00f3n del territorio.<\/p>\n\n\n\n<figure class=\"wp-block-gallery has-nested-images columns-default is-cropped wp-block-gallery-1 is-layout-flex wp-block-gallery-is-layout-flex\">\n<figure class=\"wp-block-image size-large\"><a href=\"https:\/\/www.huelvaysusfotografos.com\/wp-content\/uploads\/2026\/03\/IMG_1372-copia.jpg\"><img loading=\"lazy\" decoding=\"async\" width=\"1024\" height=\"683\" data-id=\"15811\" src=\"https:\/\/www.huelvaysusfotografos.com\/wp-content\/uploads\/2026\/03\/IMG_1372-copia-1024x683.jpg\" alt=\"\" class=\"wp-image-15811\" srcset=\"https:\/\/www.huelvaysusfotografos.com\/wp-content\/uploads\/2026\/03\/IMG_1372-copia-1024x683.jpg 1024w, https:\/\/www.huelvaysusfotografos.com\/wp-content\/uploads\/2026\/03\/IMG_1372-copia-300x200.jpg 300w, https:\/\/www.huelvaysusfotografos.com\/wp-content\/uploads\/2026\/03\/IMG_1372-copia-768x512.jpg 768w, https:\/\/www.huelvaysusfotografos.com\/wp-content\/uploads\/2026\/03\/IMG_1372-copia-1536x1024.jpg 1536w, https:\/\/www.huelvaysusfotografos.com\/wp-content\/uploads\/2026\/03\/IMG_1372-copia.jpg 1600w\" sizes=\"auto, (max-width: 1024px) 100vw, 1024px\" \/><\/a><\/figure>\n\n\n\n<figure class=\"wp-block-image size-large\"><a href=\"https:\/\/www.huelvaysusfotografos.com\/wp-content\/uploads\/2026\/03\/IMG_1403-copia.jpg\"><img loading=\"lazy\" decoding=\"async\" width=\"1024\" height=\"682\" data-id=\"15812\" src=\"https:\/\/www.huelvaysusfotografos.com\/wp-content\/uploads\/2026\/03\/IMG_1403-copia-1024x682.jpg\" alt=\"\" class=\"wp-image-15812\" srcset=\"https:\/\/www.huelvaysusfotografos.com\/wp-content\/uploads\/2026\/03\/IMG_1403-copia-1024x682.jpg 1024w, https:\/\/www.huelvaysusfotografos.com\/wp-content\/uploads\/2026\/03\/IMG_1403-copia-300x200.jpg 300w, https:\/\/www.huelvaysusfotografos.com\/wp-content\/uploads\/2026\/03\/IMG_1403-copia-768x512.jpg 768w, https:\/\/www.huelvaysusfotografos.com\/wp-content\/uploads\/2026\/03\/IMG_1403-copia.jpg 1280w\" sizes=\"auto, (max-width: 1024px) 100vw, 1024px\" \/><\/a><\/figure>\n\n\n\n<figure class=\"wp-block-image size-large\"><a href=\"https:\/\/www.huelvaysusfotografos.com\/wp-content\/uploads\/2026\/03\/IMG_1404-copia.jpg\"><img loading=\"lazy\" decoding=\"async\" width=\"1024\" height=\"682\" data-id=\"15813\" src=\"https:\/\/www.huelvaysusfotografos.com\/wp-content\/uploads\/2026\/03\/IMG_1404-copia-1024x682.jpg\" alt=\"\" class=\"wp-image-15813\" srcset=\"https:\/\/www.huelvaysusfotografos.com\/wp-content\/uploads\/2026\/03\/IMG_1404-copia-1024x682.jpg 1024w, https:\/\/www.huelvaysusfotografos.com\/wp-content\/uploads\/2026\/03\/IMG_1404-copia-300x200.jpg 300w, https:\/\/www.huelvaysusfotografos.com\/wp-content\/uploads\/2026\/03\/IMG_1404-copia-768x512.jpg 768w, https:\/\/www.huelvaysusfotografos.com\/wp-content\/uploads\/2026\/03\/IMG_1404-copia.jpg 1280w\" sizes=\"auto, (max-width: 1024px) 100vw, 1024px\" \/><\/a><\/figure>\n\n\n\n<figure class=\"wp-block-image size-large\"><a href=\"https:\/\/www.huelvaysusfotografos.com\/wp-content\/uploads\/2026\/03\/IMG_1411-copia.jpg\"><img loading=\"lazy\" decoding=\"async\" width=\"1024\" height=\"682\" data-id=\"15814\" src=\"https:\/\/www.huelvaysusfotografos.com\/wp-content\/uploads\/2026\/03\/IMG_1411-copia-1024x682.jpg\" alt=\"\" class=\"wp-image-15814\" srcset=\"https:\/\/www.huelvaysusfotografos.com\/wp-content\/uploads\/2026\/03\/IMG_1411-copia-1024x682.jpg 1024w, https:\/\/www.huelvaysusfotografos.com\/wp-content\/uploads\/2026\/03\/IMG_1411-copia-300x200.jpg 300w, https:\/\/www.huelvaysusfotografos.com\/wp-content\/uploads\/2026\/03\/IMG_1411-copia-768x512.jpg 768w, https:\/\/www.huelvaysusfotografos.com\/wp-content\/uploads\/2026\/03\/IMG_1411-copia.jpg 1280w\" sizes=\"auto, (max-width: 1024px) 100vw, 1024px\" \/><\/a><\/figure>\n\n\n\n<figure class=\"wp-block-image size-large\"><a href=\"https:\/\/www.huelvaysusfotografos.com\/wp-content\/uploads\/2026\/03\/IMG_1427-copia.jpg\"><img loading=\"lazy\" decoding=\"async\" width=\"1024\" height=\"682\" data-id=\"15815\" src=\"https:\/\/www.huelvaysusfotografos.com\/wp-content\/uploads\/2026\/03\/IMG_1427-copia-1024x682.jpg\" alt=\"\" class=\"wp-image-15815\" srcset=\"https:\/\/www.huelvaysusfotografos.com\/wp-content\/uploads\/2026\/03\/IMG_1427-copia-1024x682.jpg 1024w, https:\/\/www.huelvaysusfotografos.com\/wp-content\/uploads\/2026\/03\/IMG_1427-copia-300x200.jpg 300w, https:\/\/www.huelvaysusfotografos.com\/wp-content\/uploads\/2026\/03\/IMG_1427-copia-768x512.jpg 768w, https:\/\/www.huelvaysusfotografos.com\/wp-content\/uploads\/2026\/03\/IMG_1427-copia.jpg 1280w\" sizes=\"auto, (max-width: 1024px) 100vw, 1024px\" \/><\/a><\/figure>\n\n\n\n<figure class=\"wp-block-image size-large\"><a href=\"https:\/\/www.huelvaysusfotografos.com\/wp-content\/uploads\/2026\/03\/IMG_1432-copia.jpg\"><img loading=\"lazy\" decoding=\"async\" width=\"1024\" height=\"683\" data-id=\"15816\" src=\"https:\/\/www.huelvaysusfotografos.com\/wp-content\/uploads\/2026\/03\/IMG_1432-copia-1024x683.jpg\" alt=\"\" class=\"wp-image-15816\" srcset=\"https:\/\/www.huelvaysusfotografos.com\/wp-content\/uploads\/2026\/03\/IMG_1432-copia-1024x683.jpg 1024w, https:\/\/www.huelvaysusfotografos.com\/wp-content\/uploads\/2026\/03\/IMG_1432-copia-300x200.jpg 300w, https:\/\/www.huelvaysusfotografos.com\/wp-content\/uploads\/2026\/03\/IMG_1432-copia-768x512.jpg 768w, https:\/\/www.huelvaysusfotografos.com\/wp-content\/uploads\/2026\/03\/IMG_1432-copia-1536x1024.jpg 1536w, https:\/\/www.huelvaysusfotografos.com\/wp-content\/uploads\/2026\/03\/IMG_1432-copia.jpg 1600w\" sizes=\"auto, (max-width: 1024px) 100vw, 1024px\" \/><\/a><\/figure>\n\n\n\n<figure class=\"wp-block-image size-large\"><a href=\"https:\/\/www.huelvaysusfotografos.com\/wp-content\/uploads\/2026\/03\/IMG_1437-copia.jpg\"><img loading=\"lazy\" decoding=\"async\" width=\"1024\" height=\"682\" data-id=\"15817\" src=\"https:\/\/www.huelvaysusfotografos.com\/wp-content\/uploads\/2026\/03\/IMG_1437-copia-1024x682.jpg\" alt=\"\" class=\"wp-image-15817\" srcset=\"https:\/\/www.huelvaysusfotografos.com\/wp-content\/uploads\/2026\/03\/IMG_1437-copia-1024x682.jpg 1024w, https:\/\/www.huelvaysusfotografos.com\/wp-content\/uploads\/2026\/03\/IMG_1437-copia-300x200.jpg 300w, https:\/\/www.huelvaysusfotografos.com\/wp-content\/uploads\/2026\/03\/IMG_1437-copia-768x512.jpg 768w, https:\/\/www.huelvaysusfotografos.com\/wp-content\/uploads\/2026\/03\/IMG_1437-copia.jpg 1280w\" sizes=\"auto, (max-width: 1024px) 100vw, 1024px\" \/><\/a><\/figure>\n\n\n\n<figure class=\"wp-block-image size-large\"><a href=\"https:\/\/www.huelvaysusfotografos.com\/wp-content\/uploads\/2026\/03\/IMG_1444-copia.jpg\"><img loading=\"lazy\" decoding=\"async\" width=\"1024\" height=\"682\" data-id=\"15818\" src=\"https:\/\/www.huelvaysusfotografos.com\/wp-content\/uploads\/2026\/03\/IMG_1444-copia-1024x682.jpg\" alt=\"\" class=\"wp-image-15818\" srcset=\"https:\/\/www.huelvaysusfotografos.com\/wp-content\/uploads\/2026\/03\/IMG_1444-copia-1024x682.jpg 1024w, https:\/\/www.huelvaysusfotografos.com\/wp-content\/uploads\/2026\/03\/IMG_1444-copia-300x200.jpg 300w, https:\/\/www.huelvaysusfotografos.com\/wp-content\/uploads\/2026\/03\/IMG_1444-copia-768x512.jpg 768w, https:\/\/www.huelvaysusfotografos.com\/wp-content\/uploads\/2026\/03\/IMG_1444-copia.jpg 1280w\" sizes=\"auto, (max-width: 1024px) 100vw, 1024px\" \/><\/a><\/figure>\n\n\n\n<figure class=\"wp-block-image size-large\"><a href=\"https:\/\/www.huelvaysusfotografos.com\/wp-content\/uploads\/2026\/03\/IMG_1450-copia.jpg\"><img loading=\"lazy\" decoding=\"async\" width=\"1024\" height=\"682\" data-id=\"15820\" src=\"https:\/\/www.huelvaysusfotografos.com\/wp-content\/uploads\/2026\/03\/IMG_1450-copia-1024x682.jpg\" alt=\"\" class=\"wp-image-15820\" srcset=\"https:\/\/www.huelvaysusfotografos.com\/wp-content\/uploads\/2026\/03\/IMG_1450-copia-1024x682.jpg 1024w, https:\/\/www.huelvaysusfotografos.com\/wp-content\/uploads\/2026\/03\/IMG_1450-copia-300x200.jpg 300w, https:\/\/www.huelvaysusfotografos.com\/wp-content\/uploads\/2026\/03\/IMG_1450-copia-768x512.jpg 768w, https:\/\/www.huelvaysusfotografos.com\/wp-content\/uploads\/2026\/03\/IMG_1450-copia.jpg 1280w\" sizes=\"auto, (max-width: 1024px) 100vw, 1024px\" \/><\/a><\/figure>\n\n\n\n<figure class=\"wp-block-image size-large\"><a href=\"https:\/\/www.huelvaysusfotografos.com\/wp-content\/uploads\/2026\/03\/IMG_1466-copia.jpg\"><img loading=\"lazy\" decoding=\"async\" width=\"1024\" height=\"682\" data-id=\"15819\" src=\"https:\/\/www.huelvaysusfotografos.com\/wp-content\/uploads\/2026\/03\/IMG_1466-copia-1024x682.jpg\" alt=\"\" class=\"wp-image-15819\" srcset=\"https:\/\/www.huelvaysusfotografos.com\/wp-content\/uploads\/2026\/03\/IMG_1466-copia-1024x682.jpg 1024w, https:\/\/www.huelvaysusfotografos.com\/wp-content\/uploads\/2026\/03\/IMG_1466-copia-300x200.jpg 300w, https:\/\/www.huelvaysusfotografos.com\/wp-content\/uploads\/2026\/03\/IMG_1466-copia-768x512.jpg 768w, https:\/\/www.huelvaysusfotografos.com\/wp-content\/uploads\/2026\/03\/IMG_1466-copia.jpg 1280w\" sizes=\"auto, (max-width: 1024px) 100vw, 1024px\" \/><\/a><\/figure>\n\n\n\n<figure class=\"wp-block-image size-large\"><a href=\"https:\/\/www.huelvaysusfotografos.com\/wp-content\/uploads\/2026\/03\/IMG_1494-copia.jpg\"><img loading=\"lazy\" decoding=\"async\" width=\"1024\" height=\"682\" data-id=\"15821\" src=\"https:\/\/www.huelvaysusfotografos.com\/wp-content\/uploads\/2026\/03\/IMG_1494-copia-1024x682.jpg\" alt=\"\" class=\"wp-image-15821\" srcset=\"https:\/\/www.huelvaysusfotografos.com\/wp-content\/uploads\/2026\/03\/IMG_1494-copia-1024x682.jpg 1024w, https:\/\/www.huelvaysusfotografos.com\/wp-content\/uploads\/2026\/03\/IMG_1494-copia-300x200.jpg 300w, https:\/\/www.huelvaysusfotografos.com\/wp-content\/uploads\/2026\/03\/IMG_1494-copia-768x512.jpg 768w, https:\/\/www.huelvaysusfotografos.com\/wp-content\/uploads\/2026\/03\/IMG_1494-copia.jpg 1280w\" sizes=\"auto, (max-width: 1024px) 100vw, 1024px\" \/><\/a><\/figure>\n\n\n\n<figure class=\"wp-block-image size-large\"><a href=\"https:\/\/www.huelvaysusfotografos.com\/wp-content\/uploads\/2026\/03\/IMG_1501-copia.jpg\"><img loading=\"lazy\" decoding=\"async\" width=\"1024\" height=\"683\" data-id=\"15822\" src=\"https:\/\/www.huelvaysusfotografos.com\/wp-content\/uploads\/2026\/03\/IMG_1501-copia-1024x683.jpg\" alt=\"\" class=\"wp-image-15822\" srcset=\"https:\/\/www.huelvaysusfotografos.com\/wp-content\/uploads\/2026\/03\/IMG_1501-copia-1024x683.jpg 1024w, https:\/\/www.huelvaysusfotografos.com\/wp-content\/uploads\/2026\/03\/IMG_1501-copia-300x200.jpg 300w, https:\/\/www.huelvaysusfotografos.com\/wp-content\/uploads\/2026\/03\/IMG_1501-copia-768x512.jpg 768w, https:\/\/www.huelvaysusfotografos.com\/wp-content\/uploads\/2026\/03\/IMG_1501-copia-1536x1024.jpg 1536w, https:\/\/www.huelvaysusfotografos.com\/wp-content\/uploads\/2026\/03\/IMG_1501-copia.jpg 1600w\" sizes=\"auto, (max-width: 1024px) 100vw, 1024px\" \/><\/a><\/figure>\n<\/figure>\n","protected":false},"excerpt":{"rendered":"<p>La muestra re\u00fane las obras de m\u00e1s de 35 fot\u00f3grafos y forma parte de las actividades conmemorativas del 125 aniversario de La Canastita El Patio Noble de la Casa Grande \u201cManuel Rivero\u201d de Ayamonte acogi\u00f3 en la tarde del jueves la presentaci\u00f3n de la exposici\u00f3n fotogr\u00e1fica del I Rally Entorno Finca El Bosque, una iniciativa cultural organizada por la Asociaci\u00f3n Huelva y sus Fot\u00f3grafos junto a la empresa agr\u00edcola La<\/p>\n<div class=\"belowpost\"><a class=\"btnmore\" href=\"https:\/\/www.huelvaysusfotografos.com\/?p=15809\">Seguir leyendo<\/a><\/div>\n","protected":false},"author":8279,"featured_media":15810,"comment_status":"open","ping_status":"open","sticky":false,"template":"","format":"standard","meta":{"footnotes":"","_links_to":"","_links_to_target":""},"categories":[3],"tags":[],"class_list":["post-15809","post","type-post","status-publish","format-standard","has-post-thumbnail","hentry","category-noticias"],"_links":{"self":[{"href":"https:\/\/www.huelvaysusfotografos.com\/index.php?rest_route=\/wp\/v2\/posts\/15809","targetHints":{"allow":["GET"]}}],"collection":[{"href":"https:\/\/www.huelvaysusfotografos.com\/index.php?rest_route=\/wp\/v2\/posts"}],"about":[{"href":"https:\/\/www.huelvaysusfotografos.com\/index.php?rest_route=\/wp\/v2\/types\/post"}],"author":[{"embeddable":true,"href":"https:\/\/www.huelvaysusfotografos.com\/index.php?rest_route=\/wp\/v2\/users\/8279"}],"replies":[{"embeddable":true,"href":"https:\/\/www.huelvaysusfotografos.com\/index.php?rest_route=%2Fwp%2Fv2%2Fcomments&post=15809"}],"version-history":[{"count":1,"href":"https:\/\/www.huelvaysusfotografos.com\/index.php?rest_route=\/wp\/v2\/posts\/15809\/revisions"}],"predecessor-version":[{"id":15823,"href":"https:\/\/www.huelvaysusfotografos.com\/index.php?rest_route=\/wp\/v2\/posts\/15809\/revisions\/15823"}],"wp:featuredmedia":[{"embeddable":true,"href":"https:\/\/www.huelvaysusfotografos.com\/index.php?rest_route=\/wp\/v2\/media\/15810"}],"wp:attachment":[{"href":"https:\/\/www.huelvaysusfotografos.com\/index.php?rest_route=%2Fwp%2Fv2%2Fmedia&parent=15809"}],"wp:term":[{"taxonomy":"category","embeddable":true,"href":"https:\/\/www.huelvaysusfotografos.com\/index.php?rest_route=%2Fwp%2Fv2%2Fcategories&post=15809"},{"taxonomy":"post_tag","embeddable":true,"href":"https:\/\/www.huelvaysusfotografos.com\/index.php?rest_route=%2Fwp%2Fv2%2Ftags&post=15809"}],"curies":[{"name":"wp","href":"https:\/\/api.w.org\/{rel}","templated":true}]}}