{"id":15805,"date":"2026-03-11T15:53:44","date_gmt":"2026-03-11T14:53:44","guid":{"rendered":"https:\/\/www.huelvaysusfotografos.com\/?p=15805"},"modified":"2026-03-11T15:53:45","modified_gmt":"2026-03-11T14:53:45","slug":"nos-vamos-de-exposicion-a-ayamonte","status":"publish","type":"post","link":"https:\/\/www.huelvaysusfotografos.com\/?p=15805","title":{"rendered":"Nos vamos de exposici\u00f3n a Ayamonte"},"content":{"rendered":"\n<p><strong><em>La exposici\u00f3n del I Rally Fotogr\u00e1fico \u201cEntorno de la Finca El Bosque\u201d contin\u00faa su recorrido.<\/em><\/strong><\/p>\n\n\n\n<p>Tras su paso por la Universidad de Huelva, la muestra llega ahora al Centro Cultural Casa Grande Manuel Rivero Gonz\u00e1lez de Ayamonte.<\/p>\n\n\n\n<p>En el marco del 125 aniversario de La Canastita, esta exposici\u00f3n re\u00fane una selecci\u00f3n de las mejores im\u00e1genes del rally fotogr\u00e1fico, capturando la esencia del entorno de la Finca El Bosque: su patrimonio natural, la agricultura sostenible y la convivencia del cultivo de la mora con el bosque mediterr\u00e1neo.<\/p>\n\n\n\n<p><img loading=\"lazy\" decoding=\"async\" height=\"16\" width=\"16\" alt=\"\ud83d\udccd\" src=\"https:\/\/static.xx.fbcdn.net\/images\/emoji.php\/v9\/t2d\/1\/16\/1f4cd.png\"> Lugar: Centro Cultural Casa Grande \u201cManuel Rivero Gonz\u00e1lez\u201d, Ayamonte<\/p>\n\n\n\n<p><img loading=\"lazy\" decoding=\"async\" height=\"16\" width=\"16\" alt=\"\ud83d\udcc5\" src=\"https:\/\/static.xx.fbcdn.net\/images\/emoji.php\/v9\/t7e\/1\/16\/1f4c5.png\"> Inauguraci\u00f3n: 12 de marzo<\/p>\n\n\n\n<p><img loading=\"lazy\" decoding=\"async\" height=\"16\" width=\"16\" alt=\"\ud83d\udd56\" src=\"https:\/\/static.xx.fbcdn.net\/images\/emoji.php\/v9\/tae\/1\/16\/1f556.png\"> Hora: 19:00 h<\/p>\n\n\n\n<p><img loading=\"lazy\" decoding=\"async\" height=\"16\" width=\"16\" alt=\"\ud83d\uddd3\ufe0f\" src=\"https:\/\/static.xx.fbcdn.net\/images\/emoji.php\/v9\/t5c\/1\/16\/1f5d3.png\"> Exposici\u00f3n abierta del 12 de marzo al 10 de abril<\/p>\n\n\n\n<p>Ser\u00e1 un placer seguir compartiendo este espacio donde se encuentran fotograf\u00eda, territorio y sostenibilidad.<\/p>\n\n\n\n<p>\u00a1Os esperamos!<\/p>\n\n\n\n<figure class=\"wp-block-image size-large\"><a href=\"https:\/\/www.huelvaysusfotografos.com\/wp-content\/uploads\/2026\/03\/CARTEL-EXPO-AYAMONTE-LA-CANASTITA-1.jpg\"><img loading=\"lazy\" decoding=\"async\" width=\"707\" height=\"1024\" src=\"https:\/\/www.huelvaysusfotografos.com\/wp-content\/uploads\/2026\/03\/CARTEL-EXPO-AYAMONTE-LA-CANASTITA-1-707x1024.jpg\" alt=\"\" class=\"wp-image-15807\" srcset=\"https:\/\/www.huelvaysusfotografos.com\/wp-content\/uploads\/2026\/03\/CARTEL-EXPO-AYAMONTE-LA-CANASTITA-1-707x1024.jpg 707w, https:\/\/www.huelvaysusfotografos.com\/wp-content\/uploads\/2026\/03\/CARTEL-EXPO-AYAMONTE-LA-CANASTITA-1-207x300.jpg 207w, https:\/\/www.huelvaysusfotografos.com\/wp-content\/uploads\/2026\/03\/CARTEL-EXPO-AYAMONTE-LA-CANASTITA-1-768x1112.jpg 768w, https:\/\/www.huelvaysusfotografos.com\/wp-content\/uploads\/2026\/03\/CARTEL-EXPO-AYAMONTE-LA-CANASTITA-1.jpg 781w\" sizes=\"auto, (max-width: 707px) 100vw, 707px\" \/><\/a><\/figure>\n","protected":false},"excerpt":{"rendered":"<p>La exposici\u00f3n del I Rally Fotogr\u00e1fico \u201cEntorno de la Finca El Bosque\u201d contin\u00faa su recorrido. Tras su paso por la Universidad de Huelva, la muestra llega ahora al Centro Cultural Casa Grande Manuel Rivero Gonz\u00e1lez de Ayamonte. En el marco del 125 aniversario de La Canastita, esta exposici\u00f3n re\u00fane una selecci\u00f3n de las mejores im\u00e1genes del rally fotogr\u00e1fico, capturando la esencia del entorno de la Finca El Bosque: su patrimonio<\/p>\n<div class=\"belowpost\"><a class=\"btnmore\" href=\"https:\/\/www.huelvaysusfotografos.com\/?p=15805\">Seguir leyendo<\/a><\/div>\n","protected":false},"author":8279,"featured_media":15806,"comment_status":"open","ping_status":"open","sticky":false,"template":"","format":"standard","meta":{"footnotes":"","_links_to":"","_links_to_target":""},"categories":[23],"tags":[],"class_list":["post-15805","post","type-post","status-publish","format-standard","has-post-thumbnail","hentry","category-exposiciones"],"_links":{"self":[{"href":"https:\/\/www.huelvaysusfotografos.com\/index.php?rest_route=\/wp\/v2\/posts\/15805","targetHints":{"allow":["GET"]}}],"collection":[{"href":"https:\/\/www.huelvaysusfotografos.com\/index.php?rest_route=\/wp\/v2\/posts"}],"about":[{"href":"https:\/\/www.huelvaysusfotografos.com\/index.php?rest_route=\/wp\/v2\/types\/post"}],"author":[{"embeddable":true,"href":"https:\/\/www.huelvaysusfotografos.com\/index.php?rest_route=\/wp\/v2\/users\/8279"}],"replies":[{"embeddable":true,"href":"https:\/\/www.huelvaysusfotografos.com\/index.php?rest_route=%2Fwp%2Fv2%2Fcomments&post=15805"}],"version-history":[{"count":1,"href":"https:\/\/www.huelvaysusfotografos.com\/index.php?rest_route=\/wp\/v2\/posts\/15805\/revisions"}],"predecessor-version":[{"id":15808,"href":"https:\/\/www.huelvaysusfotografos.com\/index.php?rest_route=\/wp\/v2\/posts\/15805\/revisions\/15808"}],"wp:featuredmedia":[{"embeddable":true,"href":"https:\/\/www.huelvaysusfotografos.com\/index.php?rest_route=\/wp\/v2\/media\/15806"}],"wp:attachment":[{"href":"https:\/\/www.huelvaysusfotografos.com\/index.php?rest_route=%2Fwp%2Fv2%2Fmedia&parent=15805"}],"wp:term":[{"taxonomy":"category","embeddable":true,"href":"https:\/\/www.huelvaysusfotografos.com\/index.php?rest_route=%2Fwp%2Fv2%2Fcategories&post=15805"},{"taxonomy":"post_tag","embeddable":true,"href":"https:\/\/www.huelvaysusfotografos.com\/index.php?rest_route=%2Fwp%2Fv2%2Ftags&post=15805"}],"curies":[{"name":"wp","href":"https:\/\/api.w.org\/{rel}","templated":true}]}}