{"id":15758,"date":"2026-01-17T18:24:48","date_gmt":"2026-01-17T17:24:48","guid":{"rendered":"https:\/\/www.huelvaysusfotografos.com\/?p=15758"},"modified":"2026-01-17T18:24:49","modified_gmt":"2026-01-17T17:24:49","slug":"inaugurada-la-exposicion-del-rally-fotografico-entorno-de-el-bosque","status":"publish","type":"post","link":"https:\/\/www.huelvaysusfotografos.com\/?p=15758","title":{"rendered":"Inaugurada la exposici\u00f3n del Rally Fotogr\u00e1fico \u201cEntorno de El Bosque\u201d"},"content":{"rendered":"\n<p>El claustro central de la<strong> Facultad de Empresariales y Turismo de la Universidad de Huelva<\/strong> se convirti\u00f3 ayer en un espacio de encuentro entre fotograf\u00eda, territorio y empresa con la <strong>inauguraci\u00f3n de la exposici\u00f3n del Rally Fotogr\u00e1fico \u201cEntorno de El Bosque\u201d<\/strong>, una muestra vinculada a la conmemoraci\u00f3n del 125 aniversario de La Canastita.<\/p>\n\n\n\n<p>Alrededor de 70 personas se dieron cita en este acto inaugural, que reuni\u00f3 a participantes del rally, aficionados a la fotograf\u00eda, compa\u00f1eros y trabajadores de La Canastita, miembros de la familia Velo, as\u00ed como representantes institucionales y alcaldes de municipios vinculados a las zonas de producci\u00f3n de la empresa. Un encuentro cercano y emotivo, en el que se compartieron miradas, recuerdos y reflexiones en torno al campo, la empresa y el territorio.<\/p>\n\n\n\n<p>Durante el acto de presentaci\u00f3n intervinieron la decana de la Facultad de Empresariales y Turismo, <strong>Elena Garc\u00eda de Soto Camacho; Daniel Velo y Diego Velo<\/strong>, en representaci\u00f3n de La Canastita;<strong> Jos\u00e9 Luis Arizmendi Llanes<\/strong>, presidente de la Asociaci\u00f3n Huelva y sus Fot\u00f3grafos; y <strong>Francisco Javier Mu\u00f1oz Gonz\u00e1lez<\/strong>, segundo teniente de alcalde de Econom\u00eda y Hacienda del Ayuntamiento de Huelva, entre otros representantes institucionales.<\/p>\n\n\n\n<p>Desarrollado en la finca El Bosque, el rally ha permitido a distintos autores interpretar un agroecosistema singular, donde el bosque mediterr\u00e1neo y el cultivo de la mora conviven en equilibrio. Las im\u00e1genes expuestas ponen el acento en la luz, los ritmos del campo, las geometr\u00edas de los cultivos y las estructuras agr\u00edcolas, revelando una mirada que combina lo formal y lo humano, y que habla de trabajo, cuidado y respeto por el entorno natural.<\/p>\n\n\n\n<p>La muestra se inscribe en <strong>la conmemoraci\u00f3n del 125 aniversario de La Canastita,<\/strong> una empresa familiar con una larga trayectoria de emprendimiento, adaptaci\u00f3n e innovaci\u00f3n ligada a la tierra. Celebrar esta inauguraci\u00f3n en la Facultad de Empresariales y Turismo refuerza el v\u00ednculo entre el mundo acad\u00e9mico y el tejido empresarial, subrayando valores compartidos como la visi\u00f3n a largo plazo, la sostenibilidad y la capacidad de evolucionar sin perder la esencia.<\/p>\n\n\n\n<p><img loading=\"lazy\" decoding=\"async\" height=\"16\" width=\"16\" alt=\"\ud83d\uddd3\ufe0f\" src=\"https:\/\/static.xx.fbcdn.net\/images\/emoji.php\/v9\/t5c\/1\/16\/1f5d3.png\"> La exposici\u00f3n podr\u00e1 visitarse hasta el viernes 31 de enero,<\/p>\n\n\n\n<p><img loading=\"lazy\" decoding=\"async\" height=\"16\" width=\"16\" alt=\"\ud83d\udd58\" src=\"https:\/\/static.xx.fbcdn.net\/images\/emoji.php\/v9\/tb0\/1\/16\/1f558.png\"> en horario de 09:00 a 21:00 horas,<\/p>\n\n\n\n<p><img loading=\"lazy\" decoding=\"async\" height=\"16\" width=\"16\" alt=\"\ud83d\udccd\" src=\"https:\/\/static.xx.fbcdn.net\/images\/emoji.php\/v9\/t2d\/1\/16\/1f4cd.png\"> en la Facultad de Empresariales y Turismo \u00b7 Campus de La Merced (Huelva),<\/p>\n\n\n\n<p><img loading=\"lazy\" decoding=\"async\" height=\"16\" width=\"16\" alt=\"\ud83c\udf9f\ufe0f\" src=\"https:\/\/static.xx.fbcdn.net\/images\/emoji.php\/v9\/td8\/1\/16\/1f39f.png\"> con entrada libre.<\/p>\n\n\n\n<p>La exposici\u00f3n cuenta con la colaboraci\u00f3n de la <a href=\"https:\/\/www.facebook.com\/huelvaysusfotografos?__cft__[0]=AZbp6Wm0QvzoxPEBDF8wVpDs-jSz8-6JiDPxRpPyAgJXs0qCWQ1RWX3XwRH0zjx4DYuuUEfneAyYbJO03ER992zt6ZD3PVX5ZDsKoSV03EfkHAwyngtwkcO5NucvrRfSCzvmRFT15nOhfNnVYTVVS1_c6vghTE8z8VU7T1jYDHMMZoBgpnje3v1Gmme-VaAhBLs&amp;__tn__=-]K-R\">Asociaci\u00f3n Huelva y sus Fot\u00f3grafos<\/a>, cuya implicaci\u00f3n en la organizaci\u00f3n del rally y de la muestra ha sido fundamental, y con el apoyo de la <a href=\"https:\/\/www.facebook.com\/unihuelva?__cft__[0]=AZbp6Wm0QvzoxPEBDF8wVpDs-jSz8-6JiDPxRpPyAgJXs0qCWQ1RWX3XwRH0zjx4DYuuUEfneAyYbJO03ER992zt6ZD3PVX5ZDsKoSV03EfkHAwyngtwkcO5NucvrRfSCzvmRFT15nOhfNnVYTVVS1_c6vghTE8z8VU7T1jYDHMMZoBgpnje3v1Gmme-VaAhBLs&amp;__tn__=-]K-R\">Universidad de Huelva<\/a> , que ha facilitado la celebraci\u00f3n de esta exposici\u00f3n en un espacio tan representativo como el claustro de la Facultad de Empresariales y Turismo. Desde aqu\u00ed agradecemos tan valiosa colaboraci\u00f3n.<\/p>\n\n\n\n<figure class=\"wp-block-gallery has-nested-images columns-default is-cropped wp-block-gallery-1 is-layout-flex wp-block-gallery-is-layout-flex\">\n<figure class=\"wp-block-image size-large\"><a href=\"https:\/\/www.huelvaysusfotografos.com\/wp-content\/uploads\/2026\/01\/2.jpg\"><img loading=\"lazy\" decoding=\"async\" width=\"1024\" height=\"683\" data-id=\"15760\" src=\"https:\/\/www.huelvaysusfotografos.com\/wp-content\/uploads\/2026\/01\/2-1024x683.jpg\" alt=\"\" class=\"wp-image-15760\" srcset=\"https:\/\/www.huelvaysusfotografos.com\/wp-content\/uploads\/2026\/01\/2-1024x683.jpg 1024w, https:\/\/www.huelvaysusfotografos.com\/wp-content\/uploads\/2026\/01\/2-300x200.jpg 300w, https:\/\/www.huelvaysusfotografos.com\/wp-content\/uploads\/2026\/01\/2-768x512.jpg 768w, https:\/\/www.huelvaysusfotografos.com\/wp-content\/uploads\/2026\/01\/2-1536x1024.jpg 1536w, https:\/\/www.huelvaysusfotografos.com\/wp-content\/uploads\/2026\/01\/2.jpg 2048w\" sizes=\"auto, (max-width: 1024px) 100vw, 1024px\" \/><\/a><\/figure>\n\n\n\n<figure class=\"wp-block-image size-large\"><a href=\"https:\/\/www.huelvaysusfotografos.com\/wp-content\/uploads\/2026\/01\/3.jpg\"><img loading=\"lazy\" decoding=\"async\" width=\"2048\" height=\"1365\" data-id=\"15761\" src=\"https:\/\/www.huelvaysusfotografos.com\/wp-content\/uploads\/2026\/01\/3-1024x683.jpg\" alt=\"\" class=\"wp-image-15761\" srcset=\"https:\/\/www.huelvaysusfotografos.com\/wp-content\/uploads\/2026\/01\/3-1024x683.jpg 1024w, https:\/\/www.huelvaysusfotografos.com\/wp-content\/uploads\/2026\/01\/3-300x200.jpg 300w, https:\/\/www.huelvaysusfotografos.com\/wp-content\/uploads\/2026\/01\/3-768x512.jpg 768w, https:\/\/www.huelvaysusfotografos.com\/wp-content\/uploads\/2026\/01\/3-1536x1024.jpg 1536w, https:\/\/www.huelvaysusfotografos.com\/wp-content\/uploads\/2026\/01\/3.jpg 2048w\" sizes=\"auto, (max-width: 2048px) 100vw, 2048px\" \/><\/a><\/figure>\n\n\n\n<figure class=\"wp-block-image size-large\"><a href=\"https:\/\/www.huelvaysusfotografos.com\/wp-content\/uploads\/2026\/01\/4.jpg\"><img loading=\"lazy\" decoding=\"async\" width=\"1024\" height=\"683\" data-id=\"15765\" src=\"https:\/\/www.huelvaysusfotografos.com\/wp-content\/uploads\/2026\/01\/4-1024x683.jpg\" alt=\"\" class=\"wp-image-15765\" srcset=\"https:\/\/www.huelvaysusfotografos.com\/wp-content\/uploads\/2026\/01\/4-1024x683.jpg 1024w, https:\/\/www.huelvaysusfotografos.com\/wp-content\/uploads\/2026\/01\/4-300x200.jpg 300w, https:\/\/www.huelvaysusfotografos.com\/wp-content\/uploads\/2026\/01\/4-768x512.jpg 768w, https:\/\/www.huelvaysusfotografos.com\/wp-content\/uploads\/2026\/01\/4-1536x1024.jpg 1536w, https:\/\/www.huelvaysusfotografos.com\/wp-content\/uploads\/2026\/01\/4.jpg 2048w\" sizes=\"auto, (max-width: 1024px) 100vw, 1024px\" \/><\/a><\/figure>\n\n\n\n<figure class=\"wp-block-image size-large\"><a href=\"https:\/\/www.huelvaysusfotografos.com\/wp-content\/uploads\/2026\/01\/5.jpg\"><img loading=\"lazy\" decoding=\"async\" width=\"1024\" height=\"683\" data-id=\"15762\" src=\"https:\/\/www.huelvaysusfotografos.com\/wp-content\/uploads\/2026\/01\/5-1024x683.jpg\" alt=\"\" class=\"wp-image-15762\" srcset=\"https:\/\/www.huelvaysusfotografos.com\/wp-content\/uploads\/2026\/01\/5-1024x683.jpg 1024w, https:\/\/www.huelvaysusfotografos.com\/wp-content\/uploads\/2026\/01\/5-300x200.jpg 300w, https:\/\/www.huelvaysusfotografos.com\/wp-content\/uploads\/2026\/01\/5-768x512.jpg 768w, https:\/\/www.huelvaysusfotografos.com\/wp-content\/uploads\/2026\/01\/5-1536x1024.jpg 1536w, https:\/\/www.huelvaysusfotografos.com\/wp-content\/uploads\/2026\/01\/5.jpg 2048w\" sizes=\"auto, (max-width: 1024px) 100vw, 1024px\" \/><\/a><\/figure>\n\n\n\n<figure class=\"wp-block-image size-large\"><a href=\"https:\/\/www.huelvaysusfotografos.com\/wp-content\/uploads\/2026\/01\/6.jpg\"><img loading=\"lazy\" decoding=\"async\" width=\"1024\" height=\"683\" data-id=\"15763\" src=\"https:\/\/www.huelvaysusfotografos.com\/wp-content\/uploads\/2026\/01\/6-1024x683.jpg\" alt=\"\" class=\"wp-image-15763\" srcset=\"https:\/\/www.huelvaysusfotografos.com\/wp-content\/uploads\/2026\/01\/6-1024x683.jpg 1024w, https:\/\/www.huelvaysusfotografos.com\/wp-content\/uploads\/2026\/01\/6-300x200.jpg 300w, https:\/\/www.huelvaysusfotografos.com\/wp-content\/uploads\/2026\/01\/6-768x512.jpg 768w, https:\/\/www.huelvaysusfotografos.com\/wp-content\/uploads\/2026\/01\/6-1536x1024.jpg 1536w, https:\/\/www.huelvaysusfotografos.com\/wp-content\/uploads\/2026\/01\/6.jpg 2048w\" sizes=\"auto, (max-width: 1024px) 100vw, 1024px\" \/><\/a><\/figure>\n\n\n\n<figure class=\"wp-block-image size-large\"><a href=\"https:\/\/www.huelvaysusfotografos.com\/wp-content\/uploads\/2026\/01\/7.jpg\"><img loading=\"lazy\" decoding=\"async\" width=\"1024\" height=\"683\" data-id=\"15764\" src=\"https:\/\/www.huelvaysusfotografos.com\/wp-content\/uploads\/2026\/01\/7-1024x683.jpg\" alt=\"\" class=\"wp-image-15764\" srcset=\"https:\/\/www.huelvaysusfotografos.com\/wp-content\/uploads\/2026\/01\/7-1024x683.jpg 1024w, https:\/\/www.huelvaysusfotografos.com\/wp-content\/uploads\/2026\/01\/7-300x200.jpg 300w, https:\/\/www.huelvaysusfotografos.com\/wp-content\/uploads\/2026\/01\/7-768x512.jpg 768w, https:\/\/www.huelvaysusfotografos.com\/wp-content\/uploads\/2026\/01\/7-1536x1024.jpg 1536w, https:\/\/www.huelvaysusfotografos.com\/wp-content\/uploads\/2026\/01\/7.jpg 2048w\" sizes=\"auto, (max-width: 1024px) 100vw, 1024px\" \/><\/a><\/figure>\n\n\n\n<figure class=\"wp-block-image size-large\"><a href=\"https:\/\/www.huelvaysusfotografos.com\/wp-content\/uploads\/2026\/01\/8.jpg\"><img loading=\"lazy\" decoding=\"async\" width=\"683\" height=\"1024\" data-id=\"15766\" src=\"https:\/\/www.huelvaysusfotografos.com\/wp-content\/uploads\/2026\/01\/8-683x1024.jpg\" alt=\"\" class=\"wp-image-15766\" srcset=\"https:\/\/www.huelvaysusfotografos.com\/wp-content\/uploads\/2026\/01\/8-683x1024.jpg 683w, https:\/\/www.huelvaysusfotografos.com\/wp-content\/uploads\/2026\/01\/8-200x300.jpg 200w, https:\/\/www.huelvaysusfotografos.com\/wp-content\/uploads\/2026\/01\/8-768x1152.jpg 768w, https:\/\/www.huelvaysusfotografos.com\/wp-content\/uploads\/2026\/01\/8-1024x1536.jpg 1024w, https:\/\/www.huelvaysusfotografos.com\/wp-content\/uploads\/2026\/01\/8.jpg 1365w\" sizes=\"auto, (max-width: 683px) 100vw, 683px\" \/><\/a><\/figure>\n\n\n\n<figure class=\"wp-block-image size-large\"><a href=\"https:\/\/www.huelvaysusfotografos.com\/wp-content\/uploads\/2026\/01\/9.jpg\"><img loading=\"lazy\" decoding=\"async\" width=\"1024\" height=\"683\" data-id=\"15767\" src=\"https:\/\/www.huelvaysusfotografos.com\/wp-content\/uploads\/2026\/01\/9-1024x683.jpg\" alt=\"\" class=\"wp-image-15767\" srcset=\"https:\/\/www.huelvaysusfotografos.com\/wp-content\/uploads\/2026\/01\/9-1024x683.jpg 1024w, https:\/\/www.huelvaysusfotografos.com\/wp-content\/uploads\/2026\/01\/9-300x200.jpg 300w, https:\/\/www.huelvaysusfotografos.com\/wp-content\/uploads\/2026\/01\/9-768x512.jpg 768w, https:\/\/www.huelvaysusfotografos.com\/wp-content\/uploads\/2026\/01\/9-1536x1024.jpg 1536w, https:\/\/www.huelvaysusfotografos.com\/wp-content\/uploads\/2026\/01\/9.jpg 2048w\" sizes=\"auto, (max-width: 1024px) 100vw, 1024px\" \/><\/a><\/figure>\n\n\n\n<figure class=\"wp-block-image size-large\"><a href=\"https:\/\/www.huelvaysusfotografos.com\/wp-content\/uploads\/2026\/01\/10.jpg\"><img loading=\"lazy\" decoding=\"async\" width=\"1024\" height=\"683\" data-id=\"15768\" src=\"https:\/\/www.huelvaysusfotografos.com\/wp-content\/uploads\/2026\/01\/10-1024x683.jpg\" alt=\"\" class=\"wp-image-15768\" srcset=\"https:\/\/www.huelvaysusfotografos.com\/wp-content\/uploads\/2026\/01\/10-1024x683.jpg 1024w, https:\/\/www.huelvaysusfotografos.com\/wp-content\/uploads\/2026\/01\/10-300x200.jpg 300w, https:\/\/www.huelvaysusfotografos.com\/wp-content\/uploads\/2026\/01\/10-768x512.jpg 768w, https:\/\/www.huelvaysusfotografos.com\/wp-content\/uploads\/2026\/01\/10-1536x1024.jpg 1536w, https:\/\/www.huelvaysusfotografos.com\/wp-content\/uploads\/2026\/01\/10.jpg 2048w\" sizes=\"auto, (max-width: 1024px) 100vw, 1024px\" \/><\/a><\/figure>\n\n\n\n<figure class=\"wp-block-image size-large\"><a href=\"https:\/\/www.huelvaysusfotografos.com\/wp-content\/uploads\/2026\/01\/11.jpg\"><img loading=\"lazy\" decoding=\"async\" width=\"683\" height=\"1024\" data-id=\"15769\" src=\"https:\/\/www.huelvaysusfotografos.com\/wp-content\/uploads\/2026\/01\/11-683x1024.jpg\" alt=\"\" class=\"wp-image-15769\" srcset=\"https:\/\/www.huelvaysusfotografos.com\/wp-content\/uploads\/2026\/01\/11-683x1024.jpg 683w, https:\/\/www.huelvaysusfotografos.com\/wp-content\/uploads\/2026\/01\/11-200x300.jpg 200w, https:\/\/www.huelvaysusfotografos.com\/wp-content\/uploads\/2026\/01\/11-768x1152.jpg 768w, https:\/\/www.huelvaysusfotografos.com\/wp-content\/uploads\/2026\/01\/11-1024x1536.jpg 1024w, https:\/\/www.huelvaysusfotografos.com\/wp-content\/uploads\/2026\/01\/11.jpg 1365w\" sizes=\"auto, (max-width: 683px) 100vw, 683px\" \/><\/a><\/figure>\n\n\n\n<figure class=\"wp-block-image size-large\"><a href=\"https:\/\/www.huelvaysusfotografos.com\/wp-content\/uploads\/2026\/01\/12.jpg\"><img loading=\"lazy\" decoding=\"async\" width=\"1024\" height=\"683\" data-id=\"15771\" src=\"https:\/\/www.huelvaysusfotografos.com\/wp-content\/uploads\/2026\/01\/12-1024x683.jpg\" alt=\"\" class=\"wp-image-15771\" srcset=\"https:\/\/www.huelvaysusfotografos.com\/wp-content\/uploads\/2026\/01\/12-1024x683.jpg 1024w, https:\/\/www.huelvaysusfotografos.com\/wp-content\/uploads\/2026\/01\/12-300x200.jpg 300w, https:\/\/www.huelvaysusfotografos.com\/wp-content\/uploads\/2026\/01\/12-768x512.jpg 768w, https:\/\/www.huelvaysusfotografos.com\/wp-content\/uploads\/2026\/01\/12-1536x1024.jpg 1536w, https:\/\/www.huelvaysusfotografos.com\/wp-content\/uploads\/2026\/01\/12.jpg 2048w\" sizes=\"auto, (max-width: 1024px) 100vw, 1024px\" \/><\/a><\/figure>\n\n\n\n<figure class=\"wp-block-image size-large\"><a href=\"https:\/\/www.huelvaysusfotografos.com\/wp-content\/uploads\/2026\/01\/13.jpg\"><img loading=\"lazy\" decoding=\"async\" width=\"1024\" height=\"683\" data-id=\"15770\" src=\"https:\/\/www.huelvaysusfotografos.com\/wp-content\/uploads\/2026\/01\/13-1024x683.jpg\" alt=\"\" class=\"wp-image-15770\" srcset=\"https:\/\/www.huelvaysusfotografos.com\/wp-content\/uploads\/2026\/01\/13-1024x683.jpg 1024w, https:\/\/www.huelvaysusfotografos.com\/wp-content\/uploads\/2026\/01\/13-300x200.jpg 300w, https:\/\/www.huelvaysusfotografos.com\/wp-content\/uploads\/2026\/01\/13-768x512.jpg 768w, https:\/\/www.huelvaysusfotografos.com\/wp-content\/uploads\/2026\/01\/13-1536x1024.jpg 1536w, https:\/\/www.huelvaysusfotografos.com\/wp-content\/uploads\/2026\/01\/13.jpg 2048w\" sizes=\"auto, (max-width: 1024px) 100vw, 1024px\" \/><\/a><\/figure>\n\n\n\n<figure class=\"wp-block-image size-large\"><a href=\"https:\/\/www.huelvaysusfotografos.com\/wp-content\/uploads\/2026\/01\/14.jpg\"><img loading=\"lazy\" decoding=\"async\" width=\"1024\" height=\"683\" data-id=\"15772\" src=\"https:\/\/www.huelvaysusfotografos.com\/wp-content\/uploads\/2026\/01\/14-1024x683.jpg\" alt=\"\" class=\"wp-image-15772\" srcset=\"https:\/\/www.huelvaysusfotografos.com\/wp-content\/uploads\/2026\/01\/14-1024x683.jpg 1024w, https:\/\/www.huelvaysusfotografos.com\/wp-content\/uploads\/2026\/01\/14-300x200.jpg 300w, https:\/\/www.huelvaysusfotografos.com\/wp-content\/uploads\/2026\/01\/14-768x512.jpg 768w, https:\/\/www.huelvaysusfotografos.com\/wp-content\/uploads\/2026\/01\/14-1536x1024.jpg 1536w, https:\/\/www.huelvaysusfotografos.com\/wp-content\/uploads\/2026\/01\/14.jpg 2048w\" sizes=\"auto, (max-width: 1024px) 100vw, 1024px\" \/><\/a><\/figure>\n\n\n\n<figure class=\"wp-block-image size-large\"><a href=\"https:\/\/www.huelvaysusfotografos.com\/wp-content\/uploads\/2026\/01\/15.jpg\"><img loading=\"lazy\" decoding=\"async\" width=\"1024\" height=\"683\" data-id=\"15773\" src=\"https:\/\/www.huelvaysusfotografos.com\/wp-content\/uploads\/2026\/01\/15-1024x683.jpg\" alt=\"\" class=\"wp-image-15773\" srcset=\"https:\/\/www.huelvaysusfotografos.com\/wp-content\/uploads\/2026\/01\/15-1024x683.jpg 1024w, https:\/\/www.huelvaysusfotografos.com\/wp-content\/uploads\/2026\/01\/15-300x200.jpg 300w, https:\/\/www.huelvaysusfotografos.com\/wp-content\/uploads\/2026\/01\/15-768x512.jpg 768w, https:\/\/www.huelvaysusfotografos.com\/wp-content\/uploads\/2026\/01\/15-1536x1024.jpg 1536w, https:\/\/www.huelvaysusfotografos.com\/wp-content\/uploads\/2026\/01\/15.jpg 2048w\" sizes=\"auto, (max-width: 1024px) 100vw, 1024px\" \/><\/a><\/figure>\n\n\n\n<figure class=\"wp-block-image size-large\"><a href=\"https:\/\/www.huelvaysusfotografos.com\/wp-content\/uploads\/2026\/01\/16.jpg\"><img loading=\"lazy\" decoding=\"async\" width=\"1024\" height=\"683\" data-id=\"15774\" src=\"https:\/\/www.huelvaysusfotografos.com\/wp-content\/uploads\/2026\/01\/16-1024x683.jpg\" alt=\"\" class=\"wp-image-15774\" srcset=\"https:\/\/www.huelvaysusfotografos.com\/wp-content\/uploads\/2026\/01\/16-1024x683.jpg 1024w, https:\/\/www.huelvaysusfotografos.com\/wp-content\/uploads\/2026\/01\/16-300x200.jpg 300w, https:\/\/www.huelvaysusfotografos.com\/wp-content\/uploads\/2026\/01\/16-768x512.jpg 768w, https:\/\/www.huelvaysusfotografos.com\/wp-content\/uploads\/2026\/01\/16-1536x1024.jpg 1536w, https:\/\/www.huelvaysusfotografos.com\/wp-content\/uploads\/2026\/01\/16.jpg 2048w\" sizes=\"auto, (max-width: 1024px) 100vw, 1024px\" \/><\/a><\/figure>\n\n\n\n<figure class=\"wp-block-image size-large\"><a href=\"https:\/\/www.huelvaysusfotografos.com\/wp-content\/uploads\/2026\/01\/17.jpg\"><img loading=\"lazy\" decoding=\"async\" width=\"1024\" height=\"683\" data-id=\"15775\" src=\"https:\/\/www.huelvaysusfotografos.com\/wp-content\/uploads\/2026\/01\/17-1024x683.jpg\" alt=\"\" class=\"wp-image-15775\" srcset=\"https:\/\/www.huelvaysusfotografos.com\/wp-content\/uploads\/2026\/01\/17-1024x683.jpg 1024w, https:\/\/www.huelvaysusfotografos.com\/wp-content\/uploads\/2026\/01\/17-300x200.jpg 300w, https:\/\/www.huelvaysusfotografos.com\/wp-content\/uploads\/2026\/01\/17-768x512.jpg 768w, https:\/\/www.huelvaysusfotografos.com\/wp-content\/uploads\/2026\/01\/17-1536x1024.jpg 1536w, https:\/\/www.huelvaysusfotografos.com\/wp-content\/uploads\/2026\/01\/17.jpg 2048w\" sizes=\"auto, (max-width: 1024px) 100vw, 1024px\" \/><\/a><\/figure>\n\n\n\n<figure class=\"wp-block-image size-large\"><a href=\"https:\/\/www.huelvaysusfotografos.com\/wp-content\/uploads\/2026\/01\/18.jpg\"><img loading=\"lazy\" decoding=\"async\" width=\"1024\" height=\"683\" data-id=\"15776\" src=\"https:\/\/www.huelvaysusfotografos.com\/wp-content\/uploads\/2026\/01\/18-1024x683.jpg\" alt=\"\" class=\"wp-image-15776\" srcset=\"https:\/\/www.huelvaysusfotografos.com\/wp-content\/uploads\/2026\/01\/18-1024x683.jpg 1024w, https:\/\/www.huelvaysusfotografos.com\/wp-content\/uploads\/2026\/01\/18-300x200.jpg 300w, https:\/\/www.huelvaysusfotografos.com\/wp-content\/uploads\/2026\/01\/18-768x512.jpg 768w, https:\/\/www.huelvaysusfotografos.com\/wp-content\/uploads\/2026\/01\/18-1536x1024.jpg 1536w, https:\/\/www.huelvaysusfotografos.com\/wp-content\/uploads\/2026\/01\/18.jpg 2048w\" sizes=\"auto, (max-width: 1024px) 100vw, 1024px\" \/><\/a><\/figure>\n\n\n\n<figure class=\"wp-block-image size-large\"><a href=\"https:\/\/www.huelvaysusfotografos.com\/wp-content\/uploads\/2026\/01\/19.jpg\"><img loading=\"lazy\" decoding=\"async\" width=\"1024\" height=\"683\" data-id=\"15777\" src=\"https:\/\/www.huelvaysusfotografos.com\/wp-content\/uploads\/2026\/01\/19-1024x683.jpg\" alt=\"\" class=\"wp-image-15777\" srcset=\"https:\/\/www.huelvaysusfotografos.com\/wp-content\/uploads\/2026\/01\/19-1024x683.jpg 1024w, https:\/\/www.huelvaysusfotografos.com\/wp-content\/uploads\/2026\/01\/19-300x200.jpg 300w, https:\/\/www.huelvaysusfotografos.com\/wp-content\/uploads\/2026\/01\/19-768x512.jpg 768w, https:\/\/www.huelvaysusfotografos.com\/wp-content\/uploads\/2026\/01\/19-1536x1024.jpg 1536w, https:\/\/www.huelvaysusfotografos.com\/wp-content\/uploads\/2026\/01\/19.jpg 2048w\" sizes=\"auto, (max-width: 1024px) 100vw, 1024px\" \/><\/a><\/figure>\n\n\n\n<figure class=\"wp-block-image size-large\"><a href=\"https:\/\/www.huelvaysusfotografos.com\/wp-content\/uploads\/2026\/01\/20.jpg\"><img loading=\"lazy\" decoding=\"async\" width=\"1024\" height=\"683\" data-id=\"15778\" src=\"https:\/\/www.huelvaysusfotografos.com\/wp-content\/uploads\/2026\/01\/20-1024x683.jpg\" alt=\"\" class=\"wp-image-15778\" srcset=\"https:\/\/www.huelvaysusfotografos.com\/wp-content\/uploads\/2026\/01\/20-1024x683.jpg 1024w, https:\/\/www.huelvaysusfotografos.com\/wp-content\/uploads\/2026\/01\/20-300x200.jpg 300w, https:\/\/www.huelvaysusfotografos.com\/wp-content\/uploads\/2026\/01\/20-768x512.jpg 768w, https:\/\/www.huelvaysusfotografos.com\/wp-content\/uploads\/2026\/01\/20-1536x1024.jpg 1536w, https:\/\/www.huelvaysusfotografos.com\/wp-content\/uploads\/2026\/01\/20.jpg 2048w\" sizes=\"auto, (max-width: 1024px) 100vw, 1024px\" \/><\/a><\/figure>\n\n\n\n<figure class=\"wp-block-image size-large\"><a href=\"https:\/\/www.huelvaysusfotografos.com\/wp-content\/uploads\/2026\/01\/21.jpg\"><img loading=\"lazy\" decoding=\"async\" width=\"1024\" height=\"683\" data-id=\"15779\" src=\"https:\/\/www.huelvaysusfotografos.com\/wp-content\/uploads\/2026\/01\/21-1024x683.jpg\" alt=\"\" class=\"wp-image-15779\" srcset=\"https:\/\/www.huelvaysusfotografos.com\/wp-content\/uploads\/2026\/01\/21-1024x683.jpg 1024w, https:\/\/www.huelvaysusfotografos.com\/wp-content\/uploads\/2026\/01\/21-300x200.jpg 300w, https:\/\/www.huelvaysusfotografos.com\/wp-content\/uploads\/2026\/01\/21-768x512.jpg 768w, https:\/\/www.huelvaysusfotografos.com\/wp-content\/uploads\/2026\/01\/21-1536x1024.jpg 1536w, https:\/\/www.huelvaysusfotografos.com\/wp-content\/uploads\/2026\/01\/21.jpg 2048w\" sizes=\"auto, (max-width: 1024px) 100vw, 1024px\" \/><\/a><\/figure>\n<\/figure>\n","protected":false},"excerpt":{"rendered":"<p>El claustro central de la Facultad de Empresariales y Turismo de la Universidad de Huelva se convirti\u00f3 ayer en un espacio de encuentro entre fotograf\u00eda, territorio y empresa con la inauguraci\u00f3n de la exposici\u00f3n del Rally Fotogr\u00e1fico \u201cEntorno de El Bosque\u201d, una muestra vinculada a la conmemoraci\u00f3n del 125 aniversario de La Canastita. Alrededor de 70 personas se dieron cita en este acto inaugural, que reuni\u00f3 a participantes del rally,<\/p>\n<div class=\"belowpost\"><a class=\"btnmore\" href=\"https:\/\/www.huelvaysusfotografos.com\/?p=15758\">Seguir leyendo<\/a><\/div>\n","protected":false},"author":8279,"featured_media":15759,"comment_status":"open","ping_status":"open","sticky":false,"template":"","format":"standard","meta":{"footnotes":"","_links_to":"","_links_to_target":""},"categories":[4,23],"tags":[],"class_list":["post-15758","post","type-post","status-publish","format-standard","has-post-thumbnail","hentry","category-actividades","category-exposiciones"],"_links":{"self":[{"href":"https:\/\/www.huelvaysusfotografos.com\/index.php?rest_route=\/wp\/v2\/posts\/15758","targetHints":{"allow":["GET"]}}],"collection":[{"href":"https:\/\/www.huelvaysusfotografos.com\/index.php?rest_route=\/wp\/v2\/posts"}],"about":[{"href":"https:\/\/www.huelvaysusfotografos.com\/index.php?rest_route=\/wp\/v2\/types\/post"}],"author":[{"embeddable":true,"href":"https:\/\/www.huelvaysusfotografos.com\/index.php?rest_route=\/wp\/v2\/users\/8279"}],"replies":[{"embeddable":true,"href":"https:\/\/www.huelvaysusfotografos.com\/index.php?rest_route=%2Fwp%2Fv2%2Fcomments&post=15758"}],"version-history":[{"count":1,"href":"https:\/\/www.huelvaysusfotografos.com\/index.php?rest_route=\/wp\/v2\/posts\/15758\/revisions"}],"predecessor-version":[{"id":15780,"href":"https:\/\/www.huelvaysusfotografos.com\/index.php?rest_route=\/wp\/v2\/posts\/15758\/revisions\/15780"}],"wp:featuredmedia":[{"embeddable":true,"href":"https:\/\/www.huelvaysusfotografos.com\/index.php?rest_route=\/wp\/v2\/media\/15759"}],"wp:attachment":[{"href":"https:\/\/www.huelvaysusfotografos.com\/index.php?rest_route=%2Fwp%2Fv2%2Fmedia&parent=15758"}],"wp:term":[{"taxonomy":"category","embeddable":true,"href":"https:\/\/www.huelvaysusfotografos.com\/index.php?rest_route=%2Fwp%2Fv2%2Fcategories&post=15758"},{"taxonomy":"post_tag","embeddable":true,"href":"https:\/\/www.huelvaysusfotografos.com\/index.php?rest_route=%2Fwp%2Fv2%2Ftags&post=15758"}],"curies":[{"name":"wp","href":"https:\/\/api.w.org\/{rel}","templated":true}]}}