{"id":15751,"date":"2025-11-22T21:00:56","date_gmt":"2025-11-22T20:00:56","guid":{"rendered":"https:\/\/www.huelvaysusfotografos.com\/?p=15751"},"modified":"2025-11-30T21:25:05","modified_gmt":"2025-11-30T20:25:05","slug":"el-grupo-hadra-chefchaounia-cautivo-al-publico-asistente","status":"publish","type":"post","link":"https:\/\/www.huelvaysusfotografos.com\/?p=15751","title":{"rendered":"El grupo Hadra Chefchaoun\u00eda cautivo al p\u00fablico asistente."},"content":{"rendered":"\n<h4 class=\"wp-block-heading\">La m\u00fasica suf\u00ed del grupo de mujeres Hadra Chefchaoun\u00eda nos hizo disfrutar y conocer esta expresi\u00f3n de canto espiritual basado en la tradici\u00f3n.<\/h4>\n\n\n\n<p>La actuaci\u00f3n del grupo Hadra Chefchaoun\u00eda tuvo lugar el\u00a0<strong>jueves 20 de noviembre a las 20:00h<\/strong>\u00a0como parte de la programaci\u00f3n que la\u00a0<strong>Fundaci\u00f3n Tres Culturas<\/strong>\u00a0ha desarrollado para noviembre, mes dedicado a Marruecos.<\/p>\n\n\n\n<p>En las voces femeninas de este grupo tendremos la oportunidad de escuchar el canto suf\u00ed a trav\u00e9s de los ritmos que interpretar\u00e1n con su repertorio de poemas de alabanza y amor m\u00edstico.<\/p>\n\n\n\n<p>Su directora, la Sra. Moudiane destac\u00f3 en la Tercera Edici\u00f3n del Festival Nacional de Canto de Mujeres Suf\u00edes, la importancia de preservar el patrimonio suf\u00ed, rico en ra\u00edces y m\u00faltiples influencias. Igualmente, se\u00f1al\u00f3 que el Festival se ha consolidado como un espacio para celebrar la creatividad femenina en el \u00e1mbito de la m\u00fasica espiritual.<\/p>\n\n\n\n<p>El\u00a0<strong>viernes 21 de noviembre a las 18:30h<\/strong>\u00a0actuaron nuevamente en la ciudad de\u00a0<strong>Huelva<\/strong>\u00a0en el\u00a0<strong>Centro Social Gota de leche.<\/strong><\/p>\n\n\n\n<p>Una tarde noche m\u00e1gica donde la concurrida afluencia de espectadores disfrutaron de las voces de estas mujeres en su m\u00e1xima expresi\u00f3n. Al evento nos acompa\u00f1\u00f3 la C\u00f3nsul General del Reino de Marruecos y el director de la Fundaci\u00f3n Tri Cultura. <\/p>\n","protected":false},"excerpt":{"rendered":"<p>La m\u00fasica suf\u00ed del grupo de mujeres Hadra Chefchaoun\u00eda nos hizo disfrutar y conocer esta expresi\u00f3n de canto espiritual basado en la tradici\u00f3n. La actuaci\u00f3n del grupo Hadra Chefchaoun\u00eda tuvo lugar el\u00a0jueves 20 de noviembre a las 20:00h\u00a0como parte de la programaci\u00f3n que la\u00a0Fundaci\u00f3n Tres Culturas\u00a0ha desarrollado para noviembre, mes dedicado a Marruecos. En las voces femeninas de este grupo tendremos la oportunidad de escuchar el canto suf\u00ed a trav\u00e9s<\/p>\n<div class=\"belowpost\"><a class=\"btnmore\" href=\"https:\/\/www.huelvaysusfotografos.com\/?p=15751\">Seguir leyendo<\/a><\/div>\n","protected":false},"author":8279,"featured_media":15746,"comment_status":"open","ping_status":"open","sticky":false,"template":"","format":"standard","meta":{"footnotes":"","_links_to":"","_links_to_target":""},"categories":[4],"tags":[],"class_list":["post-15751","post","type-post","status-publish","format-standard","has-post-thumbnail","hentry","category-actividades"],"_links":{"self":[{"href":"https:\/\/www.huelvaysusfotografos.com\/index.php?rest_route=\/wp\/v2\/posts\/15751","targetHints":{"allow":["GET"]}}],"collection":[{"href":"https:\/\/www.huelvaysusfotografos.com\/index.php?rest_route=\/wp\/v2\/posts"}],"about":[{"href":"https:\/\/www.huelvaysusfotografos.com\/index.php?rest_route=\/wp\/v2\/types\/post"}],"author":[{"embeddable":true,"href":"https:\/\/www.huelvaysusfotografos.com\/index.php?rest_route=\/wp\/v2\/users\/8279"}],"replies":[{"embeddable":true,"href":"https:\/\/www.huelvaysusfotografos.com\/index.php?rest_route=%2Fwp%2Fv2%2Fcomments&post=15751"}],"version-history":[{"count":1,"href":"https:\/\/www.huelvaysusfotografos.com\/index.php?rest_route=\/wp\/v2\/posts\/15751\/revisions"}],"predecessor-version":[{"id":15755,"href":"https:\/\/www.huelvaysusfotografos.com\/index.php?rest_route=\/wp\/v2\/posts\/15751\/revisions\/15755"}],"wp:featuredmedia":[{"embeddable":true,"href":"https:\/\/www.huelvaysusfotografos.com\/index.php?rest_route=\/wp\/v2\/media\/15746"}],"wp:attachment":[{"href":"https:\/\/www.huelvaysusfotografos.com\/index.php?rest_route=%2Fwp%2Fv2%2Fmedia&parent=15751"}],"wp:term":[{"taxonomy":"category","embeddable":true,"href":"https:\/\/www.huelvaysusfotografos.com\/index.php?rest_route=%2Fwp%2Fv2%2Fcategories&post=15751"},{"taxonomy":"post_tag","embeddable":true,"href":"https:\/\/www.huelvaysusfotografos.com\/index.php?rest_route=%2Fwp%2Fv2%2Ftags&post=15751"}],"curies":[{"name":"wp","href":"https:\/\/api.w.org\/{rel}","templated":true}]}}