{"id":15585,"date":"2025-11-12T12:23:12","date_gmt":"2025-11-12T11:23:12","guid":{"rendered":"https:\/\/www.huelvaysusfotografos.com\/?p=15585"},"modified":"2025-11-12T19:05:11","modified_gmt":"2025-11-12T18:05:11","slug":"el-muelle-de-las-carabelas-escenario-historico-para-la-entrega-de-los-v-premios-carrete","status":"publish","type":"post","link":"https:\/\/www.huelvaysusfotografos.com\/?p=15585","title":{"rendered":"El Muelle de las Carabelas, escenario hist\u00f3rico para la entrega de los V Premios Carrete."},"content":{"rendered":"\n<p>A orillas del Tinto y como testigo de excepci\u00f3n, el Muelle de las Carabelas, fue en la noche de ayer, testigo excepcional de la V entrega de los Premios Carrete.<\/p>\n\n\n\n<p>Estos fueron los premiados de esta edici\u00f3n, en el a\u00f1o que la Asociaci\u00f3n Huelva y sus Fot\u00f3grafos cumple catorce a\u00f1os-<\/p>\n\n\n\n<p><a><\/a><a><\/a><a><strong>Carrete Comunicaci\u00f3n.- <\/strong><\/a>Para<strong> Radio Huelva Cadena Ser<\/strong><\/p>\n\n\n\n<p><strong>Carrete de Hermanamiento.- Fundaci\u00f3n Atlantic Copper<\/strong><strong><\/strong><\/p>\n\n\n\n<p><a><\/a><a><strong>Carrete Onubensismo.- <\/strong><\/a>Para<strong> <a>Jes\u00fas V\u00e1zquez M\u00e9ndez \u201cJes\u00fas de Fari\u00f1a\u201d<\/a><\/strong><strong>.<\/strong><\/p>\n\n\n\n<p><a><\/a><a><strong>Carrete Solidario<\/strong><\/a>.-&nbsp; A la <strong>Entrada Triunfal de Jes\u00fas en Jerusal\u00e9n y Nuestra Se\u00f1ora de los \u00c1ngeles,&nbsp;Hermandad de la Borriquita de Huelva<\/strong> y su obra social<\/p>\n\n\n\n<p><a><\/a><a><strong>Carrete Dinamizador<\/strong><\/a>.- A la empresa <strong>Antonio Espa\u00f1a e hijos<\/strong><strong>.<\/strong><\/p>\n\n\n\n<p><a><strong>Carrete Sanitario<\/strong><\/a>.-&nbsp; A la <strong>&nbsp;&nbsp;<a>Unidad de Cuidados Paliativos Pedi\u00e1tricos y Pacientes con Enfermedades Cr\u00f3nicas Complejas <\/a><\/strong>delHospital Universitario Juan Ram\u00f3n Jim\u00e9nez de Huelva<strong>.<\/strong><strong><\/strong><\/p>\n\n\n\n<p><strong>Carrete Literario.- <\/strong>Al escritor, <strong>D.<\/strong> <strong>Manuel Moya Escobar<\/strong><\/p>\n\n\n\n<figure class=\"wp-block-image size-large\"><a href=\"https:\/\/www.huelvaysusfotografos.com\/wp-content\/uploads\/2025\/11\/FOTO-PREMIADOS-Y-CONSUL-MARRUECOS-CON-PRESIDENTE-Y-FUNDACION-TRI-CULTURA.jpeg\"><img loading=\"lazy\" decoding=\"async\" width=\"1024\" height=\"682\" src=\"https:\/\/www.huelvaysusfotografos.com\/wp-content\/uploads\/2025\/11\/FOTO-PREMIADOS-Y-CONSUL-MARRUECOS-CON-PRESIDENTE-Y-FUNDACION-TRI-CULTURA-1024x682.jpeg\" alt=\"\" class=\"wp-image-15590\" srcset=\"https:\/\/www.huelvaysusfotografos.com\/wp-content\/uploads\/2025\/11\/FOTO-PREMIADOS-Y-CONSUL-MARRUECOS-CON-PRESIDENTE-Y-FUNDACION-TRI-CULTURA-1024x682.jpeg 1024w, https:\/\/www.huelvaysusfotografos.com\/wp-content\/uploads\/2025\/11\/FOTO-PREMIADOS-Y-CONSUL-MARRUECOS-CON-PRESIDENTE-Y-FUNDACION-TRI-CULTURA-300x200.jpeg 300w, https:\/\/www.huelvaysusfotografos.com\/wp-content\/uploads\/2025\/11\/FOTO-PREMIADOS-Y-CONSUL-MARRUECOS-CON-PRESIDENTE-Y-FUNDACION-TRI-CULTURA-768x512.jpeg 768w, https:\/\/www.huelvaysusfotografos.com\/wp-content\/uploads\/2025\/11\/FOTO-PREMIADOS-Y-CONSUL-MARRUECOS-CON-PRESIDENTE-Y-FUNDACION-TRI-CULTURA-1536x1023.jpeg 1536w, https:\/\/www.huelvaysusfotografos.com\/wp-content\/uploads\/2025\/11\/FOTO-PREMIADOS-Y-CONSUL-MARRUECOS-CON-PRESIDENTE-Y-FUNDACION-TRI-CULTURA.jpeg 1600w\" sizes=\"auto, (max-width: 1024px) 100vw, 1024px\" \/><\/a><\/figure>\n\n\n\n<p>Como conductor de la gala y de forma magistral como ya nos tiene acostumbrados, <strong>D. Manuel Soto<\/strong>, fue manejando los tiempos y los turnos de todas y cada una de acciones que estaban dise\u00f1adas para esta noche. Una noche con cont\u00f3 con m\u00fasica en directo tanto en la gala de entrega de premios como en el coctel posterior, ambas actuaciones corr\u00edan a cargo de <strong>Im\u00e1n El Kandousi y Keke.<\/strong><\/p>\n\n\n\n<p>No podr\u00eda olvidarnos de la organizaci\u00f3n de este evento de Dulfi, mano derecha y gestor de nuestra Asociaci\u00f3n, nuestra secretaria Felicita Mar\u00eda, y nuestro vocal de formaci\u00f3n, Juan Carlos Segura Novoa.<\/p>\n\n\n\n<p>Agradecer a Diputaci\u00f3n de Huelva, Ayuntamiento de Palos de la Frontera, Ayuntamiento de Huelva, Puerto de Huelva, Aguas de Huelva, HLA Los Naranjos, Los Maestres, Antonio Espa\u00f1a, Videomax, Ferronol, Giasha, Elena S\u00e1nchez Balonga, Gil Pi\u00f1a, Divian Inmobiliaria, Fundaci\u00f3n Caja Rural del Sur, La Canastita, Destiler\u00eda Martes Santo, Federaci\u00f3n Andaluza de Fotograf\u00eda y Fundaci\u00f3n Tri Cultura, su implicaci\u00f3n para que todo se pueda llevar a buen puerto y nunca mejor dicho.<\/p>\n\n\n\n<p>Y como no agradecer a todas y cada una de las autoridades pol\u00edticas, sociales y militares que nos acompa\u00f1aron en la Gala, D. David Toscano, D\u00f1a. Milagros Romero, D\u00f1a. Marilo Ponce, La C\u00f3nsul General del Reino de Marruecos la Sra. Del-Lero Dounia, D. Alberto Santana, D\u00f1a. Teresa Herrera, D\u00f1a. Manuela Caro, D\u00f1a. Gracia Baquero, Coronel D. Manuel Barrera, Teniente Coronel D. Jorge Manuel Fajardo, Coronel D, Ezequiel Romero, D. Eugenio Toro. D. Najib Bounana, Ex Alcalde D. Pedro Rodr\u00edguez.<\/p>\n\n\n\n<p>Previo a la entrega de los Premios carrete se hizo entrega a los premios de Belenes, Premios de Semana Santa 2025 y al Fot\u00f3grafo del a\u00f1o.<\/p>\n\n\n\n<p>Estos fueron los premiados en esta edici\u00f3n:<\/p>\n\n\n\n<p><strong><u>Premios del concurso de Belenes<\/u><\/strong><\/p>\n\n\n\n<p><strong>El resultado de los premios de Belenes es el siguiente:<\/strong><\/p>\n\n\n\n<p><strong>Tercer Premio<\/strong> para la obra \u201cBel\u00e9n M\u00e9ndez N\u00fa\u00f1ez\u201d de <strong>Sonia Herencia Anillo.<\/strong><\/p>\n\n\n\n<p><strong>Segundo Premio<\/strong> para la obra \u201cBel\u00e9n Cabezas Rubias\u201d de <strong>Antonio Hald\u00f3n Garc\u00eda.<\/strong><\/p>\n\n\n\n<p><strong>Primer Premio<\/strong>&nbsp;para la obra \u201cBel\u00e9n privado\u201d de&nbsp;<strong>Paco Gil<\/strong><\/p>\n\n\n\n<p><strong><u>Premios del concurso de Semana Santa 205<\/u><\/strong><\/p>\n\n\n\n<p><strong>El resultado de los premios es el siguiente:<\/strong><\/p>\n\n\n\n<p><strong>Tercer premio&nbsp;<\/strong>para la obra Titulada<strong>&nbsp;\u201cSombras de f\u00e9\u201d&nbsp; de&nbsp;Ana Mar\u00eda Rosa Infante<\/strong><\/p>\n\n\n\n<p><strong>Segundo premio <\/strong>para la obra Titulada<strong> \u201cGeometr\u00eda casual\u201d&nbsp;de&nbsp;Francisco J. Gil Salguero<\/strong><\/p>\n\n\n\n<p><strong>Primer premio <\/strong>para la obra Titulada<strong> &nbsp;\u201cMantillas- Hdad. Jes\u00fas Ca\u00eddo-Ayamonte\u201d de Pedro Ruiz-Constantino P\u00e9rez.<\/strong><\/p>\n\n\n\n<p><strong>Premio al Fot\u00f3grafo del A\u00f1o, <\/strong>que en esta ocasi\u00f3n reca\u00eda en<strong> Adolfo Morales Cordero.<\/strong><\/p>\n\n\n\n<p>Cerraron la gala El Presidente de la Asociaci\u00f3n, D. Jos\u00e9 Luis Arizmendi Llanes, Presidente del Puerto de Huelva, D. Alberto Santana, Delegada de Salud de la Junta de Andaluc\u00eda, D\u00f1a Manuela Caro, Concejal de Infraestructura y servicios p\u00fablicos del Ayuntamiento de Huelva, D\u00f1a. Mar\u00eda Dolores Ponce G\u00f3mez, Presidente de la Diputaci\u00f3n de Huelva, D. David Toscano.<\/p>\n\n\n\n<p>Tras las palabras de agradecimiento y comprometi\u00e9ndose las instituciones en seguir apoyando y agendando en sus actividades de inter\u00e9s esta gala, pasamos a tomar la foto de familia de premiados y autoridades, previo a un \u00e1gape para comentar la gala y felicitar personalmente a los premiados, contando en ese momento con la actuaci\u00f3n en directo de Keke, que amenizo ese momento con una sorprendente actuaci\u00f3n que mantuvo pendiente a la concurrencia. &nbsp;&nbsp;<\/p>\n\n\n\n<p>Fotos Elena S\u00e1nchez Balonga<\/p>\n\n\n\n<p><\/p>\n","protected":false},"excerpt":{"rendered":"<p>A orillas del Tinto y como testigo de excepci\u00f3n, el Muelle de las Carabelas, fue en la noche de ayer, testigo excepcional de la V entrega de los Premios Carrete. Estos fueron los premiados de esta edici\u00f3n, en el a\u00f1o que la Asociaci\u00f3n Huelva y sus Fot\u00f3grafos cumple catorce a\u00f1os- Carrete Comunicaci\u00f3n.- Para Radio Huelva Cadena Ser Carrete de Hermanamiento.- Fundaci\u00f3n Atlantic Copper Carrete Onubensismo.- Para Jes\u00fas V\u00e1zquez M\u00e9ndez \u201cJes\u00fas<\/p>\n<div class=\"belowpost\"><a class=\"btnmore\" href=\"https:\/\/www.huelvaysusfotografos.com\/?p=15585\">Seguir leyendo<\/a><\/div>\n","protected":false},"author":8279,"featured_media":15588,"comment_status":"open","ping_status":"open","sticky":false,"template":"","format":"standard","meta":{"footnotes":"","_links_to":"","_links_to_target":""},"categories":[233],"tags":[],"class_list":["post-15585","post","type-post","status-publish","format-standard","has-post-thumbnail","hentry","category-gala-v-premios-carrete"],"_links":{"self":[{"href":"https:\/\/www.huelvaysusfotografos.com\/index.php?rest_route=\/wp\/v2\/posts\/15585","targetHints":{"allow":["GET"]}}],"collection":[{"href":"https:\/\/www.huelvaysusfotografos.com\/index.php?rest_route=\/wp\/v2\/posts"}],"about":[{"href":"https:\/\/www.huelvaysusfotografos.com\/index.php?rest_route=\/wp\/v2\/types\/post"}],"author":[{"embeddable":true,"href":"https:\/\/www.huelvaysusfotografos.com\/index.php?rest_route=\/wp\/v2\/users\/8279"}],"replies":[{"embeddable":true,"href":"https:\/\/www.huelvaysusfotografos.com\/index.php?rest_route=%2Fwp%2Fv2%2Fcomments&post=15585"}],"version-history":[{"count":2,"href":"https:\/\/www.huelvaysusfotografos.com\/index.php?rest_route=\/wp\/v2\/posts\/15585\/revisions"}],"predecessor-version":[{"id":15591,"href":"https:\/\/www.huelvaysusfotografos.com\/index.php?rest_route=\/wp\/v2\/posts\/15585\/revisions\/15591"}],"wp:featuredmedia":[{"embeddable":true,"href":"https:\/\/www.huelvaysusfotografos.com\/index.php?rest_route=\/wp\/v2\/media\/15588"}],"wp:attachment":[{"href":"https:\/\/www.huelvaysusfotografos.com\/index.php?rest_route=%2Fwp%2Fv2%2Fmedia&parent=15585"}],"wp:term":[{"taxonomy":"category","embeddable":true,"href":"https:\/\/www.huelvaysusfotografos.com\/index.php?rest_route=%2Fwp%2Fv2%2Fcategories&post=15585"},{"taxonomy":"post_tag","embeddable":true,"href":"https:\/\/www.huelvaysusfotografos.com\/index.php?rest_route=%2Fwp%2Fv2%2Ftags&post=15585"}],"curies":[{"name":"wp","href":"https:\/\/api.w.org\/{rel}","templated":true}]}}