{"id":1557,"date":"2013-04-18T12:34:11","date_gmt":"2013-04-18T11:34:11","guid":{"rendered":"http:\/\/www.huelvaysusfotografos.com\/?p=1557"},"modified":"2013-04-18T12:57:13","modified_gmt":"2013-04-18T11:57:13","slug":"de-la-entrega-de-diplomas","status":"publish","type":"post","link":"https:\/\/www.huelvaysusfotografos.com\/?p=1557","title":{"rendered":"Entrega de Diplomas: \u00abConcurso de Fotograf\u00eda de la Concejal\u00eda de Turismo en colaboraci\u00f3n con la Asociaci\u00f3n Huelva y sus Fot\u00f3grafos\u00bb"},"content":{"rendered":"<p style=\"text-align: center;\"><a href=\"https:\/\/www.huelvaysusfotografos.com\/wp-content\/uploads\/2013\/04\/DSC8971.jpg\"><img loading=\"lazy\" decoding=\"async\" class=\"aligncenter  wp-image-1558\" alt=\"\" src=\"https:\/\/www.huelvaysusfotografos.com\/wp-content\/uploads\/2013\/04\/DSC8971.jpg\" width=\"560\" height=\"372\" srcset=\"https:\/\/www.huelvaysusfotografos.com\/wp-content\/uploads\/2013\/04\/DSC8971.jpg 800w, https:\/\/www.huelvaysusfotografos.com\/wp-content\/uploads\/2013\/04\/DSC8971-300x199.jpg 300w, https:\/\/www.huelvaysusfotografos.com\/wp-content\/uploads\/2013\/04\/DSC8971-768x510.jpg 768w, https:\/\/www.huelvaysusfotografos.com\/wp-content\/uploads\/2013\/04\/DSC8971-120x80.jpg 120w\" sizes=\"auto, (max-width: 560px) 100vw, 560px\" \/><\/a><\/p>\n<h3>Concurso de Fotograf\u00eda de la Concejal\u00eda de Turismo y nuestra Asociaci\u00f3n<\/h3>\n<p>El Presidente de la Asociaci\u00f3n Huelva y sus Fot\u00f3grafos, Pedro J. Ruiz Constantino junto a Juana Mart\u00edn y Rafael Llanes, \u00a0en el acto de \u00a0entrega de los diplomas a los \u00a0ganadores del concurso de\u00a0Fotograf\u00eda de la Concejal\u00eda de Turismo en colaboraci\u00f3n con la Asociaci\u00f3n Huelva y sus Fot\u00f3grafos. Reciben sus premios, Flor N\u00fa\u00f1ez y Marcos M. G\u00f3mez por sus fotograf\u00edas referidas al \u00abCarnaval Colombino 2013\u00bb y \u00abSemana Santa en la Ciudad de Huelva\u00bb respectivamente. El acto tuvo lugar en el centro Puerta del Atl\u00e1ntico de nuestra capital.<\/p>\n<p>Nuestra m\u00e1s sincera enhorabuena.<\/p>\n<p>Recordamos que para presentar im\u00e1genes al concurso <a href=\"https:\/\/www.facebook.com\/photo.php?fbid=10200265867701851&amp;set=a.1743808547521.2089219.1007962795&amp;type=1&amp;theater\" target=\"_blank\">\u00abLA LUZ EN EL MUELLE DE RIOTINTO\u00bb<\/a> termina el plazo el pr\u00f3ximo 30 de abril.<\/p>\n<address><a href=\"https:\/\/www.facebook.com\/ReynusFotografisto\" target=\"_blank\">Foto: Reynus<\/a><\/address>\n<p style=\"text-align: center;\"><a href=\"https:\/\/www.huelvaysusfotografos.com\/wp-content\/uploads\/2013\/04\/DSC8959.jpg\"><img loading=\"lazy\" decoding=\"async\" class=\"aligncenter  wp-image-1560\" alt=\"\" src=\"https:\/\/www.huelvaysusfotografos.com\/wp-content\/uploads\/2013\/04\/DSC8959.jpg\" width=\"560\" height=\"372\" srcset=\"https:\/\/www.huelvaysusfotografos.com\/wp-content\/uploads\/2013\/04\/DSC8959.jpg 800w, https:\/\/www.huelvaysusfotografos.com\/wp-content\/uploads\/2013\/04\/DSC8959-300x199.jpg 300w, https:\/\/www.huelvaysusfotografos.com\/wp-content\/uploads\/2013\/04\/DSC8959-768x510.jpg 768w, https:\/\/www.huelvaysusfotografos.com\/wp-content\/uploads\/2013\/04\/DSC8959-120x80.jpg 120w\" sizes=\"auto, (max-width: 560px) 100vw, 560px\" \/><\/a><\/p>\n<p>&nbsp;<\/p>\n<p style=\"text-align: center;\"><a href=\"https:\/\/www.huelvaysusfotografos.com\/wp-content\/uploads\/2013\/04\/DSC8956.jpg\"><img loading=\"lazy\" decoding=\"async\" class=\"aligncenter  wp-image-1559\" alt=\"\" src=\"https:\/\/www.huelvaysusfotografos.com\/wp-content\/uploads\/2013\/04\/DSC8956.jpg\" width=\"560\" height=\"372\" srcset=\"https:\/\/www.huelvaysusfotografos.com\/wp-content\/uploads\/2013\/04\/DSC8956.jpg 800w, https:\/\/www.huelvaysusfotografos.com\/wp-content\/uploads\/2013\/04\/DSC8956-300x199.jpg 300w, https:\/\/www.huelvaysusfotografos.com\/wp-content\/uploads\/2013\/04\/DSC8956-768x510.jpg 768w, https:\/\/www.huelvaysusfotografos.com\/wp-content\/uploads\/2013\/04\/DSC8956-120x80.jpg 120w\" sizes=\"auto, (max-width: 560px) 100vw, 560px\" \/><\/a><\/p>\n","protected":false},"excerpt":{"rendered":"<p>Concurso de Fotograf\u00eda de la Concejal\u00eda de Turismo y nuestra Asociaci\u00f3n El Presidente de la Asociaci\u00f3n Huelva y sus Fot\u00f3grafos, Pedro J. Ruiz Constantino junto a Juana Mart\u00edn y Rafael Llanes, \u00a0en el acto de \u00a0entrega de los diplomas a los \u00a0ganadores del concurso de\u00a0Fotograf\u00eda de la Concejal\u00eda de Turismo en colaboraci\u00f3n con la Asociaci\u00f3n Huelva y sus Fot\u00f3grafos. Reciben sus premios, Flor N\u00fa\u00f1ez y Marcos M. G\u00f3mez por sus<\/p>\n<div class=\"belowpost\"><a class=\"btnmore\" href=\"https:\/\/www.huelvaysusfotografos.com\/?p=1557\">Seguir leyendo<\/a><\/div>\n","protected":false},"author":47,"featured_media":0,"comment_status":"open","ping_status":"open","sticky":false,"template":"","format":"standard","meta":{"footnotes":"","_links_to":"","_links_to_target":""},"categories":[4,12,15,3],"tags":[148,25,47,60],"class_list":["post-1557","post","type-post","status-publish","format-standard","hentry","category-actividades","category-concursos","category-fotografos","category-noticias","tag-concursos","tag-fallos-concurso","tag-huelva","tag-huelva-y-sus-fotografos"],"_links":{"self":[{"href":"https:\/\/www.huelvaysusfotografos.com\/index.php?rest_route=\/wp\/v2\/posts\/1557","targetHints":{"allow":["GET"]}}],"collection":[{"href":"https:\/\/www.huelvaysusfotografos.com\/index.php?rest_route=\/wp\/v2\/posts"}],"about":[{"href":"https:\/\/www.huelvaysusfotografos.com\/index.php?rest_route=\/wp\/v2\/types\/post"}],"author":[{"embeddable":true,"href":"https:\/\/www.huelvaysusfotografos.com\/index.php?rest_route=\/wp\/v2\/users\/47"}],"replies":[{"embeddable":true,"href":"https:\/\/www.huelvaysusfotografos.com\/index.php?rest_route=%2Fwp%2Fv2%2Fcomments&post=1557"}],"version-history":[{"count":8,"href":"https:\/\/www.huelvaysusfotografos.com\/index.php?rest_route=\/wp\/v2\/posts\/1557\/revisions"}],"predecessor-version":[{"id":1566,"href":"https:\/\/www.huelvaysusfotografos.com\/index.php?rest_route=\/wp\/v2\/posts\/1557\/revisions\/1566"}],"wp:attachment":[{"href":"https:\/\/www.huelvaysusfotografos.com\/index.php?rest_route=%2Fwp%2Fv2%2Fmedia&parent=1557"}],"wp:term":[{"taxonomy":"category","embeddable":true,"href":"https:\/\/www.huelvaysusfotografos.com\/index.php?rest_route=%2Fwp%2Fv2%2Fcategories&post=1557"},{"taxonomy":"post_tag","embeddable":true,"href":"https:\/\/www.huelvaysusfotografos.com\/index.php?rest_route=%2Fwp%2Fv2%2Ftags&post=1557"}],"curies":[{"name":"wp","href":"https:\/\/api.w.org\/{rel}","templated":true}]}}