{"id":15565,"date":"2025-10-20T16:00:42","date_gmt":"2025-10-20T14:00:42","guid":{"rendered":"https:\/\/www.huelvaysusfotografos.com\/?p=15565"},"modified":"2025-10-20T22:36:41","modified_gmt":"2025-10-20T20:36:41","slug":"les-mostramos-el-cartel-de-la-v-gala-de-los-premios-carrete-2025","status":"publish","type":"post","link":"https:\/\/www.huelvaysusfotografos.com\/?p=15565","title":{"rendered":"Les mostramos el cartel de la V Gala de los Premios Carrete 2025"},"content":{"rendered":"\n<p>El cartel como en ediciones anteriores esta realizado por nuestro amigo Juan Bueno, al que le damos las gracias por este cartel anunciador de nuestra V Gala de los Premios Carrete. <\/p>\n\n\n\n<p>Nuestra gala tendr\u00e1 lugar el Martes 11 de noviembre de 2025, en el Muelle de Las Carabelas, La R\u00e1bida (Huelva). a las 20.00 horas.<\/p>\n\n\n\n<p><strong>V PREMIOS CARRETE, GALA ASOCIACI\u00d3N HUELVA Y SUS FOT\u00d3GRAFOS<\/strong><\/p>\n\n\n\n<p><strong>Los galardonados con los V Premios Carrete 2025, son los siguientes:<\/strong><\/p>\n\n\n\n<p><strong>Carrete de Hermanamiento.- <\/strong>&nbsp;Recaer\u00e1enla<strong> Fundaci\u00f3n Atlantic Copper<\/strong><\/p>\n\n\n\n<p><strong>Carrete Literario.- &nbsp;<\/strong>Al escritor<strong>, Manuel Moya Escobar<\/strong><\/p>\n\n\n\n<p><strong>Carrete Comunicaci\u00f3n.- <\/strong>Para<strong> Radio Huelva Cadena Ser<\/strong><\/p>\n\n\n\n<p><strong>Carrete Onubensismo.- <\/strong>Para<strong> Jes\u00fas V\u00e1zquez M\u00e9ndez \u201cJes\u00fas de Fari\u00f1a\u201d<\/strong><\/p>\n\n\n\n<p><strong>Carrete Solidario.-&nbsp; <\/strong>A la<strong> Entrada Triunfal de Jes\u00fas en Jerusal\u00e9n y Nuestra Se\u00f1ora de los \u00c1ngeles,&nbsp;Hermandad de la Borriquita de Huelva <\/strong>y su obra social<\/p>\n\n\n\n<p><strong>Carrete Dinamizador.- <\/strong>A la empresa<strong> Antonio Espa\u00f1a e hijos<\/strong><\/p>\n\n\n\n<p><strong>Carrete Sanitario.-&nbsp; <\/strong>A la<strong> &nbsp;&nbsp;<a>Unidad de Cuidados Paliativos Pedi\u00e1tricos y Pacientes con Enfermedades Cr\u00f3nicas Complejas <\/a><\/strong>del Hospital Universitario Juan Ram\u00f3n Jim\u00e9nez de Huelva.<\/p>\n\n\n\n<p>Con en ediciones anteriores se har\u00e1 entrega de los premios de Semana Santa 2025<\/p>\n\n\n\n<p>El Presentador y Moderador ser\u00e1 el periodista Manuel Soto Gil, Director del Centro de Interpretaci\u00f3n Jes\u00fas Hermida.<\/p>\n\n\n\n<p>Agradecer a todos y cada una de las instituciones, empresas y particulares que forman parte de los colaboradores que hacen posible que esta gala se lleve a efecto. <\/p>\n\n\n\n<p>Gracias a la <strong>Diputaci\u00f3n Provincial de Huelva, Ayuntamiento de Huelva, Aguas de Huelva, Autoridad Portuaria de Huelva, La Canastita, Ferronol, Antonio Espa\u00f1a e hijos, Fundaci\u00f3n Caja Rural del Sur, Gil Pi\u00f1a, Divian, Los Maestres, Bodegas Iglesias, Elena S\u00e1nchez Balonga, Videomax y Federaci\u00f3n Andaluza de Fotograf\u00eda. <\/strong><\/p>\n\n\n<div class=\"wp-block-image\">\n<figure class=\"aligncenter size-large\"><a href=\"https:\/\/www.huelvaysusfotografos.com\/wp-content\/uploads\/2025\/10\/CARTEL-GALA-V-PREMIOS-CARRETE-DEFINITIVO.jpeg\"><img loading=\"lazy\" decoding=\"async\" width=\"731\" height=\"1024\" src=\"https:\/\/www.huelvaysusfotografos.com\/wp-content\/uploads\/2025\/10\/CARTEL-GALA-V-PREMIOS-CARRETE-DEFINITIVO-731x1024.jpeg\" alt=\"\" class=\"wp-image-15569\" srcset=\"https:\/\/www.huelvaysusfotografos.com\/wp-content\/uploads\/2025\/10\/CARTEL-GALA-V-PREMIOS-CARRETE-DEFINITIVO-731x1024.jpeg 731w, https:\/\/www.huelvaysusfotografos.com\/wp-content\/uploads\/2025\/10\/CARTEL-GALA-V-PREMIOS-CARRETE-DEFINITIVO-214x300.jpeg 214w, https:\/\/www.huelvaysusfotografos.com\/wp-content\/uploads\/2025\/10\/CARTEL-GALA-V-PREMIOS-CARRETE-DEFINITIVO-768x1076.jpeg 768w, https:\/\/www.huelvaysusfotografos.com\/wp-content\/uploads\/2025\/10\/CARTEL-GALA-V-PREMIOS-CARRETE-DEFINITIVO-1096x1536.jpeg 1096w, https:\/\/www.huelvaysusfotografos.com\/wp-content\/uploads\/2025\/10\/CARTEL-GALA-V-PREMIOS-CARRETE-DEFINITIVO.jpeg 1142w\" sizes=\"auto, (max-width: 731px) 100vw, 731px\" \/><\/a><\/figure>\n<\/div>","protected":false},"excerpt":{"rendered":"<p>El cartel como en ediciones anteriores esta realizado por nuestro amigo Juan Bueno, al que le damos las gracias por este cartel anunciador de nuestra V Gala de los Premios Carrete. Nuestra gala tendr\u00e1 lugar el Martes 11 de noviembre de 2025, en el Muelle de Las Carabelas, La R\u00e1bida (Huelva). a las 20.00 horas. V PREMIOS CARRETE, GALA ASOCIACI\u00d3N HUELVA Y SUS FOT\u00d3GRAFOS Los galardonados con los V Premios<\/p>\n<div class=\"belowpost\"><a class=\"btnmore\" href=\"https:\/\/www.huelvaysusfotografos.com\/?p=15565\">Seguir leyendo<\/a><\/div>\n","protected":false},"author":8279,"featured_media":15570,"comment_status":"open","ping_status":"open","sticky":false,"template":"","format":"standard","meta":{"footnotes":"","_links_to":"","_links_to_target":""},"categories":[233],"tags":[],"class_list":["post-15565","post","type-post","status-publish","format-standard","has-post-thumbnail","hentry","category-gala-v-premios-carrete"],"_links":{"self":[{"href":"https:\/\/www.huelvaysusfotografos.com\/index.php?rest_route=\/wp\/v2\/posts\/15565","targetHints":{"allow":["GET"]}}],"collection":[{"href":"https:\/\/www.huelvaysusfotografos.com\/index.php?rest_route=\/wp\/v2\/posts"}],"about":[{"href":"https:\/\/www.huelvaysusfotografos.com\/index.php?rest_route=\/wp\/v2\/types\/post"}],"author":[{"embeddable":true,"href":"https:\/\/www.huelvaysusfotografos.com\/index.php?rest_route=\/wp\/v2\/users\/8279"}],"replies":[{"embeddable":true,"href":"https:\/\/www.huelvaysusfotografos.com\/index.php?rest_route=%2Fwp%2Fv2%2Fcomments&post=15565"}],"version-history":[{"count":3,"href":"https:\/\/www.huelvaysusfotografos.com\/index.php?rest_route=\/wp\/v2\/posts\/15565\/revisions"}],"predecessor-version":[{"id":15571,"href":"https:\/\/www.huelvaysusfotografos.com\/index.php?rest_route=\/wp\/v2\/posts\/15565\/revisions\/15571"}],"wp:featuredmedia":[{"embeddable":true,"href":"https:\/\/www.huelvaysusfotografos.com\/index.php?rest_route=\/wp\/v2\/media\/15570"}],"wp:attachment":[{"href":"https:\/\/www.huelvaysusfotografos.com\/index.php?rest_route=%2Fwp%2Fv2%2Fmedia&parent=15565"}],"wp:term":[{"taxonomy":"category","embeddable":true,"href":"https:\/\/www.huelvaysusfotografos.com\/index.php?rest_route=%2Fwp%2Fv2%2Fcategories&post=15565"},{"taxonomy":"post_tag","embeddable":true,"href":"https:\/\/www.huelvaysusfotografos.com\/index.php?rest_route=%2Fwp%2Fv2%2Ftags&post=15565"}],"curies":[{"name":"wp","href":"https:\/\/api.w.org\/{rel}","templated":true}]}}