{"id":15542,"date":"2025-10-09T00:57:44","date_gmt":"2025-10-08T22:57:44","guid":{"rendered":"https:\/\/www.huelvaysusfotografos.com\/?p=15542"},"modified":"2025-10-09T00:57:45","modified_gmt":"2025-10-08T22:57:45","slug":"definidos-los-v-premios-carrete-2025","status":"publish","type":"post","link":"https:\/\/www.huelvaysusfotografos.com\/?p=15542","title":{"rendered":"Definidos los V Premios Carrete 2025"},"content":{"rendered":"\n<p>Llega la Gala de los V Premios Carrete que otorga la Asociaci\u00f3n Huelva y sus Fot\u00f3grafos-<\/p>\n\n\n\n<p><strong>V PREMIOS CARRETE, GALA ASOCIACI\u00d3N HUELVA Y SUS FOT\u00d3GRAFOS<\/strong><\/p>\n\n\n\n<p><strong>Los galardonados con los V Premios Carrete 2025, son los siguientes:<\/strong><\/p>\n\n\n\n<p><a><strong>Carrete de Hermanamiento.- <\/strong>Se har\u00e1 entrega a distintas Asociaciones de nuestra provincia y de otras a nivel nacional, con el objeto de acercar sinergias entre las distintas asociaciones. Este a\u00f1o el premio recaer\u00e1en<strong> Fundaci\u00f3n Atlantic Copper<\/strong><\/a><\/p>\n\n\n\n<p>Recoge el premio.- &nbsp;<strong>Mar\u00eda \u00c1ngeles S\u00e1nchez Cueca, Directora de la Fundaci\u00f3n Atlantic Copper<\/strong><\/p>\n\n\n\n<p>Entrega el Premio.- <strong>Teresa Herrera Vidarte<\/strong>, Delegada de Turismo, Cultura y Deporte de la Junta de Andaluc\u00eda.<\/p>\n\n\n\n<p><strong>Carrete Literario.- <\/strong>Por su trayectoria incansable al escritor, <strong>Manuel Moya Escobar<\/strong><\/p>\n\n\n\n<p>Recoge el premio<strong>.- Manuel Moya Escobar<\/strong><\/p>\n\n\n\n<p>Entrega el Premio.-<strong> David Toscano<\/strong>, Presidente Diputaci\u00f3n de Huelva.<\/p>\n\n\n\n<p><a><strong>Carrete Comunicaci\u00f3n.- <\/strong>Para<strong> Radio Huelva Cadena Ser <\/strong>por su dilatada trayectoria al servicio de los onubenses.<\/a><\/p>\n\n\n\n<p>Recoge el premio su director<strong> Miguel Do\u00f1a Ram\u00edrez<\/strong><\/p>\n\n\n\n<p>Entrega el Premio<strong>.- Jose Manuel Correa, <\/strong>Delegado del Gobierno de la Junta de Andaluc\u00eda.<\/p>\n\n\n\n<p><a><strong>Carrete Onubensismo.- <\/strong>Para <\/a><a><strong>Jes\u00fas V\u00e1zquez M\u00e9ndez \u201cJes\u00fas de Fari\u00f1a\u201d,<\/strong><\/a> por su incansable labor de divulgaci\u00f3n y sentimiento de nuestra tierra \u201cHuelva\u201d. Pregonando el nombre de nuestra tierra por el Mundo entero.<\/p>\n\n\n\n<p>Recoge el Premio.-&nbsp; <strong>Jes\u00fas V\u00e1zquez M\u00e9ndez \u201cJes\u00fas de Fari\u00f1a\u201d<\/strong><\/p>\n\n\n\n<p>Entrega el Premio<strong>.- D\u00f1a. Pilar Miranda Plata, Alcaldesa de Huelva.<\/strong><\/p>\n\n\n\n<p><a><strong>Carrete Solidario<\/strong>.-&nbsp; A la <strong>Entrada Triunfal de Jes\u00fas en Jerusal\u00e9n y Nuestra Se\u00f1ora de los \u00c1ngeles,&nbsp;Hermandad de la Borriquita de Huelva<\/strong> y su obra social<\/a><\/p>\n\n\n\n<p>Recoge el premio.-<strong> &nbsp;<\/strong>Su hermano mayor<strong>, Abraham Cruz Garc\u00eda<\/strong><\/p>\n\n\n\n<p>Entrega el premio.- <strong>Alberto Santana Mart\u00ednez<\/strong>, Presidente de la Autoridad Portuaria.<\/p>\n\n\n\n<p><a><strong>Carrete Dinamizador<\/strong>.- A la empresa <strong>Antonio Espa\u00f1a e Hijos.<\/strong> Despu\u00e9s de <strong>setenta a\u00f1os,<\/strong> y tres generaciones de familias entregadas incansablemente al trabajo por la sostenibilidad y el respeto a nuestro entorno natural.<\/a><\/p>\n\n\n\n<p>Recoge el premio, <strong>Alberto Espa\u00f1a Prieto<\/strong> Dtor. General<\/p>\n\n\n\n<p>Entrega el premio.- <strong>D\u00f1a. Pilar Miranda Plata<\/strong>, Alcaldesa de Huelva.<\/p>\n\n\n\n<p><strong>Carrete Sanitario<\/strong>.-&nbsp; A la <strong>&nbsp;&nbsp;<a>Unidad de Cuidados Paliativos Pedi\u00e1tricos y Pacientes con Enfermedades Cr\u00f3nicas Complejas <\/a><\/strong>delHospital Universitario Juan Ram\u00f3n Jim\u00e9nez de Huelva<strong>.<\/strong><\/p>\n\n\n\n<p>Recoge el premio.-&nbsp; <strong>Dra <a>Manuela D\u00edaz Su\u00e1rez<\/a><\/strong>, Responsable de la Unidad del Hospital Universitario Juan Ram\u00f3n Jim\u00e9nez de Huelva<\/p>\n\n\n\n<p>Entrega el premio.- <strong>Manuela Caro L\u00f3pez<\/strong>, Delegada de Sanidad de la Junta de Andaluc\u00eda.<\/p>\n\n\n\n<p><strong>La gala de los V Premios Carrete se celebrar\u00e1 <\/strong><\/p>\n\n\n\n<p><strong>D\u00eda.- <\/strong>Martes 11 de noviembre de 2025<strong><\/strong><\/p>\n\n\n\n<p><strong>Lugar.- <\/strong>Muelle de Las Carabelas, La R\u00e1bida (Huelva).<\/p>\n\n\n\n<p><strong>Hora.- <\/strong>20.00 horas.<\/p>\n\n\n\n<p><\/p>\n","protected":false},"excerpt":{"rendered":"<p>Llega la Gala de los V Premios Carrete que otorga la Asociaci\u00f3n Huelva y sus Fot\u00f3grafos- V PREMIOS CARRETE, GALA ASOCIACI\u00d3N HUELVA Y SUS FOT\u00d3GRAFOS Los galardonados con los V Premios Carrete 2025, son los siguientes: Carrete de Hermanamiento.- Se har\u00e1 entrega a distintas Asociaciones de nuestra provincia y de otras a nivel nacional, con el objeto de acercar sinergias entre las distintas asociaciones. Este a\u00f1o el premio recaer\u00e1en Fundaci\u00f3n<\/p>\n<div class=\"belowpost\"><a class=\"btnmore\" href=\"https:\/\/www.huelvaysusfotografos.com\/?p=15542\">Seguir leyendo<\/a><\/div>\n","protected":false},"author":8279,"featured_media":14246,"comment_status":"open","ping_status":"open","sticky":false,"template":"","format":"standard","meta":{"footnotes":"","_links_to":"","_links_to_target":""},"categories":[233],"tags":[],"class_list":["post-15542","post","type-post","status-publish","format-standard","has-post-thumbnail","hentry","category-gala-v-premios-carrete"],"_links":{"self":[{"href":"https:\/\/www.huelvaysusfotografos.com\/index.php?rest_route=\/wp\/v2\/posts\/15542","targetHints":{"allow":["GET"]}}],"collection":[{"href":"https:\/\/www.huelvaysusfotografos.com\/index.php?rest_route=\/wp\/v2\/posts"}],"about":[{"href":"https:\/\/www.huelvaysusfotografos.com\/index.php?rest_route=\/wp\/v2\/types\/post"}],"author":[{"embeddable":true,"href":"https:\/\/www.huelvaysusfotografos.com\/index.php?rest_route=\/wp\/v2\/users\/8279"}],"replies":[{"embeddable":true,"href":"https:\/\/www.huelvaysusfotografos.com\/index.php?rest_route=%2Fwp%2Fv2%2Fcomments&post=15542"}],"version-history":[{"count":1,"href":"https:\/\/www.huelvaysusfotografos.com\/index.php?rest_route=\/wp\/v2\/posts\/15542\/revisions"}],"predecessor-version":[{"id":15543,"href":"https:\/\/www.huelvaysusfotografos.com\/index.php?rest_route=\/wp\/v2\/posts\/15542\/revisions\/15543"}],"wp:featuredmedia":[{"embeddable":true,"href":"https:\/\/www.huelvaysusfotografos.com\/index.php?rest_route=\/wp\/v2\/media\/14246"}],"wp:attachment":[{"href":"https:\/\/www.huelvaysusfotografos.com\/index.php?rest_route=%2Fwp%2Fv2%2Fmedia&parent=15542"}],"wp:term":[{"taxonomy":"category","embeddable":true,"href":"https:\/\/www.huelvaysusfotografos.com\/index.php?rest_route=%2Fwp%2Fv2%2Fcategories&post=15542"},{"taxonomy":"post_tag","embeddable":true,"href":"https:\/\/www.huelvaysusfotografos.com\/index.php?rest_route=%2Fwp%2Fv2%2Ftags&post=15542"}],"curies":[{"name":"wp","href":"https:\/\/api.w.org\/{rel}","templated":true}]}}