{"id":1550,"date":"2013-04-19T10:30:41","date_gmt":"2013-04-19T09:30:41","guid":{"rendered":"http:\/\/www.huelvaysusfotografos.com\/?p=1550"},"modified":"2013-04-21T11:54:55","modified_gmt":"2013-04-21T10:54:55","slug":"fotografia-de-paisajes-marc-adamus","status":"publish","type":"post","link":"https:\/\/www.huelvaysusfotografos.com\/?p=1550","title":{"rendered":"Fotograf\u00eda de paisajes: Marc Adamus"},"content":{"rendered":"<p>Hoy os\u00a0presentamos a\u00a0un nuevo fot\u00f3grafo, esta vez de paisajes, \u00a0uno de los g\u00e9neros fotogr\u00e1ficos en\u00a0nuestra opini\u00f3n m\u00e1s complicados. Se llama <a href=\"http:\/\/www.marcadamus.com\" target=\"_blank\"><strong>Marc Adamus<\/strong><\/a>.<\/p>\n<p><a href=\"http:\/\/www.marcadamus.com\" target=\"_blank\"><strong>Marc Adamus<\/strong><\/a>\u00a0es uno\u00a0de esos fot\u00f3grafos que ha sabido crear su propio<strong> estilo inconfundible<\/strong> a trav\u00e9s del paisaje. Cuando ve\u00e1is su forma de utilizar la luz, sus atm\u00f3sferas on\u00edricas y la \u00e9pica majestuosidad de su obra, correr\u00e9is riesgo de caer de rodillas bajo los efectos del s\u00edndrome de Stendhal. Y si no, como m\u00ednimo comprender\u00e9is c\u00f3mo un paisaje y una fotograf\u00eda t\u00e9cnicamente perfecta son capaces de<strong> transmitir sensaciones<\/strong>.<\/p>\n<p><a href=\"http:\/\/www.marcadamus.com\" target=\"_blank\">Marc Adamus<\/a> es un fot\u00f3grafo especializado en capturar <strong>aquellos lugares en los que apenas ha pisado el hombre<\/strong>\u00a0y dedica su vida a ello.<\/p>\n<p><a href=\"http:\/\/www.marcadamus.com\/photo.php?id=1&amp;gallery=favorites\" target=\"_blank\"><img loading=\"lazy\" decoding=\"async\" class=\"wp-image-1551 alignnone\" style=\"margin-top: 2px; margin-bottom: 2px; margin-left: 30px;\" title=\"&quot;Forever Dreaming&quot;\" alt=\"\" src=\"https:\/\/www.huelvaysusfotografos.com\/wp-content\/uploads\/2013\/04\/Marc-Adamus-1.jpg\" width=\"150\" height=\"103\" \/><\/a><a href=\"http:\/\/www.marcadamus.com\/photo.php?id=444&amp;gallery=favorites\" target=\"_blank\"><img loading=\"lazy\" decoding=\"async\" class=\"wp-image-1554 alignleft\" style=\"margin-top: 2px;\" title=\"&quot;Rider of the Tempest&quot;\" alt=\"\" src=\"https:\/\/www.huelvaysusfotografos.com\/wp-content\/uploads\/2013\/04\/Rider-of-the-Tempest.jpg\" width=\"150\" height=\"103\" srcset=\"https:\/\/www.huelvaysusfotografos.com\/wp-content\/uploads\/2013\/04\/Rider-of-the-Tempest.jpg 650w, https:\/\/www.huelvaysusfotografos.com\/wp-content\/uploads\/2013\/04\/Rider-of-the-Tempest-300x206.jpg 300w\" sizes=\"auto, (max-width: 150px) 100vw, 150px\" \/><\/a><a href=\"http:\/\/www.marcadamus.com\/photo.php?id=3&amp;gallery=favorites\" target=\"_blank\"><img loading=\"lazy\" decoding=\"async\" class=\"wp-image-1553 alignnone\" style=\"margin: 2px 30px;\" title=\"&quot;Crater Lake, Winter&quot;\" alt=\"\" src=\"https:\/\/www.huelvaysusfotografos.com\/wp-content\/uploads\/2013\/04\/Marc-Adamus-2.jpg\" width=\"150\" height=\"103\" \/><\/a><\/p>\n<p><!--more--><\/p>\n<p>Viendo sus fotograf\u00edas u<strong>no piensa si no ser\u00e1n dibujos o fotomontajes<\/strong>, por lo irreal de las atm\u00f3sferas y composiciones. Pero debemos deciros que lo que muestran sus fotograf\u00edas, es real. De hecho ha publicado sus obras en publicaciones como National Geographic, Outdoor Photographer o Popular Photography.<\/p>\n<p>Sin embargo, echando un vistazo a su web, ver\u00e9is que dedica un gran espacio en su biograf\u00eda a hablar del controvertido tema del Photoshop, al cual reconoce recurrir, no para \u201cponer cosas que no estaban ah\u00ed\u201d, sino para ensalzar la fotograf\u00eda, matizar la luz, el contraste y en definitiva mostrarnos la forma en la que \u00e9l ve la realidad que tiene delante.<\/p>\n<p>Su t\u00e9cnica <strong>no est\u00e1 exenta de cr\u00edticas de los m\u00e1s puristas<\/strong>. Debe recurrir a su propia web para esgrimir su defensa que es, cuanto menos, contundente: Van Gogh no pintaba sus paisajes de la forma m\u00e1s realista posible, sino como \u00e9l los ve\u00eda. Un argumento que es la antesala de una pol\u00e9mica que siempre le acompa\u00f1a.<\/p>\n<p>Pero si intentamos no comparar la fotograf\u00eda con la pintura, fij\u00e9monos en el que quiz\u00e1s es el mejor paisajista de la historia: Ansel Adams. Parece que todo el mundo se ha olvidado de <strong>la cantidad de trabajo que sol\u00eda emplear en el cuarto oscuro<\/strong>. Quiz\u00e1s, Ansel Adams, hoy ser\u00eda un virtuoso del photoshop, pero en la \u00e9poca en la que vivi\u00f3 se limit\u00f3 a utilizar las herramientas de las que dispon\u00eda.<\/p>\n<p>As\u00ed que tanto si est\u00e1s de acuerdo como si no, con la forma de trabajar de Marc Adamus, te invito a disfrutar de su galer\u00eda, ya que es considerado como uno de los paisajistas de naturaleza m\u00e1s vistuosos que existen en nuestro tiempo, con muchos seguidores pero con no menos detractores.<\/p>\n<p>Aunque, haciendo honor a la verdad, son muchos de esos detractores los que suelen acudir a sus talleres para tratar de aprender c\u00f3mo imitar su trabajo. Y mientras gastan su tiempo con debates vac\u00edos,\u00a0nosotros<strong> preferimos simplemente disfrutar del drama y el arte visual que emanan de sus fotograf\u00edas.<\/strong><\/p>\n<p>Fuente: <a href=\"http:\/\/www.xatakafoto.com\/fotografos\/mark-adamus-un-paisajista-con-sello-propio\" target=\"_blank\">http:\/\/www.xatakafoto.com\/fotografos\/mark-adamus-un-paisajista-con-sello-propio<\/a><\/p>\n","protected":false},"excerpt":{"rendered":"<p>Hoy os\u00a0presentamos a\u00a0un nuevo fot\u00f3grafo, esta vez de paisajes, \u00a0uno de los g\u00e9neros fotogr\u00e1ficos en\u00a0nuestra opini\u00f3n m\u00e1s complicados. Se llama Marc Adamus. Marc Adamus\u00a0es uno\u00a0de esos fot\u00f3grafos que ha sabido crear su propio estilo inconfundible a trav\u00e9s del paisaje. Cuando ve\u00e1is su forma de utilizar la luz, sus atm\u00f3sferas on\u00edricas y la \u00e9pica majestuosidad de su obra, correr\u00e9is riesgo de caer de rodillas bajo los efectos del s\u00edndrome de Stendhal.<\/p>\n<div class=\"belowpost\"><a class=\"btnmore\" href=\"https:\/\/www.huelvaysusfotografos.com\/?p=1550\">Seguir leyendo<\/a><\/div>\n","protected":false},"author":6,"featured_media":0,"comment_status":"open","ping_status":"open","sticky":false,"template":"","format":"standard","meta":{"footnotes":"","_links_to":"","_links_to_target":""},"categories":[122,15],"tags":[149,73,74,17],"class_list":["post-1550","post","type-post","status-publish","format-standard","hentry","category-fotografia","category-fotografos","tag-fotografos","tag-marc-adamus","tag-naturaleza","tag-paisajes"],"_links":{"self":[{"href":"https:\/\/www.huelvaysusfotografos.com\/index.php?rest_route=\/wp\/v2\/posts\/1550","targetHints":{"allow":["GET"]}}],"collection":[{"href":"https:\/\/www.huelvaysusfotografos.com\/index.php?rest_route=\/wp\/v2\/posts"}],"about":[{"href":"https:\/\/www.huelvaysusfotografos.com\/index.php?rest_route=\/wp\/v2\/types\/post"}],"author":[{"embeddable":true,"href":"https:\/\/www.huelvaysusfotografos.com\/index.php?rest_route=\/wp\/v2\/users\/6"}],"replies":[{"embeddable":true,"href":"https:\/\/www.huelvaysusfotografos.com\/index.php?rest_route=%2Fwp%2Fv2%2Fcomments&post=1550"}],"version-history":[{"count":36,"href":"https:\/\/www.huelvaysusfotografos.com\/index.php?rest_route=\/wp\/v2\/posts\/1550\/revisions"}],"predecessor-version":[{"id":1753,"href":"https:\/\/www.huelvaysusfotografos.com\/index.php?rest_route=\/wp\/v2\/posts\/1550\/revisions\/1753"}],"wp:attachment":[{"href":"https:\/\/www.huelvaysusfotografos.com\/index.php?rest_route=%2Fwp%2Fv2%2Fmedia&parent=1550"}],"wp:term":[{"taxonomy":"category","embeddable":true,"href":"https:\/\/www.huelvaysusfotografos.com\/index.php?rest_route=%2Fwp%2Fv2%2Fcategories&post=1550"},{"taxonomy":"post_tag","embeddable":true,"href":"https:\/\/www.huelvaysusfotografos.com\/index.php?rest_route=%2Fwp%2Fv2%2Ftags&post=1550"}],"curies":[{"name":"wp","href":"https:\/\/api.w.org\/{rel}","templated":true}]}}