{"id":15223,"date":"2025-09-05T01:05:42","date_gmt":"2025-09-04T23:05:42","guid":{"rendered":"https:\/\/www.huelvaysusfotografos.com\/?p=15223"},"modified":"2025-09-05T01:12:43","modified_gmt":"2025-09-04T23:12:43","slug":"experiencia-del-campo-a-la-botella","status":"publish","type":"post","link":"https:\/\/www.huelvaysusfotografos.com\/?p=15223","title":{"rendered":"Experiencia \u00a1Del campo a la botella!"},"content":{"rendered":"\n<p>Se trata de una ruta de senderismo hacia nuestro vi\u00f1edo <strong>\u2018El Carril de las Gallegas\u2019<\/strong> y una cata-almuerzo posterior en la bodega. A trav\u00e9s de esta experiencia el visitante podr\u00e1 conocer in situ, en el campo, las cepas centenarias de uva Zalema y nuestro proceso de vendimia.<\/p>\n\n\n\n<p>La ruta <strong>comienza a las 11,00<\/strong> con una duraci\u00f3n de 25 minutos a pie ida y vuelta, aunque quien lo prefiera puede acudir en coche. Despu\u00e9s, la <strong>recepci\u00f3n en la bodega es a las 13,00 horas.<\/strong><\/p>\n\n\n\n<p>El men\u00fa ser\u00eda el siguiente seg\u00fan las notas de cata aplicada a cada uno de nuestros vinos, con el fin de potenciar al m\u00e1ximo su sabor.<\/p>\n\n\n\n<p>Entrantes: pat\u00e9s variados.<\/p>\n\n\n\n<p>Primer plato: huevos escalfados en salsa de tomate y patatas panaderas.<\/p>\n\n\n\n<p>Segundo plato: arroz con pato confitado y setas.<\/p>\n\n\n\n<p>Postre: delicias de yogurt con frutos secos.<\/p>\n\n\n\n<p>Precio: 35 \u20ac por persona.<\/p>\n\n\n\n<p><strong>Plazas limitadas<\/strong>, imprescindible apuntarse en el correo de la Asociaci\u00f3n <strong>huelvaysf@gmail.com<\/strong> y abonar el importe de la quedada en la cuenta de la Asociaci\u00f3n, antes del 6 de Octubre de 2025<\/p>\n\n\n\n<p><strong>Cuenta Asociaci\u00f3n,- ES65 3187 0001 72 3122766417 Caja Rural del Sur.<\/strong><\/p>\n\n\n\n<p><strong>Indicando el nombre y n\u00famero de inscritos.<\/strong><\/p>\n\n\n\n<p><strong>Actividad.-<\/strong> Quedada Fotogr\u00e1fica Bodegas Magas\u00e9<\/p>\n\n\n\n<p><strong>Fecha.<\/strong>&#8211; S\u00e1bado 18 de Octubre<\/p>\n\n\n\n<p><strong>Lugar.<\/strong>&#8211; La Palma del Condado<\/p>\n\n\n<div class=\"wp-block-image\">\n<figure class=\"aligncenter size-large\"><a href=\"https:\/\/www.huelvaysusfotografos.com\/wp-content\/uploads\/2025\/09\/bodega-Magase-Cartel-HYSF-1.jpeg\"><img loading=\"lazy\" decoding=\"async\" width=\"782\" height=\"1024\" src=\"https:\/\/www.huelvaysusfotografos.com\/wp-content\/uploads\/2025\/09\/bodega-Magase-Cartel-HYSF-1-782x1024.jpeg\" alt=\"\" class=\"wp-image-15227\" srcset=\"https:\/\/www.huelvaysusfotografos.com\/wp-content\/uploads\/2025\/09\/bodega-Magase-Cartel-HYSF-1-782x1024.jpeg 782w, https:\/\/www.huelvaysusfotografos.com\/wp-content\/uploads\/2025\/09\/bodega-Magase-Cartel-HYSF-1-229x300.jpeg 229w, https:\/\/www.huelvaysusfotografos.com\/wp-content\/uploads\/2025\/09\/bodega-Magase-Cartel-HYSF-1-768x1005.jpeg 768w, https:\/\/www.huelvaysusfotografos.com\/wp-content\/uploads\/2025\/09\/bodega-Magase-Cartel-HYSF-1-1173x1536.jpeg 1173w, https:\/\/www.huelvaysusfotografos.com\/wp-content\/uploads\/2025\/09\/bodega-Magase-Cartel-HYSF-1.jpeg 1245w\" sizes=\"auto, (max-width: 782px) 100vw, 782px\" \/><\/a><\/figure>\n<\/div>","protected":false},"excerpt":{"rendered":"<p>Se trata de una ruta de senderismo hacia nuestro vi\u00f1edo \u2018El Carril de las Gallegas\u2019 y una cata-almuerzo posterior en la bodega. A trav\u00e9s de esta experiencia el visitante podr\u00e1 conocer in situ, en el campo, las cepas centenarias de uva Zalema y nuestro proceso de vendimia. La ruta comienza a las 11,00 con una duraci\u00f3n de 25 minutos a pie ida y vuelta, aunque quien lo prefiera puede acudir<\/p>\n<div class=\"belowpost\"><a class=\"btnmore\" href=\"https:\/\/www.huelvaysusfotografos.com\/?p=15223\">Seguir leyendo<\/a><\/div>\n","protected":false},"author":8279,"featured_media":15226,"comment_status":"open","ping_status":"open","sticky":false,"template":"","format":"standard","meta":{"footnotes":"","_links_to":"","_links_to_target":""},"categories":[6],"tags":[],"class_list":["post-15223","post","type-post","status-publish","format-standard","has-post-thumbnail","hentry","category-quedadas"],"_links":{"self":[{"href":"https:\/\/www.huelvaysusfotografos.com\/index.php?rest_route=\/wp\/v2\/posts\/15223","targetHints":{"allow":["GET"]}}],"collection":[{"href":"https:\/\/www.huelvaysusfotografos.com\/index.php?rest_route=\/wp\/v2\/posts"}],"about":[{"href":"https:\/\/www.huelvaysusfotografos.com\/index.php?rest_route=\/wp\/v2\/types\/post"}],"author":[{"embeddable":true,"href":"https:\/\/www.huelvaysusfotografos.com\/index.php?rest_route=\/wp\/v2\/users\/8279"}],"replies":[{"embeddable":true,"href":"https:\/\/www.huelvaysusfotografos.com\/index.php?rest_route=%2Fwp%2Fv2%2Fcomments&post=15223"}],"version-history":[{"count":2,"href":"https:\/\/www.huelvaysusfotografos.com\/index.php?rest_route=\/wp\/v2\/posts\/15223\/revisions"}],"predecessor-version":[{"id":15229,"href":"https:\/\/www.huelvaysusfotografos.com\/index.php?rest_route=\/wp\/v2\/posts\/15223\/revisions\/15229"}],"wp:featuredmedia":[{"embeddable":true,"href":"https:\/\/www.huelvaysusfotografos.com\/index.php?rest_route=\/wp\/v2\/media\/15226"}],"wp:attachment":[{"href":"https:\/\/www.huelvaysusfotografos.com\/index.php?rest_route=%2Fwp%2Fv2%2Fmedia&parent=15223"}],"wp:term":[{"taxonomy":"category","embeddable":true,"href":"https:\/\/www.huelvaysusfotografos.com\/index.php?rest_route=%2Fwp%2Fv2%2Fcategories&post=15223"},{"taxonomy":"post_tag","embeddable":true,"href":"https:\/\/www.huelvaysusfotografos.com\/index.php?rest_route=%2Fwp%2Fv2%2Ftags&post=15223"}],"curies":[{"name":"wp","href":"https:\/\/api.w.org\/{rel}","templated":true}]}}