{"id":1508,"date":"2013-04-16T20:44:08","date_gmt":"2013-04-16T19:44:08","guid":{"rendered":"http:\/\/www.huelvaysusfotografos.com\/?p=1508"},"modified":"2013-06-20T13:16:26","modified_gmt":"2013-06-20T12:16:26","slug":"martes-foto-destacada-de-hyff","status":"publish","type":"post","link":"https:\/\/www.huelvaysusfotografos.com\/?p=1508","title":{"rendered":"FOTO DESTACADA DE HysF &#8211; IV"},"content":{"rendered":"<p><a href=\"https:\/\/www.huelvaysusfotografos.com\/wp-content\/uploads\/2013\/04\/MG_6903recorte.jpg\" target=\"_blank\"><img loading=\"lazy\" decoding=\"async\" class=\"size-full wp-image-1522 aligncenter\" alt=\"\" src=\"https:\/\/www.huelvaysusfotografos.com\/wp-content\/uploads\/2013\/04\/MG_6903recorte.jpg\" width=\"500\" height=\"333\" srcset=\"https:\/\/www.huelvaysusfotografos.com\/wp-content\/uploads\/2013\/04\/MG_6903recorte.jpg 500w, https:\/\/www.huelvaysusfotografos.com\/wp-content\/uploads\/2013\/04\/MG_6903recorte-300x200.jpg 300w, https:\/\/www.huelvaysusfotografos.com\/wp-content\/uploads\/2013\/04\/MG_6903recorte-120x80.jpg 120w\" sizes=\"auto, (max-width: 500px) 100vw, 500px\" \/><\/a><\/p>\n<p style=\"text-align: center;\">Luces del Amanecer en el Puerto de Huelva\u00a0<a href=\"http:\/\/www.flickr.com\/photos\/jmmorahu\/\" target=\"_blank\">de JMMORAHU<\/a><\/p>\n<p>SELECCI\u00d3N DE JUAN MANUEL AMADOR<br \/>\nLa fotograf\u00eda destacada de hoy, es otro amanecer, pero esta vez en el puerto de Huelva.<br \/>\nHe elegido esta fotograf\u00eda por la luz, por los colores de ese bello amanecer y por su composici\u00f3n.<br \/>\nUna composici\u00f3n muy cuidada, con pocos elementos pero perfectamente ubicados y relacionados entre s\u00ed. La vista recorre en primer lugar la diagonal que forman las rocas hasta llegar a las antiguas oficinas del muelle de Tharsis y de ah\u00ed se va hacia la izquierda, tropez\u00e1ndose con las salinas.<br \/>\nUna imagen que transmite calma y serenidad.<br \/>\nEnhorabuena por esta hermosa fotograf\u00eda.<\/p>\n","protected":false},"excerpt":{"rendered":"<p>Luces del Amanecer en el Puerto de Huelva\u00a0de JMMORAHU SELECCI\u00d3N DE JUAN MANUEL AMADOR La fotograf\u00eda destacada de hoy, es otro amanecer, pero esta vez en el puerto de Huelva. He elegido esta fotograf\u00eda por la luz, por los colores de ese bello amanecer y por su composici\u00f3n. Una composici\u00f3n muy cuidada, con pocos elementos pero perfectamente ubicados y relacionados entre s\u00ed. La vista recorre en primer lugar la diagonal<\/p>\n<div class=\"belowpost\"><a class=\"btnmore\" href=\"https:\/\/www.huelvaysusfotografos.com\/?p=1508\">Seguir leyendo<\/a><\/div>\n","protected":false},"author":47,"featured_media":0,"comment_status":"open","ping_status":"open","sticky":false,"template":"","format":"standard","meta":{"footnotes":"","_links_to":"","_links_to_target":""},"categories":[52],"tags":[58,149,47,60],"class_list":["post-1508","post","type-post","status-publish","format-standard","hentry","category-foto-destacada","tag-foto","tag-fotografos","tag-huelva","tag-huelva-y-sus-fotografos"],"_links":{"self":[{"href":"https:\/\/www.huelvaysusfotografos.com\/index.php?rest_route=\/wp\/v2\/posts\/1508","targetHints":{"allow":["GET"]}}],"collection":[{"href":"https:\/\/www.huelvaysusfotografos.com\/index.php?rest_route=\/wp\/v2\/posts"}],"about":[{"href":"https:\/\/www.huelvaysusfotografos.com\/index.php?rest_route=\/wp\/v2\/types\/post"}],"author":[{"embeddable":true,"href":"https:\/\/www.huelvaysusfotografos.com\/index.php?rest_route=\/wp\/v2\/users\/47"}],"replies":[{"embeddable":true,"href":"https:\/\/www.huelvaysusfotografos.com\/index.php?rest_route=%2Fwp%2Fv2%2Fcomments&post=1508"}],"version-history":[{"count":19,"href":"https:\/\/www.huelvaysusfotografos.com\/index.php?rest_route=\/wp\/v2\/posts\/1508\/revisions"}],"predecessor-version":[{"id":2255,"href":"https:\/\/www.huelvaysusfotografos.com\/index.php?rest_route=\/wp\/v2\/posts\/1508\/revisions\/2255"}],"wp:attachment":[{"href":"https:\/\/www.huelvaysusfotografos.com\/index.php?rest_route=%2Fwp%2Fv2%2Fmedia&parent=1508"}],"wp:term":[{"taxonomy":"category","embeddable":true,"href":"https:\/\/www.huelvaysusfotografos.com\/index.php?rest_route=%2Fwp%2Fv2%2Fcategories&post=1508"},{"taxonomy":"post_tag","embeddable":true,"href":"https:\/\/www.huelvaysusfotografos.com\/index.php?rest_route=%2Fwp%2Fv2%2Ftags&post=1508"}],"curies":[{"name":"wp","href":"https:\/\/api.w.org\/{rel}","templated":true}]}}