{"id":14923,"date":"2025-07-04T21:50:15","date_gmt":"2025-07-04T19:50:15","guid":{"rendered":"https:\/\/www.huelvaysusfotografos.com\/?p=14923"},"modified":"2025-07-05T11:02:44","modified_gmt":"2025-07-05T09:02:44","slug":"la-canastita-celebra-su-125-aniversario-premiando-la-mirada-que-cuida-la-tierra","status":"publish","type":"post","link":"https:\/\/www.huelvaysusfotografos.com\/?p=14923","title":{"rendered":"LA CANASTITA CELEBRA SU 125 ANIVERSARIO PREMIANDO LA MIRADA QUE CUIDA LA TIERRA"},"content":{"rendered":"\n<p>\u201c<strong><em>Los premios del I Rally Fotogr\u00e1fico reconocen una mirada art\u00edstica y comprometida sobre el paisaje, la biodiversidad y el cultivo sostenible que definen el legado de La Canastita\u201d<\/em><\/strong>.<\/p>\n\n\n\n<p>En el marco de su 125 aniversario, La Canastita a\u00f1ade una nueva celebraci\u00f3n a su calendario con la entrega de premios del I Rally Fotogr\u00e1fico, una iniciativa que ha reunido a fot\u00f3grafos para rendir homenaje al territorio que ha acompa\u00f1ado a la marca durante m\u00e1s de un siglo. Concebido como una confluencia entre arte, agricultura y biodiversidad, el certamen ha premiado las mejores obras en torno al ecosistema de la finca El Bosque, reconociendo aquellas miradas capaces de capturar la esencia de un paisaje productivo, vivo y en transformaci\u00f3n.<\/p>\n\n\n\n<p>M\u00e1s de 35 fot\u00f3grafos participaron el pasado 16 de mayo en una jornada que fue, m\u00e1s que una competici\u00f3n, una experiencia inmersiva. El I Rally Fotogr\u00e1fico se convirti\u00f3 en una ventana abierta al alma del paisaje de La Canastita, un espacio donde el bosque mediterr\u00e1neo convive con la innovaci\u00f3n agraria, donde la mora crece en armon\u00eda con el bosque, y donde el legado de cinco generaciones se proyecta en surcos f\u00e9rtiles y caminos centenarios. Los participantes caminaron entre linderos de biodiversidad, sistemas de riego tecnificados, ruinas rehabilitadas y cultivos sostenibles, capturando con sus lentes los matices de un territorio vivo, en transformaci\u00f3n constante, donde naturaleza y cultura se entrelazan.<\/p>\n\n\n\n<p>La entrega de premios celebrada el pasado viernes 4 de julio ha sido el cierre simb\u00f3lico de esa experiencia compartida. Una forma de devolver a los autores \u2014profesionales y aficionados\u2014 el reconocimiento por haber sabido mirar con sensibilidad, respeto y profundidad. En un acto cargado de emoci\u00f3n, se reconocieron las mejores im\u00e1genes en tres categor\u00edas tem\u00e1ticas que resumen la esencia del proyecto: el bosque, el cultivo y el ecosistema completo. Cada fotograf\u00eda premiada es una interpretaci\u00f3n \u00fanica de ese v\u00ednculo entre tierra y mirada, entre lo que se cuida y lo que se muestra.<\/p>\n\n\n\n<p>El acto de entrega de premios cont\u00f3 con intervenciones institucionales, proyecciones conmemorativas y un ambiente de celebraci\u00f3n entre participantes, familiares y miembros de la comunidad local. En la categor\u00eda Premio El Bosque, la fotograf\u00eda \u201cEntre luces y sombras\u201d de Jos\u00e9 Luis Fr\u00edas C\u00f3rdoba fue distinguida por su capacidad para captar la atm\u00f3sfera del alcornocal en su di\u00e1logo con la luz. El galard\u00f3n fue entregado por el Delegado Territorial de Sostenibilidad, Medio Ambiente y Econom\u00eda Azul en Huelva, Pedro Y\u00f3rquez, en reconocimiento a una obra que sintetiza la identidad paisaj\u00edstica y emocional del entorno.<\/p>\n\n\n\n<p>La entrega de este galard\u00f3n coincid\u00eda, adem\u00e1s, con la reciente concesi\u00f3n a La Canastita del Premio Andaluc\u00eda de Medio Ambiente 2025, un reconocimiento institucional que refuerza el valor de este ecosistema agr\u00edcola y natural como modelo de sostenibilidad, biodiversidad y compromiso social.<\/p>\n\n\n\n<p>En la categor\u00eda Premio La Canastita, el reconocimiento fue para la obra \u201cEn el coraz\u00f3n del zumbido\u201d, del fot\u00f3grafo Ignacio Camino Bar\u00f3n, una imagen que logra capturar la intensidad vital del cultivo de mora en plena floraci\u00f3n, con sus insectos polinizadores en acci\u00f3n y la textura precisa de un ecosistema en equilibrio. El premio fue entregado por Daniel Velo, en representaci\u00f3n de la familia fundadora, como s\u00edmbolo del v\u00ednculo intergeneracional que sostiene el proyecto desde sus or\u00edgenes. Esta categor\u00eda valor\u00f3 especialmente la mirada capaz de resaltar la dimensi\u00f3n agron\u00f3mica, tecnol\u00f3gica y sostenible que define hoy el modelo productivo de La Canastita.<\/p>\n\n\n\n<p>El momento m\u00e1s simb\u00f3lico lleg\u00f3 con la entrega del Premio Carrete 125 Aniversario, que reconoc\u00eda no solo la excelencia t\u00e9cnica, sino la capacidad de construir un relato visual completo sobre el alma del proyecto. Tras las palabras de Diego Velo, que evocaron con emoci\u00f3n el legado familiar y el v\u00ednculo entre generaciones, se entreg\u00f3 el galard\u00f3n a Susana Leitao Guerreiro por un conjunto de cinco fotograf\u00edas que, con sensibilidad y coherencia, narran el ciclo de vida en El Bosque: la tierra, el cultivo, la biodiversidad, innovaci\u00f3n, el agua y la luz. Su obra fue destacada por aunar est\u00e9tica y contenido, y por reflejar con precisi\u00f3n la filosof\u00eda de La Canastita: cultivar no solo fruto, sino memoria, identidad y futuro.<\/p>\n\n\n\n<p>Los acc\u00e9sits, que completaron el reconocimiento a las obras m\u00e1s destacadas del rally, fueron entregados por representantes de las entidades colaboradoras: Plus Berries y la Asociaci\u00f3n Huelva y sus Fot\u00f3grafos. Eva Mar\u00eda Herencia Anillo, con su obra \u201cEntre ramas\u201d, fue reconocida en la categor\u00eda Premio El Bosque por su mirada intimista del bosque, mientras que Mar\u00eda Sonia Herencia Anillo, con \u201cCrecimiento\u201d, recibi\u00f3 el acc\u00e9sit en la categor\u00eda Premio La Canastita por su delicada representaci\u00f3n del cultivo de la mora. Ambos trabajos destacan que este I Rally Fotogr\u00e1fico no solo ha sido una celebraci\u00f3n art\u00edstica, sino tambi\u00e9n un reflejo del esp\u00edritu que impulsa a La Canastita en su 125 aniversario: la capacidad de mirar el paisaje con nuevos ojos, de reinterpretar el v\u00ednculo entre la tierra y quienes la habitan. A lo largo de cinco generaciones, la empresa ha demostrado que transformar no es solo producir, sino tambi\u00e9n inspirar, educar y emocionar.<\/p>\n\n\n\n<p>La finca El Bosque, coraz\u00f3n de este proyecto, no es solo un espacio agr\u00edcola; es un escenario de historias compartidas, un mosaico de naturaleza y cultura, y un lugar donde la innovaci\u00f3n convive con la memoria. Su verdadero valor est\u00e1 en las personas que lo cuidan, lo fotograf\u00edan, lo trabajan y lo sue\u00f1an cada d\u00eda. Porque en La Canastita, transformar es tambi\u00e9n crear comunidad, tejer identidad y proyectar futuro desde la ra\u00edz.<\/p>\n\n\n\n<p>Prueba de todo ello es que La Canastita ha sido recientemente nominada al galard\u00f3n Onubense del A\u00f1o en la categor\u00eda de Econom\u00eda y Empresa, un reconocimiento a su capacidad para impulsar desarrollo desde la sostenibilidad y el territorio, y que la empresa acoge con orgullo y emoci\u00f3n.<\/p>\n\n\n\n<p>Fotos Josue Correa<\/p>\n\n\n\n<figure class=\"wp-block-gallery has-nested-images columns-default is-cropped wp-block-gallery-1 is-layout-flex wp-block-gallery-is-layout-flex\">\n<figure class=\"wp-block-image size-large\"><a href=\"https:\/\/www.huelvaysusfotografos.com\/wp-content\/uploads\/2025\/07\/Entrega-de-los-premios-del-I-Rally-Fotografico-La-Canastita-entorno-de-la-Finca-El-Bosque-2.jpg\"><img loading=\"lazy\" decoding=\"async\" width=\"1024\" height=\"683\" data-id=\"14926\" src=\"https:\/\/www.huelvaysusfotografos.com\/wp-content\/uploads\/2025\/07\/Entrega-de-los-premios-del-I-Rally-Fotografico-La-Canastita-entorno-de-la-Finca-El-Bosque-2-1024x683.jpg\" alt=\"\" class=\"wp-image-14926\" srcset=\"https:\/\/www.huelvaysusfotografos.com\/wp-content\/uploads\/2025\/07\/Entrega-de-los-premios-del-I-Rally-Fotografico-La-Canastita-entorno-de-la-Finca-El-Bosque-2-1024x683.jpg 1024w, https:\/\/www.huelvaysusfotografos.com\/wp-content\/uploads\/2025\/07\/Entrega-de-los-premios-del-I-Rally-Fotografico-La-Canastita-entorno-de-la-Finca-El-Bosque-2-300x200.jpg 300w, https:\/\/www.huelvaysusfotografos.com\/wp-content\/uploads\/2025\/07\/Entrega-de-los-premios-del-I-Rally-Fotografico-La-Canastita-entorno-de-la-Finca-El-Bosque-2-768x512.jpg 768w, https:\/\/www.huelvaysusfotografos.com\/wp-content\/uploads\/2025\/07\/Entrega-de-los-premios-del-I-Rally-Fotografico-La-Canastita-entorno-de-la-Finca-El-Bosque-2-1536x1024.jpg 1536w, https:\/\/www.huelvaysusfotografos.com\/wp-content\/uploads\/2025\/07\/Entrega-de-los-premios-del-I-Rally-Fotografico-La-Canastita-entorno-de-la-Finca-El-Bosque-2-2048x1365.jpg 2048w\" sizes=\"auto, (max-width: 1024px) 100vw, 1024px\" \/><\/a><\/figure>\n\n\n\n<figure class=\"wp-block-image size-large\"><a href=\"https:\/\/www.huelvaysusfotografos.com\/wp-content\/uploads\/2025\/07\/Entrega-de-los-premios-del-I-Rally-Fotografico-La-Canastita-entorno-de-la-Finca-El-Bosque-3.jpg\"><img loading=\"lazy\" decoding=\"async\" width=\"1024\" height=\"683\" data-id=\"14925\" src=\"https:\/\/www.huelvaysusfotografos.com\/wp-content\/uploads\/2025\/07\/Entrega-de-los-premios-del-I-Rally-Fotografico-La-Canastita-entorno-de-la-Finca-El-Bosque-3-1024x683.jpg\" alt=\"\" class=\"wp-image-14925\" srcset=\"https:\/\/www.huelvaysusfotografos.com\/wp-content\/uploads\/2025\/07\/Entrega-de-los-premios-del-I-Rally-Fotografico-La-Canastita-entorno-de-la-Finca-El-Bosque-3-1024x683.jpg 1024w, https:\/\/www.huelvaysusfotografos.com\/wp-content\/uploads\/2025\/07\/Entrega-de-los-premios-del-I-Rally-Fotografico-La-Canastita-entorno-de-la-Finca-El-Bosque-3-300x200.jpg 300w, https:\/\/www.huelvaysusfotografos.com\/wp-content\/uploads\/2025\/07\/Entrega-de-los-premios-del-I-Rally-Fotografico-La-Canastita-entorno-de-la-Finca-El-Bosque-3-768x512.jpg 768w, https:\/\/www.huelvaysusfotografos.com\/wp-content\/uploads\/2025\/07\/Entrega-de-los-premios-del-I-Rally-Fotografico-La-Canastita-entorno-de-la-Finca-El-Bosque-3-1536x1024.jpg 1536w, https:\/\/www.huelvaysusfotografos.com\/wp-content\/uploads\/2025\/07\/Entrega-de-los-premios-del-I-Rally-Fotografico-La-Canastita-entorno-de-la-Finca-El-Bosque-3-2048x1365.jpg 2048w\" sizes=\"auto, (max-width: 1024px) 100vw, 1024px\" \/><\/a><\/figure>\n\n\n\n<figure class=\"wp-block-image size-large\"><a href=\"https:\/\/www.huelvaysusfotografos.com\/wp-content\/uploads\/2025\/07\/Entrega-de-los-premios-del-I-Rally-Fotografico-La-Canastita-entorno-de-la-Finca-El-Bosque-4.jpg\"><img loading=\"lazy\" decoding=\"async\" width=\"1024\" height=\"683\" data-id=\"14927\" src=\"https:\/\/www.huelvaysusfotografos.com\/wp-content\/uploads\/2025\/07\/Entrega-de-los-premios-del-I-Rally-Fotografico-La-Canastita-entorno-de-la-Finca-El-Bosque-4-1024x683.jpg\" alt=\"\" class=\"wp-image-14927\" srcset=\"https:\/\/www.huelvaysusfotografos.com\/wp-content\/uploads\/2025\/07\/Entrega-de-los-premios-del-I-Rally-Fotografico-La-Canastita-entorno-de-la-Finca-El-Bosque-4-1024x683.jpg 1024w, https:\/\/www.huelvaysusfotografos.com\/wp-content\/uploads\/2025\/07\/Entrega-de-los-premios-del-I-Rally-Fotografico-La-Canastita-entorno-de-la-Finca-El-Bosque-4-300x200.jpg 300w, https:\/\/www.huelvaysusfotografos.com\/wp-content\/uploads\/2025\/07\/Entrega-de-los-premios-del-I-Rally-Fotografico-La-Canastita-entorno-de-la-Finca-El-Bosque-4-768x512.jpg 768w, https:\/\/www.huelvaysusfotografos.com\/wp-content\/uploads\/2025\/07\/Entrega-de-los-premios-del-I-Rally-Fotografico-La-Canastita-entorno-de-la-Finca-El-Bosque-4-1536x1024.jpg 1536w, https:\/\/www.huelvaysusfotografos.com\/wp-content\/uploads\/2025\/07\/Entrega-de-los-premios-del-I-Rally-Fotografico-La-Canastita-entorno-de-la-Finca-El-Bosque-4-2048x1365.jpg 2048w\" sizes=\"auto, (max-width: 1024px) 100vw, 1024px\" \/><\/a><\/figure>\n\n\n\n<figure class=\"wp-block-image size-large\"><a href=\"https:\/\/www.huelvaysusfotografos.com\/wp-content\/uploads\/2025\/07\/Entrega-de-los-premios-del-I-Rally-Fotografico-La-Canastita-entorno-de-la-Finca-El-Bosque-5.jpg\"><img loading=\"lazy\" decoding=\"async\" width=\"1024\" height=\"683\" data-id=\"14929\" src=\"https:\/\/www.huelvaysusfotografos.com\/wp-content\/uploads\/2025\/07\/Entrega-de-los-premios-del-I-Rally-Fotografico-La-Canastita-entorno-de-la-Finca-El-Bosque-5-1024x683.jpg\" alt=\"\" class=\"wp-image-14929\" srcset=\"https:\/\/www.huelvaysusfotografos.com\/wp-content\/uploads\/2025\/07\/Entrega-de-los-premios-del-I-Rally-Fotografico-La-Canastita-entorno-de-la-Finca-El-Bosque-5-1024x683.jpg 1024w, https:\/\/www.huelvaysusfotografos.com\/wp-content\/uploads\/2025\/07\/Entrega-de-los-premios-del-I-Rally-Fotografico-La-Canastita-entorno-de-la-Finca-El-Bosque-5-300x200.jpg 300w, https:\/\/www.huelvaysusfotografos.com\/wp-content\/uploads\/2025\/07\/Entrega-de-los-premios-del-I-Rally-Fotografico-La-Canastita-entorno-de-la-Finca-El-Bosque-5-768x512.jpg 768w, https:\/\/www.huelvaysusfotografos.com\/wp-content\/uploads\/2025\/07\/Entrega-de-los-premios-del-I-Rally-Fotografico-La-Canastita-entorno-de-la-Finca-El-Bosque-5-1536x1024.jpg 1536w, https:\/\/www.huelvaysusfotografos.com\/wp-content\/uploads\/2025\/07\/Entrega-de-los-premios-del-I-Rally-Fotografico-La-Canastita-entorno-de-la-Finca-El-Bosque-5-2048x1365.jpg 2048w\" sizes=\"auto, (max-width: 1024px) 100vw, 1024px\" \/><\/a><\/figure>\n\n\n\n<figure class=\"wp-block-image size-large\"><a href=\"https:\/\/www.huelvaysusfotografos.com\/wp-content\/uploads\/2025\/07\/Entrega-de-los-premios-del-I-Rally-Fotografico-La-Canastita-entorno-de-la-Finca-El-Bosque-6.jpg\"><img loading=\"lazy\" decoding=\"async\" width=\"1024\" height=\"683\" data-id=\"14930\" src=\"https:\/\/www.huelvaysusfotografos.com\/wp-content\/uploads\/2025\/07\/Entrega-de-los-premios-del-I-Rally-Fotografico-La-Canastita-entorno-de-la-Finca-El-Bosque-6-1024x683.jpg\" alt=\"\" class=\"wp-image-14930\" srcset=\"https:\/\/www.huelvaysusfotografos.com\/wp-content\/uploads\/2025\/07\/Entrega-de-los-premios-del-I-Rally-Fotografico-La-Canastita-entorno-de-la-Finca-El-Bosque-6-1024x683.jpg 1024w, https:\/\/www.huelvaysusfotografos.com\/wp-content\/uploads\/2025\/07\/Entrega-de-los-premios-del-I-Rally-Fotografico-La-Canastita-entorno-de-la-Finca-El-Bosque-6-300x200.jpg 300w, https:\/\/www.huelvaysusfotografos.com\/wp-content\/uploads\/2025\/07\/Entrega-de-los-premios-del-I-Rally-Fotografico-La-Canastita-entorno-de-la-Finca-El-Bosque-6-768x512.jpg 768w, https:\/\/www.huelvaysusfotografos.com\/wp-content\/uploads\/2025\/07\/Entrega-de-los-premios-del-I-Rally-Fotografico-La-Canastita-entorno-de-la-Finca-El-Bosque-6-1536x1024.jpg 1536w, https:\/\/www.huelvaysusfotografos.com\/wp-content\/uploads\/2025\/07\/Entrega-de-los-premios-del-I-Rally-Fotografico-La-Canastita-entorno-de-la-Finca-El-Bosque-6-2048x1365.jpg 2048w\" sizes=\"auto, (max-width: 1024px) 100vw, 1024px\" \/><\/a><\/figure>\n\n\n\n<figure class=\"wp-block-image size-large\"><a href=\"https:\/\/www.huelvaysusfotografos.com\/wp-content\/uploads\/2025\/07\/Entrega-de-los-premios-del-I-Rally-Fotografico-La-Canastita-entorno-de-la-Finca-El-Bosque-7.jpg\"><img loading=\"lazy\" decoding=\"async\" width=\"1024\" height=\"683\" data-id=\"14928\" src=\"https:\/\/www.huelvaysusfotografos.com\/wp-content\/uploads\/2025\/07\/Entrega-de-los-premios-del-I-Rally-Fotografico-La-Canastita-entorno-de-la-Finca-El-Bosque-7-1024x683.jpg\" alt=\"\" class=\"wp-image-14928\" srcset=\"https:\/\/www.huelvaysusfotografos.com\/wp-content\/uploads\/2025\/07\/Entrega-de-los-premios-del-I-Rally-Fotografico-La-Canastita-entorno-de-la-Finca-El-Bosque-7-1024x683.jpg 1024w, https:\/\/www.huelvaysusfotografos.com\/wp-content\/uploads\/2025\/07\/Entrega-de-los-premios-del-I-Rally-Fotografico-La-Canastita-entorno-de-la-Finca-El-Bosque-7-300x200.jpg 300w, https:\/\/www.huelvaysusfotografos.com\/wp-content\/uploads\/2025\/07\/Entrega-de-los-premios-del-I-Rally-Fotografico-La-Canastita-entorno-de-la-Finca-El-Bosque-7-768x512.jpg 768w, https:\/\/www.huelvaysusfotografos.com\/wp-content\/uploads\/2025\/07\/Entrega-de-los-premios-del-I-Rally-Fotografico-La-Canastita-entorno-de-la-Finca-El-Bosque-7-1536x1024.jpg 1536w, https:\/\/www.huelvaysusfotografos.com\/wp-content\/uploads\/2025\/07\/Entrega-de-los-premios-del-I-Rally-Fotografico-La-Canastita-entorno-de-la-Finca-El-Bosque-7-2048x1365.jpg 2048w\" sizes=\"auto, (max-width: 1024px) 100vw, 1024px\" \/><\/a><\/figure>\n\n\n\n<figure class=\"wp-block-image size-large\"><a href=\"https:\/\/www.huelvaysusfotografos.com\/wp-content\/uploads\/2025\/07\/Entrega-de-los-premios-del-I-Rally-Fotografico-La-Canastita-entorno-de-la-Finca-El-Bosque-9.jpg\"><img loading=\"lazy\" decoding=\"async\" width=\"1024\" height=\"683\" data-id=\"14931\" src=\"https:\/\/www.huelvaysusfotografos.com\/wp-content\/uploads\/2025\/07\/Entrega-de-los-premios-del-I-Rally-Fotografico-La-Canastita-entorno-de-la-Finca-El-Bosque-9-1024x683.jpg\" alt=\"\" class=\"wp-image-14931\" srcset=\"https:\/\/www.huelvaysusfotografos.com\/wp-content\/uploads\/2025\/07\/Entrega-de-los-premios-del-I-Rally-Fotografico-La-Canastita-entorno-de-la-Finca-El-Bosque-9-1024x683.jpg 1024w, https:\/\/www.huelvaysusfotografos.com\/wp-content\/uploads\/2025\/07\/Entrega-de-los-premios-del-I-Rally-Fotografico-La-Canastita-entorno-de-la-Finca-El-Bosque-9-300x200.jpg 300w, https:\/\/www.huelvaysusfotografos.com\/wp-content\/uploads\/2025\/07\/Entrega-de-los-premios-del-I-Rally-Fotografico-La-Canastita-entorno-de-la-Finca-El-Bosque-9-768x512.jpg 768w, https:\/\/www.huelvaysusfotografos.com\/wp-content\/uploads\/2025\/07\/Entrega-de-los-premios-del-I-Rally-Fotografico-La-Canastita-entorno-de-la-Finca-El-Bosque-9-1536x1024.jpg 1536w, https:\/\/www.huelvaysusfotografos.com\/wp-content\/uploads\/2025\/07\/Entrega-de-los-premios-del-I-Rally-Fotografico-La-Canastita-entorno-de-la-Finca-El-Bosque-9-2048x1365.jpg 2048w\" sizes=\"auto, (max-width: 1024px) 100vw, 1024px\" \/><\/a><\/figure>\n\n\n\n<figure class=\"wp-block-image size-large\"><a href=\"https:\/\/www.huelvaysusfotografos.com\/wp-content\/uploads\/2025\/07\/Entrega-de-los-premios-del-I-Rally-Fotografico-La-Canastita-entorno-de-la-Finca-El-Bosque-10.jpg\"><img loading=\"lazy\" decoding=\"async\" width=\"1024\" height=\"683\" data-id=\"14932\" src=\"https:\/\/www.huelvaysusfotografos.com\/wp-content\/uploads\/2025\/07\/Entrega-de-los-premios-del-I-Rally-Fotografico-La-Canastita-entorno-de-la-Finca-El-Bosque-10-1024x683.jpg\" alt=\"\" class=\"wp-image-14932\" srcset=\"https:\/\/www.huelvaysusfotografos.com\/wp-content\/uploads\/2025\/07\/Entrega-de-los-premios-del-I-Rally-Fotografico-La-Canastita-entorno-de-la-Finca-El-Bosque-10-1024x683.jpg 1024w, https:\/\/www.huelvaysusfotografos.com\/wp-content\/uploads\/2025\/07\/Entrega-de-los-premios-del-I-Rally-Fotografico-La-Canastita-entorno-de-la-Finca-El-Bosque-10-300x200.jpg 300w, https:\/\/www.huelvaysusfotografos.com\/wp-content\/uploads\/2025\/07\/Entrega-de-los-premios-del-I-Rally-Fotografico-La-Canastita-entorno-de-la-Finca-El-Bosque-10-768x512.jpg 768w, https:\/\/www.huelvaysusfotografos.com\/wp-content\/uploads\/2025\/07\/Entrega-de-los-premios-del-I-Rally-Fotografico-La-Canastita-entorno-de-la-Finca-El-Bosque-10-1536x1024.jpg 1536w, https:\/\/www.huelvaysusfotografos.com\/wp-content\/uploads\/2025\/07\/Entrega-de-los-premios-del-I-Rally-Fotografico-La-Canastita-entorno-de-la-Finca-El-Bosque-10-2048x1365.jpg 2048w\" sizes=\"auto, (max-width: 1024px) 100vw, 1024px\" \/><\/a><\/figure>\n\n\n\n<figure class=\"wp-block-image size-large\"><a href=\"https:\/\/www.huelvaysusfotografos.com\/wp-content\/uploads\/2025\/07\/Entrega-de-los-premios-del-I-Rally-Fotografico-La-Canastita-entorno-de-la-Finca-El-Bosque-11.jpg\"><img loading=\"lazy\" decoding=\"async\" width=\"1024\" height=\"683\" data-id=\"14933\" src=\"https:\/\/www.huelvaysusfotografos.com\/wp-content\/uploads\/2025\/07\/Entrega-de-los-premios-del-I-Rally-Fotografico-La-Canastita-entorno-de-la-Finca-El-Bosque-11-1024x683.jpg\" alt=\"\" class=\"wp-image-14933\" srcset=\"https:\/\/www.huelvaysusfotografos.com\/wp-content\/uploads\/2025\/07\/Entrega-de-los-premios-del-I-Rally-Fotografico-La-Canastita-entorno-de-la-Finca-El-Bosque-11-1024x683.jpg 1024w, https:\/\/www.huelvaysusfotografos.com\/wp-content\/uploads\/2025\/07\/Entrega-de-los-premios-del-I-Rally-Fotografico-La-Canastita-entorno-de-la-Finca-El-Bosque-11-300x200.jpg 300w, https:\/\/www.huelvaysusfotografos.com\/wp-content\/uploads\/2025\/07\/Entrega-de-los-premios-del-I-Rally-Fotografico-La-Canastita-entorno-de-la-Finca-El-Bosque-11-768x512.jpg 768w, https:\/\/www.huelvaysusfotografos.com\/wp-content\/uploads\/2025\/07\/Entrega-de-los-premios-del-I-Rally-Fotografico-La-Canastita-entorno-de-la-Finca-El-Bosque-11-1536x1024.jpg 1536w, https:\/\/www.huelvaysusfotografos.com\/wp-content\/uploads\/2025\/07\/Entrega-de-los-premios-del-I-Rally-Fotografico-La-Canastita-entorno-de-la-Finca-El-Bosque-11-2048x1365.jpg 2048w\" sizes=\"auto, (max-width: 1024px) 100vw, 1024px\" \/><\/a><\/figure>\n\n\n\n<figure class=\"wp-block-image size-large\"><a href=\"https:\/\/www.huelvaysusfotografos.com\/wp-content\/uploads\/2025\/07\/Entrega-de-los-premios-del-I-Rally-Fotografico-La-Canastita-entorno-de-la-Finca-El-Bosque-12.jpg\"><img loading=\"lazy\" decoding=\"async\" width=\"1024\" height=\"683\" data-id=\"14936\" src=\"https:\/\/www.huelvaysusfotografos.com\/wp-content\/uploads\/2025\/07\/Entrega-de-los-premios-del-I-Rally-Fotografico-La-Canastita-entorno-de-la-Finca-El-Bosque-12-1024x683.jpg\" alt=\"\" class=\"wp-image-14936\" srcset=\"https:\/\/www.huelvaysusfotografos.com\/wp-content\/uploads\/2025\/07\/Entrega-de-los-premios-del-I-Rally-Fotografico-La-Canastita-entorno-de-la-Finca-El-Bosque-12-1024x683.jpg 1024w, https:\/\/www.huelvaysusfotografos.com\/wp-content\/uploads\/2025\/07\/Entrega-de-los-premios-del-I-Rally-Fotografico-La-Canastita-entorno-de-la-Finca-El-Bosque-12-300x200.jpg 300w, https:\/\/www.huelvaysusfotografos.com\/wp-content\/uploads\/2025\/07\/Entrega-de-los-premios-del-I-Rally-Fotografico-La-Canastita-entorno-de-la-Finca-El-Bosque-12-768x512.jpg 768w, https:\/\/www.huelvaysusfotografos.com\/wp-content\/uploads\/2025\/07\/Entrega-de-los-premios-del-I-Rally-Fotografico-La-Canastita-entorno-de-la-Finca-El-Bosque-12-1536x1024.jpg 1536w, https:\/\/www.huelvaysusfotografos.com\/wp-content\/uploads\/2025\/07\/Entrega-de-los-premios-del-I-Rally-Fotografico-La-Canastita-entorno-de-la-Finca-El-Bosque-12-2048x1365.jpg 2048w\" sizes=\"auto, (max-width: 1024px) 100vw, 1024px\" \/><\/a><\/figure>\n\n\n\n<figure class=\"wp-block-image size-large\"><a href=\"https:\/\/www.huelvaysusfotografos.com\/wp-content\/uploads\/2025\/07\/Entrega-de-los-premios-del-I-Rally-Fotografico-La-Canastita-entorno-de-la-Finca-El-Bosque-13.jpg\"><img loading=\"lazy\" decoding=\"async\" width=\"1024\" height=\"683\" data-id=\"14935\" src=\"https:\/\/www.huelvaysusfotografos.com\/wp-content\/uploads\/2025\/07\/Entrega-de-los-premios-del-I-Rally-Fotografico-La-Canastita-entorno-de-la-Finca-El-Bosque-13-1024x683.jpg\" alt=\"\" class=\"wp-image-14935\" srcset=\"https:\/\/www.huelvaysusfotografos.com\/wp-content\/uploads\/2025\/07\/Entrega-de-los-premios-del-I-Rally-Fotografico-La-Canastita-entorno-de-la-Finca-El-Bosque-13-1024x683.jpg 1024w, https:\/\/www.huelvaysusfotografos.com\/wp-content\/uploads\/2025\/07\/Entrega-de-los-premios-del-I-Rally-Fotografico-La-Canastita-entorno-de-la-Finca-El-Bosque-13-300x200.jpg 300w, https:\/\/www.huelvaysusfotografos.com\/wp-content\/uploads\/2025\/07\/Entrega-de-los-premios-del-I-Rally-Fotografico-La-Canastita-entorno-de-la-Finca-El-Bosque-13-768x512.jpg 768w, https:\/\/www.huelvaysusfotografos.com\/wp-content\/uploads\/2025\/07\/Entrega-de-los-premios-del-I-Rally-Fotografico-La-Canastita-entorno-de-la-Finca-El-Bosque-13-1536x1024.jpg 1536w, https:\/\/www.huelvaysusfotografos.com\/wp-content\/uploads\/2025\/07\/Entrega-de-los-premios-del-I-Rally-Fotografico-La-Canastita-entorno-de-la-Finca-El-Bosque-13-2048x1365.jpg 2048w\" sizes=\"auto, (max-width: 1024px) 100vw, 1024px\" \/><\/a><\/figure>\n\n\n\n<figure class=\"wp-block-image size-large\"><a href=\"https:\/\/www.huelvaysusfotografos.com\/wp-content\/uploads\/2025\/07\/Entrega-de-los-premios-del-I-Rally-Fotografico-La-Canastita-entorno-de-la-Finca-El-Bosque-14.jpg\"><img loading=\"lazy\" decoding=\"async\" width=\"1024\" height=\"683\" data-id=\"14934\" src=\"https:\/\/www.huelvaysusfotografos.com\/wp-content\/uploads\/2025\/07\/Entrega-de-los-premios-del-I-Rally-Fotografico-La-Canastita-entorno-de-la-Finca-El-Bosque-14-1024x683.jpg\" alt=\"\" class=\"wp-image-14934\" srcset=\"https:\/\/www.huelvaysusfotografos.com\/wp-content\/uploads\/2025\/07\/Entrega-de-los-premios-del-I-Rally-Fotografico-La-Canastita-entorno-de-la-Finca-El-Bosque-14-1024x683.jpg 1024w, https:\/\/www.huelvaysusfotografos.com\/wp-content\/uploads\/2025\/07\/Entrega-de-los-premios-del-I-Rally-Fotografico-La-Canastita-entorno-de-la-Finca-El-Bosque-14-300x200.jpg 300w, https:\/\/www.huelvaysusfotografos.com\/wp-content\/uploads\/2025\/07\/Entrega-de-los-premios-del-I-Rally-Fotografico-La-Canastita-entorno-de-la-Finca-El-Bosque-14-768x512.jpg 768w, https:\/\/www.huelvaysusfotografos.com\/wp-content\/uploads\/2025\/07\/Entrega-de-los-premios-del-I-Rally-Fotografico-La-Canastita-entorno-de-la-Finca-El-Bosque-14-1536x1024.jpg 1536w, https:\/\/www.huelvaysusfotografos.com\/wp-content\/uploads\/2025\/07\/Entrega-de-los-premios-del-I-Rally-Fotografico-La-Canastita-entorno-de-la-Finca-El-Bosque-14-2048x1365.jpg 2048w\" sizes=\"auto, (max-width: 1024px) 100vw, 1024px\" \/><\/a><\/figure>\n\n\n\n<figure class=\"wp-block-image size-large\"><a href=\"https:\/\/www.huelvaysusfotografos.com\/wp-content\/uploads\/2025\/07\/Entrega-de-los-premios-del-I-Rally-Fotografico-La-Canastita-entorno-de-la-Finca-El-Bosque-15.jpg\"><img loading=\"lazy\" decoding=\"async\" width=\"1024\" height=\"683\" data-id=\"14937\" src=\"https:\/\/www.huelvaysusfotografos.com\/wp-content\/uploads\/2025\/07\/Entrega-de-los-premios-del-I-Rally-Fotografico-La-Canastita-entorno-de-la-Finca-El-Bosque-15-1024x683.jpg\" alt=\"\" class=\"wp-image-14937\" srcset=\"https:\/\/www.huelvaysusfotografos.com\/wp-content\/uploads\/2025\/07\/Entrega-de-los-premios-del-I-Rally-Fotografico-La-Canastita-entorno-de-la-Finca-El-Bosque-15-1024x683.jpg 1024w, https:\/\/www.huelvaysusfotografos.com\/wp-content\/uploads\/2025\/07\/Entrega-de-los-premios-del-I-Rally-Fotografico-La-Canastita-entorno-de-la-Finca-El-Bosque-15-300x200.jpg 300w, https:\/\/www.huelvaysusfotografos.com\/wp-content\/uploads\/2025\/07\/Entrega-de-los-premios-del-I-Rally-Fotografico-La-Canastita-entorno-de-la-Finca-El-Bosque-15-768x512.jpg 768w, https:\/\/www.huelvaysusfotografos.com\/wp-content\/uploads\/2025\/07\/Entrega-de-los-premios-del-I-Rally-Fotografico-La-Canastita-entorno-de-la-Finca-El-Bosque-15-1536x1024.jpg 1536w, https:\/\/www.huelvaysusfotografos.com\/wp-content\/uploads\/2025\/07\/Entrega-de-los-premios-del-I-Rally-Fotografico-La-Canastita-entorno-de-la-Finca-El-Bosque-15-2048x1365.jpg 2048w\" sizes=\"auto, (max-width: 1024px) 100vw, 1024px\" \/><\/a><\/figure>\n\n\n\n<figure class=\"wp-block-image size-large\"><a href=\"https:\/\/www.huelvaysusfotografos.com\/wp-content\/uploads\/2025\/07\/Entrega-de-los-premios-del-I-Rally-Fotografico-La-Canastita-entorno-de-la-Finca-El-Bosque-16.jpg\"><img loading=\"lazy\" decoding=\"async\" width=\"1024\" height=\"683\" data-id=\"14939\" src=\"https:\/\/www.huelvaysusfotografos.com\/wp-content\/uploads\/2025\/07\/Entrega-de-los-premios-del-I-Rally-Fotografico-La-Canastita-entorno-de-la-Finca-El-Bosque-16-1024x683.jpg\" alt=\"\" class=\"wp-image-14939\" srcset=\"https:\/\/www.huelvaysusfotografos.com\/wp-content\/uploads\/2025\/07\/Entrega-de-los-premios-del-I-Rally-Fotografico-La-Canastita-entorno-de-la-Finca-El-Bosque-16-1024x683.jpg 1024w, https:\/\/www.huelvaysusfotografos.com\/wp-content\/uploads\/2025\/07\/Entrega-de-los-premios-del-I-Rally-Fotografico-La-Canastita-entorno-de-la-Finca-El-Bosque-16-300x200.jpg 300w, https:\/\/www.huelvaysusfotografos.com\/wp-content\/uploads\/2025\/07\/Entrega-de-los-premios-del-I-Rally-Fotografico-La-Canastita-entorno-de-la-Finca-El-Bosque-16-768x512.jpg 768w, https:\/\/www.huelvaysusfotografos.com\/wp-content\/uploads\/2025\/07\/Entrega-de-los-premios-del-I-Rally-Fotografico-La-Canastita-entorno-de-la-Finca-El-Bosque-16-1536x1024.jpg 1536w, https:\/\/www.huelvaysusfotografos.com\/wp-content\/uploads\/2025\/07\/Entrega-de-los-premios-del-I-Rally-Fotografico-La-Canastita-entorno-de-la-Finca-El-Bosque-16-2048x1365.jpg 2048w\" sizes=\"auto, (max-width: 1024px) 100vw, 1024px\" \/><\/a><\/figure>\n\n\n\n<figure class=\"wp-block-image size-large\"><a href=\"https:\/\/www.huelvaysusfotografos.com\/wp-content\/uploads\/2025\/07\/Entrega-de-los-premios-del-I-Rally-Fotografico-La-Canastita-entorno-de-la-Finca-El-Bosque-17.jpg\"><img loading=\"lazy\" decoding=\"async\" width=\"1024\" height=\"683\" data-id=\"14938\" src=\"https:\/\/www.huelvaysusfotografos.com\/wp-content\/uploads\/2025\/07\/Entrega-de-los-premios-del-I-Rally-Fotografico-La-Canastita-entorno-de-la-Finca-El-Bosque-17-1024x683.jpg\" alt=\"\" class=\"wp-image-14938\" srcset=\"https:\/\/www.huelvaysusfotografos.com\/wp-content\/uploads\/2025\/07\/Entrega-de-los-premios-del-I-Rally-Fotografico-La-Canastita-entorno-de-la-Finca-El-Bosque-17-1024x683.jpg 1024w, https:\/\/www.huelvaysusfotografos.com\/wp-content\/uploads\/2025\/07\/Entrega-de-los-premios-del-I-Rally-Fotografico-La-Canastita-entorno-de-la-Finca-El-Bosque-17-300x200.jpg 300w, https:\/\/www.huelvaysusfotografos.com\/wp-content\/uploads\/2025\/07\/Entrega-de-los-premios-del-I-Rally-Fotografico-La-Canastita-entorno-de-la-Finca-El-Bosque-17-768x512.jpg 768w, https:\/\/www.huelvaysusfotografos.com\/wp-content\/uploads\/2025\/07\/Entrega-de-los-premios-del-I-Rally-Fotografico-La-Canastita-entorno-de-la-Finca-El-Bosque-17-1536x1024.jpg 1536w, https:\/\/www.huelvaysusfotografos.com\/wp-content\/uploads\/2025\/07\/Entrega-de-los-premios-del-I-Rally-Fotografico-La-Canastita-entorno-de-la-Finca-El-Bosque-17-2048x1365.jpg 2048w\" sizes=\"auto, (max-width: 1024px) 100vw, 1024px\" \/><\/a><\/figure>\n\n\n\n<figure class=\"wp-block-image size-large\"><a href=\"https:\/\/www.huelvaysusfotografos.com\/wp-content\/uploads\/2025\/07\/Entrega-de-los-premios-del-I-Rally-Fotografico-La-Canastita-entorno-de-la-Finca-El-Bosque-18.jpg\"><img loading=\"lazy\" decoding=\"async\" width=\"1024\" height=\"683\" data-id=\"14940\" src=\"https:\/\/www.huelvaysusfotografos.com\/wp-content\/uploads\/2025\/07\/Entrega-de-los-premios-del-I-Rally-Fotografico-La-Canastita-entorno-de-la-Finca-El-Bosque-18-1024x683.jpg\" alt=\"\" class=\"wp-image-14940\" srcset=\"https:\/\/www.huelvaysusfotografos.com\/wp-content\/uploads\/2025\/07\/Entrega-de-los-premios-del-I-Rally-Fotografico-La-Canastita-entorno-de-la-Finca-El-Bosque-18-1024x683.jpg 1024w, https:\/\/www.huelvaysusfotografos.com\/wp-content\/uploads\/2025\/07\/Entrega-de-los-premios-del-I-Rally-Fotografico-La-Canastita-entorno-de-la-Finca-El-Bosque-18-300x200.jpg 300w, https:\/\/www.huelvaysusfotografos.com\/wp-content\/uploads\/2025\/07\/Entrega-de-los-premios-del-I-Rally-Fotografico-La-Canastita-entorno-de-la-Finca-El-Bosque-18-768x512.jpg 768w, https:\/\/www.huelvaysusfotografos.com\/wp-content\/uploads\/2025\/07\/Entrega-de-los-premios-del-I-Rally-Fotografico-La-Canastita-entorno-de-la-Finca-El-Bosque-18-1536x1024.jpg 1536w, https:\/\/www.huelvaysusfotografos.com\/wp-content\/uploads\/2025\/07\/Entrega-de-los-premios-del-I-Rally-Fotografico-La-Canastita-entorno-de-la-Finca-El-Bosque-18-2048x1365.jpg 2048w\" sizes=\"auto, (max-width: 1024px) 100vw, 1024px\" \/><\/a><\/figure>\n\n\n\n<figure class=\"wp-block-image size-large\"><a href=\"https:\/\/www.huelvaysusfotografos.com\/wp-content\/uploads\/2025\/07\/Entrega-de-los-premios-del-I-Rally-Fotografico-La-Canastita-entorno-de-la-Finca-El-Bosque-19.jpg\"><img loading=\"lazy\" decoding=\"async\" width=\"1024\" height=\"683\" data-id=\"14941\" src=\"https:\/\/www.huelvaysusfotografos.com\/wp-content\/uploads\/2025\/07\/Entrega-de-los-premios-del-I-Rally-Fotografico-La-Canastita-entorno-de-la-Finca-El-Bosque-19-1024x683.jpg\" alt=\"\" class=\"wp-image-14941\" srcset=\"https:\/\/www.huelvaysusfotografos.com\/wp-content\/uploads\/2025\/07\/Entrega-de-los-premios-del-I-Rally-Fotografico-La-Canastita-entorno-de-la-Finca-El-Bosque-19-1024x683.jpg 1024w, https:\/\/www.huelvaysusfotografos.com\/wp-content\/uploads\/2025\/07\/Entrega-de-los-premios-del-I-Rally-Fotografico-La-Canastita-entorno-de-la-Finca-El-Bosque-19-300x200.jpg 300w, https:\/\/www.huelvaysusfotografos.com\/wp-content\/uploads\/2025\/07\/Entrega-de-los-premios-del-I-Rally-Fotografico-La-Canastita-entorno-de-la-Finca-El-Bosque-19-768x512.jpg 768w, https:\/\/www.huelvaysusfotografos.com\/wp-content\/uploads\/2025\/07\/Entrega-de-los-premios-del-I-Rally-Fotografico-La-Canastita-entorno-de-la-Finca-El-Bosque-19-1536x1024.jpg 1536w, https:\/\/www.huelvaysusfotografos.com\/wp-content\/uploads\/2025\/07\/Entrega-de-los-premios-del-I-Rally-Fotografico-La-Canastita-entorno-de-la-Finca-El-Bosque-19-2048x1365.jpg 2048w\" sizes=\"auto, (max-width: 1024px) 100vw, 1024px\" \/><\/a><\/figure>\n\n\n\n<figure class=\"wp-block-image size-large\"><a href=\"https:\/\/www.huelvaysusfotografos.com\/wp-content\/uploads\/2025\/07\/Entrega-de-los-premios-del-I-Rally-Fotografico-La-Canastita-entorno-de-la-Finca-El-Bosque-20.jpg\"><img loading=\"lazy\" decoding=\"async\" width=\"1024\" height=\"683\" data-id=\"14942\" src=\"https:\/\/www.huelvaysusfotografos.com\/wp-content\/uploads\/2025\/07\/Entrega-de-los-premios-del-I-Rally-Fotografico-La-Canastita-entorno-de-la-Finca-El-Bosque-20-1024x683.jpg\" alt=\"\" class=\"wp-image-14942\" srcset=\"https:\/\/www.huelvaysusfotografos.com\/wp-content\/uploads\/2025\/07\/Entrega-de-los-premios-del-I-Rally-Fotografico-La-Canastita-entorno-de-la-Finca-El-Bosque-20-1024x683.jpg 1024w, https:\/\/www.huelvaysusfotografos.com\/wp-content\/uploads\/2025\/07\/Entrega-de-los-premios-del-I-Rally-Fotografico-La-Canastita-entorno-de-la-Finca-El-Bosque-20-300x200.jpg 300w, https:\/\/www.huelvaysusfotografos.com\/wp-content\/uploads\/2025\/07\/Entrega-de-los-premios-del-I-Rally-Fotografico-La-Canastita-entorno-de-la-Finca-El-Bosque-20-768x512.jpg 768w, https:\/\/www.huelvaysusfotografos.com\/wp-content\/uploads\/2025\/07\/Entrega-de-los-premios-del-I-Rally-Fotografico-La-Canastita-entorno-de-la-Finca-El-Bosque-20-1536x1024.jpg 1536w, https:\/\/www.huelvaysusfotografos.com\/wp-content\/uploads\/2025\/07\/Entrega-de-los-premios-del-I-Rally-Fotografico-La-Canastita-entorno-de-la-Finca-El-Bosque-20-2048x1365.jpg 2048w\" sizes=\"auto, (max-width: 1024px) 100vw, 1024px\" \/><\/a><\/figure>\n\n\n\n<figure class=\"wp-block-image size-large\"><a href=\"https:\/\/www.huelvaysusfotografos.com\/wp-content\/uploads\/2025\/07\/Entrega-de-los-premios-del-I-Rally-Fotografico-La-Canastita-entorno-de-la-Finca-El-Bosque-21.jpg\"><img loading=\"lazy\" decoding=\"async\" width=\"1024\" height=\"683\" data-id=\"14943\" src=\"https:\/\/www.huelvaysusfotografos.com\/wp-content\/uploads\/2025\/07\/Entrega-de-los-premios-del-I-Rally-Fotografico-La-Canastita-entorno-de-la-Finca-El-Bosque-21-1024x683.jpg\" alt=\"\" class=\"wp-image-14943\" srcset=\"https:\/\/www.huelvaysusfotografos.com\/wp-content\/uploads\/2025\/07\/Entrega-de-los-premios-del-I-Rally-Fotografico-La-Canastita-entorno-de-la-Finca-El-Bosque-21-1024x683.jpg 1024w, https:\/\/www.huelvaysusfotografos.com\/wp-content\/uploads\/2025\/07\/Entrega-de-los-premios-del-I-Rally-Fotografico-La-Canastita-entorno-de-la-Finca-El-Bosque-21-300x200.jpg 300w, https:\/\/www.huelvaysusfotografos.com\/wp-content\/uploads\/2025\/07\/Entrega-de-los-premios-del-I-Rally-Fotografico-La-Canastita-entorno-de-la-Finca-El-Bosque-21-768x512.jpg 768w, https:\/\/www.huelvaysusfotografos.com\/wp-content\/uploads\/2025\/07\/Entrega-de-los-premios-del-I-Rally-Fotografico-La-Canastita-entorno-de-la-Finca-El-Bosque-21-1536x1024.jpg 1536w, https:\/\/www.huelvaysusfotografos.com\/wp-content\/uploads\/2025\/07\/Entrega-de-los-premios-del-I-Rally-Fotografico-La-Canastita-entorno-de-la-Finca-El-Bosque-21-2048x1365.jpg 2048w\" sizes=\"auto, (max-width: 1024px) 100vw, 1024px\" \/><\/a><\/figure>\n\n\n\n<figure class=\"wp-block-image size-large\"><a href=\"https:\/\/www.huelvaysusfotografos.com\/wp-content\/uploads\/2025\/07\/Entrega-de-los-premios-del-I-Rally-Fotografico-La-Canastita-entorno-de-la-Finca-El-Bosque-22.jpg\"><img loading=\"lazy\" decoding=\"async\" width=\"1024\" height=\"683\" data-id=\"14945\" src=\"https:\/\/www.huelvaysusfotografos.com\/wp-content\/uploads\/2025\/07\/Entrega-de-los-premios-del-I-Rally-Fotografico-La-Canastita-entorno-de-la-Finca-El-Bosque-22-1024x683.jpg\" alt=\"\" class=\"wp-image-14945\" srcset=\"https:\/\/www.huelvaysusfotografos.com\/wp-content\/uploads\/2025\/07\/Entrega-de-los-premios-del-I-Rally-Fotografico-La-Canastita-entorno-de-la-Finca-El-Bosque-22-1024x683.jpg 1024w, https:\/\/www.huelvaysusfotografos.com\/wp-content\/uploads\/2025\/07\/Entrega-de-los-premios-del-I-Rally-Fotografico-La-Canastita-entorno-de-la-Finca-El-Bosque-22-300x200.jpg 300w, https:\/\/www.huelvaysusfotografos.com\/wp-content\/uploads\/2025\/07\/Entrega-de-los-premios-del-I-Rally-Fotografico-La-Canastita-entorno-de-la-Finca-El-Bosque-22-768x512.jpg 768w, https:\/\/www.huelvaysusfotografos.com\/wp-content\/uploads\/2025\/07\/Entrega-de-los-premios-del-I-Rally-Fotografico-La-Canastita-entorno-de-la-Finca-El-Bosque-22-1536x1024.jpg 1536w, https:\/\/www.huelvaysusfotografos.com\/wp-content\/uploads\/2025\/07\/Entrega-de-los-premios-del-I-Rally-Fotografico-La-Canastita-entorno-de-la-Finca-El-Bosque-22-2048x1365.jpg 2048w\" sizes=\"auto, (max-width: 1024px) 100vw, 1024px\" \/><\/a><\/figure>\n\n\n\n<figure class=\"wp-block-image size-large\"><a href=\"https:\/\/www.huelvaysusfotografos.com\/wp-content\/uploads\/2025\/07\/Entrega-de-los-premios-del-I-Rally-Fotografico-La-Canastita-entorno-de-la-Finca-El-Bosque-23.jpg\"><img loading=\"lazy\" decoding=\"async\" width=\"1024\" height=\"683\" data-id=\"14946\" src=\"https:\/\/www.huelvaysusfotografos.com\/wp-content\/uploads\/2025\/07\/Entrega-de-los-premios-del-I-Rally-Fotografico-La-Canastita-entorno-de-la-Finca-El-Bosque-23-1024x683.jpg\" alt=\"\" class=\"wp-image-14946\" srcset=\"https:\/\/www.huelvaysusfotografos.com\/wp-content\/uploads\/2025\/07\/Entrega-de-los-premios-del-I-Rally-Fotografico-La-Canastita-entorno-de-la-Finca-El-Bosque-23-1024x683.jpg 1024w, https:\/\/www.huelvaysusfotografos.com\/wp-content\/uploads\/2025\/07\/Entrega-de-los-premios-del-I-Rally-Fotografico-La-Canastita-entorno-de-la-Finca-El-Bosque-23-300x200.jpg 300w, https:\/\/www.huelvaysusfotografos.com\/wp-content\/uploads\/2025\/07\/Entrega-de-los-premios-del-I-Rally-Fotografico-La-Canastita-entorno-de-la-Finca-El-Bosque-23-768x512.jpg 768w, https:\/\/www.huelvaysusfotografos.com\/wp-content\/uploads\/2025\/07\/Entrega-de-los-premios-del-I-Rally-Fotografico-La-Canastita-entorno-de-la-Finca-El-Bosque-23-1536x1024.jpg 1536w, https:\/\/www.huelvaysusfotografos.com\/wp-content\/uploads\/2025\/07\/Entrega-de-los-premios-del-I-Rally-Fotografico-La-Canastita-entorno-de-la-Finca-El-Bosque-23-2048x1365.jpg 2048w\" sizes=\"auto, (max-width: 1024px) 100vw, 1024px\" \/><\/a><\/figure>\n\n\n\n<figure class=\"wp-block-image size-large\"><a href=\"https:\/\/www.huelvaysusfotografos.com\/wp-content\/uploads\/2025\/07\/Entrega-de-los-premios-del-I-Rally-Fotografico-La-Canastita-entorno-de-la-Finca-El-Bosque-24.jpg\"><img loading=\"lazy\" decoding=\"async\" width=\"1024\" height=\"683\" data-id=\"14944\" src=\"https:\/\/www.huelvaysusfotografos.com\/wp-content\/uploads\/2025\/07\/Entrega-de-los-premios-del-I-Rally-Fotografico-La-Canastita-entorno-de-la-Finca-El-Bosque-24-1024x683.jpg\" alt=\"\" class=\"wp-image-14944\" srcset=\"https:\/\/www.huelvaysusfotografos.com\/wp-content\/uploads\/2025\/07\/Entrega-de-los-premios-del-I-Rally-Fotografico-La-Canastita-entorno-de-la-Finca-El-Bosque-24-1024x683.jpg 1024w, https:\/\/www.huelvaysusfotografos.com\/wp-content\/uploads\/2025\/07\/Entrega-de-los-premios-del-I-Rally-Fotografico-La-Canastita-entorno-de-la-Finca-El-Bosque-24-300x200.jpg 300w, https:\/\/www.huelvaysusfotografos.com\/wp-content\/uploads\/2025\/07\/Entrega-de-los-premios-del-I-Rally-Fotografico-La-Canastita-entorno-de-la-Finca-El-Bosque-24-768x512.jpg 768w, https:\/\/www.huelvaysusfotografos.com\/wp-content\/uploads\/2025\/07\/Entrega-de-los-premios-del-I-Rally-Fotografico-La-Canastita-entorno-de-la-Finca-El-Bosque-24-1536x1024.jpg 1536w, https:\/\/www.huelvaysusfotografos.com\/wp-content\/uploads\/2025\/07\/Entrega-de-los-premios-del-I-Rally-Fotografico-La-Canastita-entorno-de-la-Finca-El-Bosque-24-2048x1365.jpg 2048w\" sizes=\"auto, (max-width: 1024px) 100vw, 1024px\" \/><\/a><\/figure>\n\n\n\n<figure class=\"wp-block-image size-large\"><a href=\"https:\/\/www.huelvaysusfotografos.com\/wp-content\/uploads\/2025\/07\/Entrega-de-los-premios-del-I-Rally-Fotografico-La-Canastita-entorno-de-la-Finca-El-Bosque-25.jpg\"><img loading=\"lazy\" decoding=\"async\" width=\"1024\" height=\"683\" data-id=\"14948\" src=\"https:\/\/www.huelvaysusfotografos.com\/wp-content\/uploads\/2025\/07\/Entrega-de-los-premios-del-I-Rally-Fotografico-La-Canastita-entorno-de-la-Finca-El-Bosque-25-1024x683.jpg\" alt=\"\" class=\"wp-image-14948\" srcset=\"https:\/\/www.huelvaysusfotografos.com\/wp-content\/uploads\/2025\/07\/Entrega-de-los-premios-del-I-Rally-Fotografico-La-Canastita-entorno-de-la-Finca-El-Bosque-25-1024x683.jpg 1024w, https:\/\/www.huelvaysusfotografos.com\/wp-content\/uploads\/2025\/07\/Entrega-de-los-premios-del-I-Rally-Fotografico-La-Canastita-entorno-de-la-Finca-El-Bosque-25-300x200.jpg 300w, https:\/\/www.huelvaysusfotografos.com\/wp-content\/uploads\/2025\/07\/Entrega-de-los-premios-del-I-Rally-Fotografico-La-Canastita-entorno-de-la-Finca-El-Bosque-25-768x512.jpg 768w, https:\/\/www.huelvaysusfotografos.com\/wp-content\/uploads\/2025\/07\/Entrega-de-los-premios-del-I-Rally-Fotografico-La-Canastita-entorno-de-la-Finca-El-Bosque-25-1536x1024.jpg 1536w, https:\/\/www.huelvaysusfotografos.com\/wp-content\/uploads\/2025\/07\/Entrega-de-los-premios-del-I-Rally-Fotografico-La-Canastita-entorno-de-la-Finca-El-Bosque-25-2048x1365.jpg 2048w\" sizes=\"auto, (max-width: 1024px) 100vw, 1024px\" \/><\/a><\/figure>\n\n\n\n<figure class=\"wp-block-image size-large\"><a href=\"https:\/\/www.huelvaysusfotografos.com\/wp-content\/uploads\/2025\/07\/Entrega-de-los-premios-del-I-Rally-Fotografico-La-Canastita-entorno-de-la-Finca-El-Bosque-26.jpg\"><img loading=\"lazy\" decoding=\"async\" width=\"1024\" height=\"683\" data-id=\"14947\" src=\"https:\/\/www.huelvaysusfotografos.com\/wp-content\/uploads\/2025\/07\/Entrega-de-los-premios-del-I-Rally-Fotografico-La-Canastita-entorno-de-la-Finca-El-Bosque-26-1024x683.jpg\" alt=\"\" class=\"wp-image-14947\" srcset=\"https:\/\/www.huelvaysusfotografos.com\/wp-content\/uploads\/2025\/07\/Entrega-de-los-premios-del-I-Rally-Fotografico-La-Canastita-entorno-de-la-Finca-El-Bosque-26-1024x683.jpg 1024w, https:\/\/www.huelvaysusfotografos.com\/wp-content\/uploads\/2025\/07\/Entrega-de-los-premios-del-I-Rally-Fotografico-La-Canastita-entorno-de-la-Finca-El-Bosque-26-300x200.jpg 300w, https:\/\/www.huelvaysusfotografos.com\/wp-content\/uploads\/2025\/07\/Entrega-de-los-premios-del-I-Rally-Fotografico-La-Canastita-entorno-de-la-Finca-El-Bosque-26-768x512.jpg 768w, https:\/\/www.huelvaysusfotografos.com\/wp-content\/uploads\/2025\/07\/Entrega-de-los-premios-del-I-Rally-Fotografico-La-Canastita-entorno-de-la-Finca-El-Bosque-26-1536x1024.jpg 1536w, https:\/\/www.huelvaysusfotografos.com\/wp-content\/uploads\/2025\/07\/Entrega-de-los-premios-del-I-Rally-Fotografico-La-Canastita-entorno-de-la-Finca-El-Bosque-26-2048x1365.jpg 2048w\" sizes=\"auto, (max-width: 1024px) 100vw, 1024px\" \/><\/a><\/figure>\n\n\n\n<figure class=\"wp-block-image size-large\"><a href=\"https:\/\/www.huelvaysusfotografos.com\/wp-content\/uploads\/2025\/07\/Entrega-de-los-premios-del-I-Rally-Fotografico-La-Canastita-entorno-de-la-Finca-El-Bosque-27.jpg\"><img loading=\"lazy\" decoding=\"async\" width=\"1024\" height=\"683\" data-id=\"14949\" src=\"https:\/\/www.huelvaysusfotografos.com\/wp-content\/uploads\/2025\/07\/Entrega-de-los-premios-del-I-Rally-Fotografico-La-Canastita-entorno-de-la-Finca-El-Bosque-27-1024x683.jpg\" alt=\"\" class=\"wp-image-14949\" srcset=\"https:\/\/www.huelvaysusfotografos.com\/wp-content\/uploads\/2025\/07\/Entrega-de-los-premios-del-I-Rally-Fotografico-La-Canastita-entorno-de-la-Finca-El-Bosque-27-1024x683.jpg 1024w, https:\/\/www.huelvaysusfotografos.com\/wp-content\/uploads\/2025\/07\/Entrega-de-los-premios-del-I-Rally-Fotografico-La-Canastita-entorno-de-la-Finca-El-Bosque-27-300x200.jpg 300w, https:\/\/www.huelvaysusfotografos.com\/wp-content\/uploads\/2025\/07\/Entrega-de-los-premios-del-I-Rally-Fotografico-La-Canastita-entorno-de-la-Finca-El-Bosque-27-768x512.jpg 768w, https:\/\/www.huelvaysusfotografos.com\/wp-content\/uploads\/2025\/07\/Entrega-de-los-premios-del-I-Rally-Fotografico-La-Canastita-entorno-de-la-Finca-El-Bosque-27-1536x1024.jpg 1536w, https:\/\/www.huelvaysusfotografos.com\/wp-content\/uploads\/2025\/07\/Entrega-de-los-premios-del-I-Rally-Fotografico-La-Canastita-entorno-de-la-Finca-El-Bosque-27-2048x1365.jpg 2048w\" sizes=\"auto, (max-width: 1024px) 100vw, 1024px\" \/><\/a><\/figure>\n\n\n\n<figure class=\"wp-block-image size-large\"><a href=\"https:\/\/www.huelvaysusfotografos.com\/wp-content\/uploads\/2025\/07\/Entrega-de-los-premios-del-I-Rally-Fotografico-La-Canastita-entorno-de-la-Finca-El-Bosque-28.jpg\"><img loading=\"lazy\" decoding=\"async\" width=\"1024\" height=\"683\" data-id=\"14952\" src=\"https:\/\/www.huelvaysusfotografos.com\/wp-content\/uploads\/2025\/07\/Entrega-de-los-premios-del-I-Rally-Fotografico-La-Canastita-entorno-de-la-Finca-El-Bosque-28-1024x683.jpg\" alt=\"\" class=\"wp-image-14952\" srcset=\"https:\/\/www.huelvaysusfotografos.com\/wp-content\/uploads\/2025\/07\/Entrega-de-los-premios-del-I-Rally-Fotografico-La-Canastita-entorno-de-la-Finca-El-Bosque-28-1024x683.jpg 1024w, https:\/\/www.huelvaysusfotografos.com\/wp-content\/uploads\/2025\/07\/Entrega-de-los-premios-del-I-Rally-Fotografico-La-Canastita-entorno-de-la-Finca-El-Bosque-28-300x200.jpg 300w, https:\/\/www.huelvaysusfotografos.com\/wp-content\/uploads\/2025\/07\/Entrega-de-los-premios-del-I-Rally-Fotografico-La-Canastita-entorno-de-la-Finca-El-Bosque-28-768x512.jpg 768w, https:\/\/www.huelvaysusfotografos.com\/wp-content\/uploads\/2025\/07\/Entrega-de-los-premios-del-I-Rally-Fotografico-La-Canastita-entorno-de-la-Finca-El-Bosque-28-1536x1024.jpg 1536w, https:\/\/www.huelvaysusfotografos.com\/wp-content\/uploads\/2025\/07\/Entrega-de-los-premios-del-I-Rally-Fotografico-La-Canastita-entorno-de-la-Finca-El-Bosque-28-2048x1365.jpg 2048w\" sizes=\"auto, (max-width: 1024px) 100vw, 1024px\" \/><\/a><\/figure>\n\n\n\n<figure class=\"wp-block-image size-large\"><a href=\"https:\/\/www.huelvaysusfotografos.com\/wp-content\/uploads\/2025\/07\/Entrega-de-los-premios-del-I-Rally-Fotografico-La-Canastita-entorno-de-la-Finca-El-Bosque-29.jpg\"><img loading=\"lazy\" decoding=\"async\" width=\"1024\" height=\"683\" data-id=\"14951\" src=\"https:\/\/www.huelvaysusfotografos.com\/wp-content\/uploads\/2025\/07\/Entrega-de-los-premios-del-I-Rally-Fotografico-La-Canastita-entorno-de-la-Finca-El-Bosque-29-1024x683.jpg\" alt=\"\" class=\"wp-image-14951\" srcset=\"https:\/\/www.huelvaysusfotografos.com\/wp-content\/uploads\/2025\/07\/Entrega-de-los-premios-del-I-Rally-Fotografico-La-Canastita-entorno-de-la-Finca-El-Bosque-29-1024x683.jpg 1024w, https:\/\/www.huelvaysusfotografos.com\/wp-content\/uploads\/2025\/07\/Entrega-de-los-premios-del-I-Rally-Fotografico-La-Canastita-entorno-de-la-Finca-El-Bosque-29-300x200.jpg 300w, https:\/\/www.huelvaysusfotografos.com\/wp-content\/uploads\/2025\/07\/Entrega-de-los-premios-del-I-Rally-Fotografico-La-Canastita-entorno-de-la-Finca-El-Bosque-29-768x512.jpg 768w, https:\/\/www.huelvaysusfotografos.com\/wp-content\/uploads\/2025\/07\/Entrega-de-los-premios-del-I-Rally-Fotografico-La-Canastita-entorno-de-la-Finca-El-Bosque-29-1536x1024.jpg 1536w, https:\/\/www.huelvaysusfotografos.com\/wp-content\/uploads\/2025\/07\/Entrega-de-los-premios-del-I-Rally-Fotografico-La-Canastita-entorno-de-la-Finca-El-Bosque-29-2048x1365.jpg 2048w\" sizes=\"auto, (max-width: 1024px) 100vw, 1024px\" \/><\/a><\/figure>\n\n\n\n<figure class=\"wp-block-image size-large\"><a href=\"https:\/\/www.huelvaysusfotografos.com\/wp-content\/uploads\/2025\/07\/Entrega-de-los-premios-del-I-Rally-Fotografico-La-Canastita-entorno-de-la-Finca-El-Bosque-30.jpg\"><img loading=\"lazy\" decoding=\"async\" width=\"1024\" height=\"683\" data-id=\"14950\" src=\"https:\/\/www.huelvaysusfotografos.com\/wp-content\/uploads\/2025\/07\/Entrega-de-los-premios-del-I-Rally-Fotografico-La-Canastita-entorno-de-la-Finca-El-Bosque-30-1024x683.jpg\" alt=\"\" class=\"wp-image-14950\" srcset=\"https:\/\/www.huelvaysusfotografos.com\/wp-content\/uploads\/2025\/07\/Entrega-de-los-premios-del-I-Rally-Fotografico-La-Canastita-entorno-de-la-Finca-El-Bosque-30-1024x683.jpg 1024w, https:\/\/www.huelvaysusfotografos.com\/wp-content\/uploads\/2025\/07\/Entrega-de-los-premios-del-I-Rally-Fotografico-La-Canastita-entorno-de-la-Finca-El-Bosque-30-300x200.jpg 300w, https:\/\/www.huelvaysusfotografos.com\/wp-content\/uploads\/2025\/07\/Entrega-de-los-premios-del-I-Rally-Fotografico-La-Canastita-entorno-de-la-Finca-El-Bosque-30-768x512.jpg 768w, https:\/\/www.huelvaysusfotografos.com\/wp-content\/uploads\/2025\/07\/Entrega-de-los-premios-del-I-Rally-Fotografico-La-Canastita-entorno-de-la-Finca-El-Bosque-30-1536x1024.jpg 1536w, https:\/\/www.huelvaysusfotografos.com\/wp-content\/uploads\/2025\/07\/Entrega-de-los-premios-del-I-Rally-Fotografico-La-Canastita-entorno-de-la-Finca-El-Bosque-30-2048x1365.jpg 2048w\" sizes=\"auto, (max-width: 1024px) 100vw, 1024px\" \/><\/a><\/figure>\n\n\n\n<figure class=\"wp-block-image size-large\"><a href=\"https:\/\/www.huelvaysusfotografos.com\/wp-content\/uploads\/2025\/07\/Entrega-de-los-premios-del-I-Rally-Fotografico-La-Canastita-entorno-de-la-Finca-El-Bosque-31.jpg\"><img loading=\"lazy\" decoding=\"async\" width=\"1024\" height=\"683\" data-id=\"14954\" src=\"https:\/\/www.huelvaysusfotografos.com\/wp-content\/uploads\/2025\/07\/Entrega-de-los-premios-del-I-Rally-Fotografico-La-Canastita-entorno-de-la-Finca-El-Bosque-31-1024x683.jpg\" alt=\"\" class=\"wp-image-14954\" srcset=\"https:\/\/www.huelvaysusfotografos.com\/wp-content\/uploads\/2025\/07\/Entrega-de-los-premios-del-I-Rally-Fotografico-La-Canastita-entorno-de-la-Finca-El-Bosque-31-1024x683.jpg 1024w, https:\/\/www.huelvaysusfotografos.com\/wp-content\/uploads\/2025\/07\/Entrega-de-los-premios-del-I-Rally-Fotografico-La-Canastita-entorno-de-la-Finca-El-Bosque-31-300x200.jpg 300w, https:\/\/www.huelvaysusfotografos.com\/wp-content\/uploads\/2025\/07\/Entrega-de-los-premios-del-I-Rally-Fotografico-La-Canastita-entorno-de-la-Finca-El-Bosque-31-768x512.jpg 768w, https:\/\/www.huelvaysusfotografos.com\/wp-content\/uploads\/2025\/07\/Entrega-de-los-premios-del-I-Rally-Fotografico-La-Canastita-entorno-de-la-Finca-El-Bosque-31-1536x1024.jpg 1536w, https:\/\/www.huelvaysusfotografos.com\/wp-content\/uploads\/2025\/07\/Entrega-de-los-premios-del-I-Rally-Fotografico-La-Canastita-entorno-de-la-Finca-El-Bosque-31-2048x1365.jpg 2048w\" sizes=\"auto, (max-width: 1024px) 100vw, 1024px\" \/><\/a><\/figure>\n\n\n\n<figure class=\"wp-block-image size-large\"><a href=\"https:\/\/www.huelvaysusfotografos.com\/wp-content\/uploads\/2025\/07\/Entrega-de-los-premios-del-I-Rally-Fotografico-La-Canastita-entorno-de-la-Finca-El-Bosque-32.jpg\"><img loading=\"lazy\" decoding=\"async\" width=\"1024\" height=\"683\" data-id=\"14953\" src=\"https:\/\/www.huelvaysusfotografos.com\/wp-content\/uploads\/2025\/07\/Entrega-de-los-premios-del-I-Rally-Fotografico-La-Canastita-entorno-de-la-Finca-El-Bosque-32-1024x683.jpg\" alt=\"\" class=\"wp-image-14953\" srcset=\"https:\/\/www.huelvaysusfotografos.com\/wp-content\/uploads\/2025\/07\/Entrega-de-los-premios-del-I-Rally-Fotografico-La-Canastita-entorno-de-la-Finca-El-Bosque-32-1024x683.jpg 1024w, https:\/\/www.huelvaysusfotografos.com\/wp-content\/uploads\/2025\/07\/Entrega-de-los-premios-del-I-Rally-Fotografico-La-Canastita-entorno-de-la-Finca-El-Bosque-32-300x200.jpg 300w, https:\/\/www.huelvaysusfotografos.com\/wp-content\/uploads\/2025\/07\/Entrega-de-los-premios-del-I-Rally-Fotografico-La-Canastita-entorno-de-la-Finca-El-Bosque-32-768x512.jpg 768w, https:\/\/www.huelvaysusfotografos.com\/wp-content\/uploads\/2025\/07\/Entrega-de-los-premios-del-I-Rally-Fotografico-La-Canastita-entorno-de-la-Finca-El-Bosque-32-1536x1024.jpg 1536w, https:\/\/www.huelvaysusfotografos.com\/wp-content\/uploads\/2025\/07\/Entrega-de-los-premios-del-I-Rally-Fotografico-La-Canastita-entorno-de-la-Finca-El-Bosque-32-2048x1365.jpg 2048w\" sizes=\"auto, (max-width: 1024px) 100vw, 1024px\" \/><\/a><\/figure>\n\n\n\n<figure class=\"wp-block-image size-large\"><a href=\"https:\/\/www.huelvaysusfotografos.com\/wp-content\/uploads\/2025\/07\/Entrega-de-los-premios-del-I-Rally-Fotografico-La-Canastita-entorno-de-la-Finca-El-Bosque-33.jpg\"><img loading=\"lazy\" decoding=\"async\" width=\"1024\" height=\"683\" data-id=\"14955\" src=\"https:\/\/www.huelvaysusfotografos.com\/wp-content\/uploads\/2025\/07\/Entrega-de-los-premios-del-I-Rally-Fotografico-La-Canastita-entorno-de-la-Finca-El-Bosque-33-1024x683.jpg\" alt=\"\" class=\"wp-image-14955\" srcset=\"https:\/\/www.huelvaysusfotografos.com\/wp-content\/uploads\/2025\/07\/Entrega-de-los-premios-del-I-Rally-Fotografico-La-Canastita-entorno-de-la-Finca-El-Bosque-33-1024x683.jpg 1024w, https:\/\/www.huelvaysusfotografos.com\/wp-content\/uploads\/2025\/07\/Entrega-de-los-premios-del-I-Rally-Fotografico-La-Canastita-entorno-de-la-Finca-El-Bosque-33-300x200.jpg 300w, https:\/\/www.huelvaysusfotografos.com\/wp-content\/uploads\/2025\/07\/Entrega-de-los-premios-del-I-Rally-Fotografico-La-Canastita-entorno-de-la-Finca-El-Bosque-33-768x512.jpg 768w, https:\/\/www.huelvaysusfotografos.com\/wp-content\/uploads\/2025\/07\/Entrega-de-los-premios-del-I-Rally-Fotografico-La-Canastita-entorno-de-la-Finca-El-Bosque-33-1536x1024.jpg 1536w, https:\/\/www.huelvaysusfotografos.com\/wp-content\/uploads\/2025\/07\/Entrega-de-los-premios-del-I-Rally-Fotografico-La-Canastita-entorno-de-la-Finca-El-Bosque-33-2048x1365.jpg 2048w\" sizes=\"auto, (max-width: 1024px) 100vw, 1024px\" \/><\/a><\/figure>\n\n\n\n<figure class=\"wp-block-image size-large\"><a href=\"https:\/\/www.huelvaysusfotografos.com\/wp-content\/uploads\/2025\/07\/Entrega-de-los-premios-del-I-Rally-Fotografico-La-Canastita-entorno-de-la-Finca-El-Bosque-34.jpg\"><img loading=\"lazy\" decoding=\"async\" width=\"1024\" height=\"683\" data-id=\"14956\" src=\"https:\/\/www.huelvaysusfotografos.com\/wp-content\/uploads\/2025\/07\/Entrega-de-los-premios-del-I-Rally-Fotografico-La-Canastita-entorno-de-la-Finca-El-Bosque-34-1024x683.jpg\" alt=\"\" class=\"wp-image-14956\" srcset=\"https:\/\/www.huelvaysusfotografos.com\/wp-content\/uploads\/2025\/07\/Entrega-de-los-premios-del-I-Rally-Fotografico-La-Canastita-entorno-de-la-Finca-El-Bosque-34-1024x683.jpg 1024w, https:\/\/www.huelvaysusfotografos.com\/wp-content\/uploads\/2025\/07\/Entrega-de-los-premios-del-I-Rally-Fotografico-La-Canastita-entorno-de-la-Finca-El-Bosque-34-300x200.jpg 300w, https:\/\/www.huelvaysusfotografos.com\/wp-content\/uploads\/2025\/07\/Entrega-de-los-premios-del-I-Rally-Fotografico-La-Canastita-entorno-de-la-Finca-El-Bosque-34-768x512.jpg 768w, https:\/\/www.huelvaysusfotografos.com\/wp-content\/uploads\/2025\/07\/Entrega-de-los-premios-del-I-Rally-Fotografico-La-Canastita-entorno-de-la-Finca-El-Bosque-34-1536x1024.jpg 1536w, https:\/\/www.huelvaysusfotografos.com\/wp-content\/uploads\/2025\/07\/Entrega-de-los-premios-del-I-Rally-Fotografico-La-Canastita-entorno-de-la-Finca-El-Bosque-34-2048x1365.jpg 2048w\" sizes=\"auto, (max-width: 1024px) 100vw, 1024px\" \/><\/a><\/figure>\n\n\n\n<figure class=\"wp-block-image size-large\"><a href=\"https:\/\/www.huelvaysusfotografos.com\/wp-content\/uploads\/2025\/07\/Entrega-de-los-premios-del-I-Rally-Fotografico-La-Canastita-entorno-de-la-Finca-El-Bosque-35.jpg\"><img loading=\"lazy\" decoding=\"async\" width=\"1024\" height=\"683\" data-id=\"14958\" src=\"https:\/\/www.huelvaysusfotografos.com\/wp-content\/uploads\/2025\/07\/Entrega-de-los-premios-del-I-Rally-Fotografico-La-Canastita-entorno-de-la-Finca-El-Bosque-35-1024x683.jpg\" alt=\"\" class=\"wp-image-14958\" srcset=\"https:\/\/www.huelvaysusfotografos.com\/wp-content\/uploads\/2025\/07\/Entrega-de-los-premios-del-I-Rally-Fotografico-La-Canastita-entorno-de-la-Finca-El-Bosque-35-1024x683.jpg 1024w, https:\/\/www.huelvaysusfotografos.com\/wp-content\/uploads\/2025\/07\/Entrega-de-los-premios-del-I-Rally-Fotografico-La-Canastita-entorno-de-la-Finca-El-Bosque-35-300x200.jpg 300w, https:\/\/www.huelvaysusfotografos.com\/wp-content\/uploads\/2025\/07\/Entrega-de-los-premios-del-I-Rally-Fotografico-La-Canastita-entorno-de-la-Finca-El-Bosque-35-768x512.jpg 768w, https:\/\/www.huelvaysusfotografos.com\/wp-content\/uploads\/2025\/07\/Entrega-de-los-premios-del-I-Rally-Fotografico-La-Canastita-entorno-de-la-Finca-El-Bosque-35-1536x1024.jpg 1536w, https:\/\/www.huelvaysusfotografos.com\/wp-content\/uploads\/2025\/07\/Entrega-de-los-premios-del-I-Rally-Fotografico-La-Canastita-entorno-de-la-Finca-El-Bosque-35-2048x1365.jpg 2048w\" sizes=\"auto, (max-width: 1024px) 100vw, 1024px\" \/><\/a><\/figure>\n\n\n\n<figure class=\"wp-block-image size-large\"><a href=\"https:\/\/www.huelvaysusfotografos.com\/wp-content\/uploads\/2025\/07\/Entrega-de-los-premios-del-I-Rally-Fotografico-La-Canastita-entorno-de-la-Finca-El-Bosque-36.jpg\"><img loading=\"lazy\" decoding=\"async\" width=\"1024\" height=\"683\" data-id=\"14957\" src=\"https:\/\/www.huelvaysusfotografos.com\/wp-content\/uploads\/2025\/07\/Entrega-de-los-premios-del-I-Rally-Fotografico-La-Canastita-entorno-de-la-Finca-El-Bosque-36-1024x683.jpg\" alt=\"\" class=\"wp-image-14957\" srcset=\"https:\/\/www.huelvaysusfotografos.com\/wp-content\/uploads\/2025\/07\/Entrega-de-los-premios-del-I-Rally-Fotografico-La-Canastita-entorno-de-la-Finca-El-Bosque-36-1024x683.jpg 1024w, https:\/\/www.huelvaysusfotografos.com\/wp-content\/uploads\/2025\/07\/Entrega-de-los-premios-del-I-Rally-Fotografico-La-Canastita-entorno-de-la-Finca-El-Bosque-36-300x200.jpg 300w, https:\/\/www.huelvaysusfotografos.com\/wp-content\/uploads\/2025\/07\/Entrega-de-los-premios-del-I-Rally-Fotografico-La-Canastita-entorno-de-la-Finca-El-Bosque-36-768x512.jpg 768w, https:\/\/www.huelvaysusfotografos.com\/wp-content\/uploads\/2025\/07\/Entrega-de-los-premios-del-I-Rally-Fotografico-La-Canastita-entorno-de-la-Finca-El-Bosque-36-1536x1024.jpg 1536w, https:\/\/www.huelvaysusfotografos.com\/wp-content\/uploads\/2025\/07\/Entrega-de-los-premios-del-I-Rally-Fotografico-La-Canastita-entorno-de-la-Finca-El-Bosque-36-2048x1365.jpg 2048w\" sizes=\"auto, (max-width: 1024px) 100vw, 1024px\" \/><\/a><\/figure>\n\n\n\n<figure class=\"wp-block-image size-large\"><a href=\"https:\/\/www.huelvaysusfotografos.com\/wp-content\/uploads\/2025\/07\/Entrega-de-los-premios-del-I-Rally-Fotografico-La-Canastita-entorno-de-la-Finca-El-Bosque-37.jpg\"><img loading=\"lazy\" decoding=\"async\" width=\"1024\" height=\"683\" data-id=\"14959\" src=\"https:\/\/www.huelvaysusfotografos.com\/wp-content\/uploads\/2025\/07\/Entrega-de-los-premios-del-I-Rally-Fotografico-La-Canastita-entorno-de-la-Finca-El-Bosque-37-1024x683.jpg\" alt=\"\" class=\"wp-image-14959\" srcset=\"https:\/\/www.huelvaysusfotografos.com\/wp-content\/uploads\/2025\/07\/Entrega-de-los-premios-del-I-Rally-Fotografico-La-Canastita-entorno-de-la-Finca-El-Bosque-37-1024x683.jpg 1024w, https:\/\/www.huelvaysusfotografos.com\/wp-content\/uploads\/2025\/07\/Entrega-de-los-premios-del-I-Rally-Fotografico-La-Canastita-entorno-de-la-Finca-El-Bosque-37-300x200.jpg 300w, https:\/\/www.huelvaysusfotografos.com\/wp-content\/uploads\/2025\/07\/Entrega-de-los-premios-del-I-Rally-Fotografico-La-Canastita-entorno-de-la-Finca-El-Bosque-37-768x512.jpg 768w, https:\/\/www.huelvaysusfotografos.com\/wp-content\/uploads\/2025\/07\/Entrega-de-los-premios-del-I-Rally-Fotografico-La-Canastita-entorno-de-la-Finca-El-Bosque-37-1536x1024.jpg 1536w, https:\/\/www.huelvaysusfotografos.com\/wp-content\/uploads\/2025\/07\/Entrega-de-los-premios-del-I-Rally-Fotografico-La-Canastita-entorno-de-la-Finca-El-Bosque-37-2048x1365.jpg 2048w\" sizes=\"auto, (max-width: 1024px) 100vw, 1024px\" \/><\/a><\/figure>\n\n\n\n<figure class=\"wp-block-image size-large\"><a href=\"https:\/\/www.huelvaysusfotografos.com\/wp-content\/uploads\/2025\/07\/Entrega-de-los-premios-del-I-Rally-Fotografico-La-Canastita-entorno-de-la-Finca-El-Bosque-38.jpg\"><img loading=\"lazy\" decoding=\"async\" width=\"1024\" height=\"683\" data-id=\"14960\" src=\"https:\/\/www.huelvaysusfotografos.com\/wp-content\/uploads\/2025\/07\/Entrega-de-los-premios-del-I-Rally-Fotografico-La-Canastita-entorno-de-la-Finca-El-Bosque-38-1024x683.jpg\" alt=\"\" class=\"wp-image-14960\" srcset=\"https:\/\/www.huelvaysusfotografos.com\/wp-content\/uploads\/2025\/07\/Entrega-de-los-premios-del-I-Rally-Fotografico-La-Canastita-entorno-de-la-Finca-El-Bosque-38-1024x683.jpg 1024w, https:\/\/www.huelvaysusfotografos.com\/wp-content\/uploads\/2025\/07\/Entrega-de-los-premios-del-I-Rally-Fotografico-La-Canastita-entorno-de-la-Finca-El-Bosque-38-300x200.jpg 300w, https:\/\/www.huelvaysusfotografos.com\/wp-content\/uploads\/2025\/07\/Entrega-de-los-premios-del-I-Rally-Fotografico-La-Canastita-entorno-de-la-Finca-El-Bosque-38-768x512.jpg 768w, https:\/\/www.huelvaysusfotografos.com\/wp-content\/uploads\/2025\/07\/Entrega-de-los-premios-del-I-Rally-Fotografico-La-Canastita-entorno-de-la-Finca-El-Bosque-38-1536x1024.jpg 1536w, https:\/\/www.huelvaysusfotografos.com\/wp-content\/uploads\/2025\/07\/Entrega-de-los-premios-del-I-Rally-Fotografico-La-Canastita-entorno-de-la-Finca-El-Bosque-38-2048x1365.jpg 2048w\" sizes=\"auto, (max-width: 1024px) 100vw, 1024px\" \/><\/a><\/figure>\n\n\n\n<figure class=\"wp-block-image size-large\"><a href=\"https:\/\/www.huelvaysusfotografos.com\/wp-content\/uploads\/2025\/07\/Entrega-de-los-premios-del-I-Rally-Fotografico-La-Canastita-entorno-de-la-Finca-El-Bosque-39.jpg\"><img loading=\"lazy\" decoding=\"async\" width=\"1024\" height=\"683\" data-id=\"14961\" src=\"https:\/\/www.huelvaysusfotografos.com\/wp-content\/uploads\/2025\/07\/Entrega-de-los-premios-del-I-Rally-Fotografico-La-Canastita-entorno-de-la-Finca-El-Bosque-39-1024x683.jpg\" alt=\"\" class=\"wp-image-14961\" srcset=\"https:\/\/www.huelvaysusfotografos.com\/wp-content\/uploads\/2025\/07\/Entrega-de-los-premios-del-I-Rally-Fotografico-La-Canastita-entorno-de-la-Finca-El-Bosque-39-1024x683.jpg 1024w, https:\/\/www.huelvaysusfotografos.com\/wp-content\/uploads\/2025\/07\/Entrega-de-los-premios-del-I-Rally-Fotografico-La-Canastita-entorno-de-la-Finca-El-Bosque-39-300x200.jpg 300w, https:\/\/www.huelvaysusfotografos.com\/wp-content\/uploads\/2025\/07\/Entrega-de-los-premios-del-I-Rally-Fotografico-La-Canastita-entorno-de-la-Finca-El-Bosque-39-768x512.jpg 768w, https:\/\/www.huelvaysusfotografos.com\/wp-content\/uploads\/2025\/07\/Entrega-de-los-premios-del-I-Rally-Fotografico-La-Canastita-entorno-de-la-Finca-El-Bosque-39-1536x1024.jpg 1536w, https:\/\/www.huelvaysusfotografos.com\/wp-content\/uploads\/2025\/07\/Entrega-de-los-premios-del-I-Rally-Fotografico-La-Canastita-entorno-de-la-Finca-El-Bosque-39-2048x1365.jpg 2048w\" sizes=\"auto, (max-width: 1024px) 100vw, 1024px\" \/><\/a><\/figure>\n\n\n\n<figure class=\"wp-block-image size-large\"><a href=\"https:\/\/www.huelvaysusfotografos.com\/wp-content\/uploads\/2025\/07\/Entrega-de-los-premios-del-I-Rally-Fotografico-La-Canastita-entorno-de-la-Finca-El-Bosque-40.jpg\"><img loading=\"lazy\" decoding=\"async\" width=\"1024\" height=\"683\" data-id=\"14962\" src=\"https:\/\/www.huelvaysusfotografos.com\/wp-content\/uploads\/2025\/07\/Entrega-de-los-premios-del-I-Rally-Fotografico-La-Canastita-entorno-de-la-Finca-El-Bosque-40-1024x683.jpg\" alt=\"\" class=\"wp-image-14962\" srcset=\"https:\/\/www.huelvaysusfotografos.com\/wp-content\/uploads\/2025\/07\/Entrega-de-los-premios-del-I-Rally-Fotografico-La-Canastita-entorno-de-la-Finca-El-Bosque-40-1024x683.jpg 1024w, https:\/\/www.huelvaysusfotografos.com\/wp-content\/uploads\/2025\/07\/Entrega-de-los-premios-del-I-Rally-Fotografico-La-Canastita-entorno-de-la-Finca-El-Bosque-40-300x200.jpg 300w, https:\/\/www.huelvaysusfotografos.com\/wp-content\/uploads\/2025\/07\/Entrega-de-los-premios-del-I-Rally-Fotografico-La-Canastita-entorno-de-la-Finca-El-Bosque-40-768x512.jpg 768w, https:\/\/www.huelvaysusfotografos.com\/wp-content\/uploads\/2025\/07\/Entrega-de-los-premios-del-I-Rally-Fotografico-La-Canastita-entorno-de-la-Finca-El-Bosque-40-1536x1024.jpg 1536w, https:\/\/www.huelvaysusfotografos.com\/wp-content\/uploads\/2025\/07\/Entrega-de-los-premios-del-I-Rally-Fotografico-La-Canastita-entorno-de-la-Finca-El-Bosque-40-2048x1365.jpg 2048w\" sizes=\"auto, (max-width: 1024px) 100vw, 1024px\" \/><\/a><\/figure>\n\n\n\n<figure class=\"wp-block-image size-large\"><a href=\"https:\/\/www.huelvaysusfotografos.com\/wp-content\/uploads\/2025\/07\/Entrega-de-los-premios-del-I-Rally-Fotografico-La-Canastita-entorno-de-la-Finca-El-Bosque-41.jpg\"><img loading=\"lazy\" decoding=\"async\" width=\"1024\" height=\"683\" data-id=\"14963\" src=\"https:\/\/www.huelvaysusfotografos.com\/wp-content\/uploads\/2025\/07\/Entrega-de-los-premios-del-I-Rally-Fotografico-La-Canastita-entorno-de-la-Finca-El-Bosque-41-1024x683.jpg\" alt=\"\" class=\"wp-image-14963\" srcset=\"https:\/\/www.huelvaysusfotografos.com\/wp-content\/uploads\/2025\/07\/Entrega-de-los-premios-del-I-Rally-Fotografico-La-Canastita-entorno-de-la-Finca-El-Bosque-41-1024x683.jpg 1024w, https:\/\/www.huelvaysusfotografos.com\/wp-content\/uploads\/2025\/07\/Entrega-de-los-premios-del-I-Rally-Fotografico-La-Canastita-entorno-de-la-Finca-El-Bosque-41-300x200.jpg 300w, https:\/\/www.huelvaysusfotografos.com\/wp-content\/uploads\/2025\/07\/Entrega-de-los-premios-del-I-Rally-Fotografico-La-Canastita-entorno-de-la-Finca-El-Bosque-41-768x512.jpg 768w, https:\/\/www.huelvaysusfotografos.com\/wp-content\/uploads\/2025\/07\/Entrega-de-los-premios-del-I-Rally-Fotografico-La-Canastita-entorno-de-la-Finca-El-Bosque-41-1536x1024.jpg 1536w, https:\/\/www.huelvaysusfotografos.com\/wp-content\/uploads\/2025\/07\/Entrega-de-los-premios-del-I-Rally-Fotografico-La-Canastita-entorno-de-la-Finca-El-Bosque-41-2048x1365.jpg 2048w\" sizes=\"auto, (max-width: 1024px) 100vw, 1024px\" \/><\/a><\/figure>\n\n\n\n<figure class=\"wp-block-image size-large\"><a href=\"https:\/\/www.huelvaysusfotografos.com\/wp-content\/uploads\/2025\/07\/Entrega-de-los-premios-del-I-Rally-Fotografico-La-Canastita-entorno-de-la-Finca-El-Bosque-42.jpg\"><img loading=\"lazy\" decoding=\"async\" width=\"1024\" height=\"683\" data-id=\"14964\" src=\"https:\/\/www.huelvaysusfotografos.com\/wp-content\/uploads\/2025\/07\/Entrega-de-los-premios-del-I-Rally-Fotografico-La-Canastita-entorno-de-la-Finca-El-Bosque-42-1024x683.jpg\" alt=\"\" class=\"wp-image-14964\" srcset=\"https:\/\/www.huelvaysusfotografos.com\/wp-content\/uploads\/2025\/07\/Entrega-de-los-premios-del-I-Rally-Fotografico-La-Canastita-entorno-de-la-Finca-El-Bosque-42-1024x683.jpg 1024w, https:\/\/www.huelvaysusfotografos.com\/wp-content\/uploads\/2025\/07\/Entrega-de-los-premios-del-I-Rally-Fotografico-La-Canastita-entorno-de-la-Finca-El-Bosque-42-300x200.jpg 300w, https:\/\/www.huelvaysusfotografos.com\/wp-content\/uploads\/2025\/07\/Entrega-de-los-premios-del-I-Rally-Fotografico-La-Canastita-entorno-de-la-Finca-El-Bosque-42-768x512.jpg 768w, https:\/\/www.huelvaysusfotografos.com\/wp-content\/uploads\/2025\/07\/Entrega-de-los-premios-del-I-Rally-Fotografico-La-Canastita-entorno-de-la-Finca-El-Bosque-42-1536x1024.jpg 1536w, https:\/\/www.huelvaysusfotografos.com\/wp-content\/uploads\/2025\/07\/Entrega-de-los-premios-del-I-Rally-Fotografico-La-Canastita-entorno-de-la-Finca-El-Bosque-42-2048x1365.jpg 2048w\" sizes=\"auto, (max-width: 1024px) 100vw, 1024px\" \/><\/a><\/figure>\n\n\n\n<figure class=\"wp-block-image size-large\"><a href=\"https:\/\/www.huelvaysusfotografos.com\/wp-content\/uploads\/2025\/07\/Entrega-de-los-premios-del-I-Rally-Fotografico-La-Canastita-entorno-de-la-Finca-El-Bosque-43.jpg\"><img loading=\"lazy\" decoding=\"async\" width=\"1024\" height=\"683\" data-id=\"14965\" src=\"https:\/\/www.huelvaysusfotografos.com\/wp-content\/uploads\/2025\/07\/Entrega-de-los-premios-del-I-Rally-Fotografico-La-Canastita-entorno-de-la-Finca-El-Bosque-43-1024x683.jpg\" alt=\"\" class=\"wp-image-14965\" srcset=\"https:\/\/www.huelvaysusfotografos.com\/wp-content\/uploads\/2025\/07\/Entrega-de-los-premios-del-I-Rally-Fotografico-La-Canastita-entorno-de-la-Finca-El-Bosque-43-1024x683.jpg 1024w, https:\/\/www.huelvaysusfotografos.com\/wp-content\/uploads\/2025\/07\/Entrega-de-los-premios-del-I-Rally-Fotografico-La-Canastita-entorno-de-la-Finca-El-Bosque-43-300x200.jpg 300w, https:\/\/www.huelvaysusfotografos.com\/wp-content\/uploads\/2025\/07\/Entrega-de-los-premios-del-I-Rally-Fotografico-La-Canastita-entorno-de-la-Finca-El-Bosque-43-768x512.jpg 768w, https:\/\/www.huelvaysusfotografos.com\/wp-content\/uploads\/2025\/07\/Entrega-de-los-premios-del-I-Rally-Fotografico-La-Canastita-entorno-de-la-Finca-El-Bosque-43-1536x1024.jpg 1536w, https:\/\/www.huelvaysusfotografos.com\/wp-content\/uploads\/2025\/07\/Entrega-de-los-premios-del-I-Rally-Fotografico-La-Canastita-entorno-de-la-Finca-El-Bosque-43-2048x1365.jpg 2048w\" sizes=\"auto, (max-width: 1024px) 100vw, 1024px\" \/><\/a><\/figure>\n<\/figure>\n\n\n\n<p><\/p>\n","protected":false},"excerpt":{"rendered":"<p>\u201cLos premios del I Rally Fotogr\u00e1fico reconocen una mirada art\u00edstica y comprometida sobre el paisaje, la biodiversidad y el cultivo sostenible que definen el legado de La Canastita\u201d. En el marco de su 125 aniversario, La Canastita a\u00f1ade una nueva celebraci\u00f3n a su calendario con la entrega de premios del I Rally Fotogr\u00e1fico, una iniciativa que ha reunido a fot\u00f3grafos para rendir homenaje al territorio que ha acompa\u00f1ado a la<\/p>\n<div class=\"belowpost\"><a class=\"btnmore\" href=\"https:\/\/www.huelvaysusfotografos.com\/?p=14923\">Seguir leyendo<\/a><\/div>\n","protected":false},"author":8279,"featured_media":14924,"comment_status":"open","ping_status":"open","sticky":false,"template":"","format":"standard","meta":{"footnotes":"","_links_to":"","_links_to_target":""},"categories":[12],"tags":[],"class_list":["post-14923","post","type-post","status-publish","format-standard","has-post-thumbnail","hentry","category-concursos"],"_links":{"self":[{"href":"https:\/\/www.huelvaysusfotografos.com\/index.php?rest_route=\/wp\/v2\/posts\/14923","targetHints":{"allow":["GET"]}}],"collection":[{"href":"https:\/\/www.huelvaysusfotografos.com\/index.php?rest_route=\/wp\/v2\/posts"}],"about":[{"href":"https:\/\/www.huelvaysusfotografos.com\/index.php?rest_route=\/wp\/v2\/types\/post"}],"author":[{"embeddable":true,"href":"https:\/\/www.huelvaysusfotografos.com\/index.php?rest_route=\/wp\/v2\/users\/8279"}],"replies":[{"embeddable":true,"href":"https:\/\/www.huelvaysusfotografos.com\/index.php?rest_route=%2Fwp%2Fv2%2Fcomments&post=14923"}],"version-history":[{"count":2,"href":"https:\/\/www.huelvaysusfotografos.com\/index.php?rest_route=\/wp\/v2\/posts\/14923\/revisions"}],"predecessor-version":[{"id":14997,"href":"https:\/\/www.huelvaysusfotografos.com\/index.php?rest_route=\/wp\/v2\/posts\/14923\/revisions\/14997"}],"wp:featuredmedia":[{"embeddable":true,"href":"https:\/\/www.huelvaysusfotografos.com\/index.php?rest_route=\/wp\/v2\/media\/14924"}],"wp:attachment":[{"href":"https:\/\/www.huelvaysusfotografos.com\/index.php?rest_route=%2Fwp%2Fv2%2Fmedia&parent=14923"}],"wp:term":[{"taxonomy":"category","embeddable":true,"href":"https:\/\/www.huelvaysusfotografos.com\/index.php?rest_route=%2Fwp%2Fv2%2Fcategories&post=14923"},{"taxonomy":"post_tag","embeddable":true,"href":"https:\/\/www.huelvaysusfotografos.com\/index.php?rest_route=%2Fwp%2Fv2%2Ftags&post=14923"}],"curies":[{"name":"wp","href":"https:\/\/api.w.org\/{rel}","templated":true}]}}