{"id":14902,"date":"2025-06-28T15:02:58","date_gmt":"2025-06-28T13:02:58","guid":{"rendered":"https:\/\/www.huelvaysusfotografos.com\/?p=14902"},"modified":"2025-06-28T15:02:58","modified_gmt":"2025-06-28T13:02:58","slug":"definidos-los-premios-del-i-rally-fotografico-del-entorno-de-la-finca-el-bosque","status":"publish","type":"post","link":"https:\/\/www.huelvaysusfotografos.com\/?p=14902","title":{"rendered":"Definidos los premios del I Rally Fotogr\u00e1fico del Entorno de la Finca El Bosque"},"content":{"rendered":"\n<p>Nos dirigimos a vosotros para trasladar formalmente el fallo del jurado correspondiente al&nbsp;<strong>I Rally Fotogr\u00e1fico del Entorno de la Finca El Bosque<\/strong>, organizado por&nbsp;<strong>La Canastita<\/strong>, en colaboraci\u00f3n con la&nbsp;<strong>Asociaci\u00f3n Huelva y sus Fot\u00f3grafos<\/strong>.<\/p>\n\n\n\n<p>Una vez evaluadas las obras conforme a los criterios establecidos en las bases reguladoras del certamen, y tras el proceso de deliberaci\u00f3n correspondiente, se procede a comunicar los nombres de las personas galardonadas:<\/p>\n\n\n\n<ul class=\"wp-block-list\">\n<li><strong>Premio Carrete 125 Aniversario<\/strong>\u00a0(al conjunto de las cinco mejores fotograf\u00edas):<br><strong>Susana Leitao Guerreiro<\/strong><\/li>\n<\/ul>\n\n\n\n<figure class=\"wp-block-gallery has-nested-images columns-default is-cropped wp-block-gallery-1 is-layout-flex wp-block-gallery-is-layout-flex\">\n<figure class=\"wp-block-image size-large\"><a href=\"https:\/\/www.huelvaysusfotografos.com\/wp-content\/uploads\/2025\/06\/1-scaled.jpg\"><img loading=\"lazy\" decoding=\"async\" width=\"1024\" height=\"683\" data-id=\"14905\" src=\"https:\/\/www.huelvaysusfotografos.com\/wp-content\/uploads\/2025\/06\/1-1024x683.jpg\" alt=\"\" class=\"wp-image-14905\" srcset=\"https:\/\/www.huelvaysusfotografos.com\/wp-content\/uploads\/2025\/06\/1-1024x683.jpg 1024w, https:\/\/www.huelvaysusfotografos.com\/wp-content\/uploads\/2025\/06\/1-300x200.jpg 300w, https:\/\/www.huelvaysusfotografos.com\/wp-content\/uploads\/2025\/06\/1-768x512.jpg 768w, https:\/\/www.huelvaysusfotografos.com\/wp-content\/uploads\/2025\/06\/1-1536x1024.jpg 1536w, https:\/\/www.huelvaysusfotografos.com\/wp-content\/uploads\/2025\/06\/1-2048x1365.jpg 2048w\" sizes=\"auto, (max-width: 1024px) 100vw, 1024px\" \/><\/a><\/figure>\n\n\n\n<figure class=\"wp-block-image size-large\"><a href=\"https:\/\/www.huelvaysusfotografos.com\/wp-content\/uploads\/2025\/06\/2-scaled.jpg\"><img loading=\"lazy\" decoding=\"async\" width=\"683\" height=\"1024\" data-id=\"14904\" src=\"https:\/\/www.huelvaysusfotografos.com\/wp-content\/uploads\/2025\/06\/2-683x1024.jpg\" alt=\"\" class=\"wp-image-14904\" srcset=\"https:\/\/www.huelvaysusfotografos.com\/wp-content\/uploads\/2025\/06\/2-683x1024.jpg 683w, https:\/\/www.huelvaysusfotografos.com\/wp-content\/uploads\/2025\/06\/2-200x300.jpg 200w, https:\/\/www.huelvaysusfotografos.com\/wp-content\/uploads\/2025\/06\/2-768x1152.jpg 768w, https:\/\/www.huelvaysusfotografos.com\/wp-content\/uploads\/2025\/06\/2-1024x1536.jpg 1024w, https:\/\/www.huelvaysusfotografos.com\/wp-content\/uploads\/2025\/06\/2-1365x2048.jpg 1365w, https:\/\/www.huelvaysusfotografos.com\/wp-content\/uploads\/2025\/06\/2-scaled.jpg 1707w\" sizes=\"auto, (max-width: 683px) 100vw, 683px\" \/><\/a><\/figure>\n\n\n\n<figure class=\"wp-block-image size-large\"><a href=\"https:\/\/www.huelvaysusfotografos.com\/wp-content\/uploads\/2025\/06\/3-scaled.jpg\"><img loading=\"lazy\" decoding=\"async\" width=\"1024\" height=\"678\" data-id=\"14906\" src=\"https:\/\/www.huelvaysusfotografos.com\/wp-content\/uploads\/2025\/06\/3-1024x678.jpg\" alt=\"\" class=\"wp-image-14906\" srcset=\"https:\/\/www.huelvaysusfotografos.com\/wp-content\/uploads\/2025\/06\/3-1024x678.jpg 1024w, https:\/\/www.huelvaysusfotografos.com\/wp-content\/uploads\/2025\/06\/3-300x199.jpg 300w, https:\/\/www.huelvaysusfotografos.com\/wp-content\/uploads\/2025\/06\/3-768x509.jpg 768w, https:\/\/www.huelvaysusfotografos.com\/wp-content\/uploads\/2025\/06\/3-1536x1017.jpg 1536w, https:\/\/www.huelvaysusfotografos.com\/wp-content\/uploads\/2025\/06\/3-2048x1356.jpg 2048w\" sizes=\"auto, (max-width: 1024px) 100vw, 1024px\" \/><\/a><\/figure>\n\n\n\n<figure class=\"wp-block-image size-large\"><a href=\"https:\/\/www.huelvaysusfotografos.com\/wp-content\/uploads\/2025\/06\/4-scaled.jpg\"><img loading=\"lazy\" decoding=\"async\" width=\"1024\" height=\"678\" data-id=\"14907\" src=\"https:\/\/www.huelvaysusfotografos.com\/wp-content\/uploads\/2025\/06\/4-1024x678.jpg\" alt=\"\" class=\"wp-image-14907\" srcset=\"https:\/\/www.huelvaysusfotografos.com\/wp-content\/uploads\/2025\/06\/4-1024x678.jpg 1024w, https:\/\/www.huelvaysusfotografos.com\/wp-content\/uploads\/2025\/06\/4-300x199.jpg 300w, https:\/\/www.huelvaysusfotografos.com\/wp-content\/uploads\/2025\/06\/4-768x509.jpg 768w, https:\/\/www.huelvaysusfotografos.com\/wp-content\/uploads\/2025\/06\/4-1536x1017.jpg 1536w, https:\/\/www.huelvaysusfotografos.com\/wp-content\/uploads\/2025\/06\/4-2048x1356.jpg 2048w\" sizes=\"auto, (max-width: 1024px) 100vw, 1024px\" \/><\/a><\/figure>\n\n\n\n<figure class=\"wp-block-image size-large\"><a href=\"https:\/\/www.huelvaysusfotografos.com\/wp-content\/uploads\/2025\/06\/5.jpg\"><img loading=\"lazy\" decoding=\"async\" width=\"1024\" height=\"678\" data-id=\"14903\" src=\"https:\/\/www.huelvaysusfotografos.com\/wp-content\/uploads\/2025\/06\/5-1024x678.jpg\" alt=\"\" class=\"wp-image-14903\" srcset=\"https:\/\/www.huelvaysusfotografos.com\/wp-content\/uploads\/2025\/06\/5-1024x678.jpg 1024w, https:\/\/www.huelvaysusfotografos.com\/wp-content\/uploads\/2025\/06\/5-300x199.jpg 300w, https:\/\/www.huelvaysusfotografos.com\/wp-content\/uploads\/2025\/06\/5-768x508.jpg 768w, https:\/\/www.huelvaysusfotografos.com\/wp-content\/uploads\/2025\/06\/5-1536x1017.jpg 1536w, https:\/\/www.huelvaysusfotografos.com\/wp-content\/uploads\/2025\/06\/5.jpg 1920w\" sizes=\"auto, (max-width: 1024px) 100vw, 1024px\" \/><\/a><\/figure>\n<\/figure>\n\n\n\n<ul class=\"wp-block-list\">\n<li><strong>Premio El Bosque<\/strong>\u00a0(a la mejor fotograf\u00eda individual del entorno del Bosque):<br><strong>Jos\u00e9 Luis Fr\u00edas C\u00f3rdoba<\/strong><br><em>\u201cEntre luces y sombras\u201d<\/em><\/li>\n<\/ul>\n\n\n\n<figure class=\"wp-block-image size-large\"><a href=\"https:\/\/www.huelvaysusfotografos.com\/wp-content\/uploads\/2025\/06\/271.jpg\"><img loading=\"lazy\" decoding=\"async\" width=\"1024\" height=\"683\" src=\"https:\/\/www.huelvaysusfotografos.com\/wp-content\/uploads\/2025\/06\/271-1024x683.jpg\" alt=\"\" class=\"wp-image-14908\" srcset=\"https:\/\/www.huelvaysusfotografos.com\/wp-content\/uploads\/2025\/06\/271-1024x683.jpg 1024w, https:\/\/www.huelvaysusfotografos.com\/wp-content\/uploads\/2025\/06\/271-300x200.jpg 300w, https:\/\/www.huelvaysusfotografos.com\/wp-content\/uploads\/2025\/06\/271-768x512.jpg 768w, https:\/\/www.huelvaysusfotografos.com\/wp-content\/uploads\/2025\/06\/271-1536x1024.jpg 1536w, https:\/\/www.huelvaysusfotografos.com\/wp-content\/uploads\/2025\/06\/271.jpg 1800w\" sizes=\"auto, (max-width: 1024px) 100vw, 1024px\" \/><\/a><\/figure>\n\n\n\n<ul class=\"wp-block-list\">\n<li><strong>Acc\u00e9sit Premio El Bosque<\/strong>:<br><strong>Eva Mar\u00eda Herencia Anillo<\/strong><br><em>\u201cEntre ramas\u201d<\/em><\/li>\n<\/ul>\n\n\n\n<figure class=\"wp-block-image size-large\"><a href=\"https:\/\/www.huelvaysusfotografos.com\/wp-content\/uploads\/2025\/06\/E_0554-Foto-1.jpg\"><img loading=\"lazy\" decoding=\"async\" width=\"1024\" height=\"678\" src=\"https:\/\/www.huelvaysusfotografos.com\/wp-content\/uploads\/2025\/06\/E_0554-Foto-1-1024x678.jpg\" alt=\"\" class=\"wp-image-14909\" srcset=\"https:\/\/www.huelvaysusfotografos.com\/wp-content\/uploads\/2025\/06\/E_0554-Foto-1-1024x678.jpg 1024w, https:\/\/www.huelvaysusfotografos.com\/wp-content\/uploads\/2025\/06\/E_0554-Foto-1-300x199.jpg 300w, https:\/\/www.huelvaysusfotografos.com\/wp-content\/uploads\/2025\/06\/E_0554-Foto-1-768x509.jpg 768w, https:\/\/www.huelvaysusfotografos.com\/wp-content\/uploads\/2025\/06\/E_0554-Foto-1-1536x1018.jpg 1536w, https:\/\/www.huelvaysusfotografos.com\/wp-content\/uploads\/2025\/06\/E_0554-Foto-1.jpg 1600w\" sizes=\"auto, (max-width: 1024px) 100vw, 1024px\" \/><\/a><\/figure>\n\n\n\n<ul class=\"wp-block-list\">\n<li><strong>Premio La Canastita<\/strong>\u00a0(fotograf\u00eda a la mejor imagen dedicada al cultivo de la mora):<br><strong>Ignacio Camino Bar\u00f3n<\/strong><br><em>\u201cEn el coraz\u00f3n del zumbido\u201d<\/em><\/li>\n<\/ul>\n\n\n\n<figure class=\"wp-block-image size-large\"><a href=\"https:\/\/www.huelvaysusfotografos.com\/wp-content\/uploads\/2025\/06\/EN-EL-CORAZON-DEL-ZUMBIDO.jpg\"><img loading=\"lazy\" decoding=\"async\" width=\"1024\" height=\"575\" src=\"https:\/\/www.huelvaysusfotografos.com\/wp-content\/uploads\/2025\/06\/EN-EL-CORAZON-DEL-ZUMBIDO-1024x575.jpg\" alt=\"\" class=\"wp-image-14910\" srcset=\"https:\/\/www.huelvaysusfotografos.com\/wp-content\/uploads\/2025\/06\/EN-EL-CORAZON-DEL-ZUMBIDO-1024x575.jpg 1024w, https:\/\/www.huelvaysusfotografos.com\/wp-content\/uploads\/2025\/06\/EN-EL-CORAZON-DEL-ZUMBIDO-300x168.jpg 300w, https:\/\/www.huelvaysusfotografos.com\/wp-content\/uploads\/2025\/06\/EN-EL-CORAZON-DEL-ZUMBIDO-768x431.jpg 768w, https:\/\/www.huelvaysusfotografos.com\/wp-content\/uploads\/2025\/06\/EN-EL-CORAZON-DEL-ZUMBIDO-1536x863.jpg 1536w, https:\/\/www.huelvaysusfotografos.com\/wp-content\/uploads\/2025\/06\/EN-EL-CORAZON-DEL-ZUMBIDO.jpg 2048w\" sizes=\"auto, (max-width: 1024px) 100vw, 1024px\" \/><\/a><\/figure>\n\n\n\n<ul class=\"wp-block-list\">\n<li><strong>Acc\u00e9sit Premio La Canastita<\/strong>:<br><strong>Mar\u00eda Sonia Herencia Anillo<\/strong><br><em>\u201cCrecimiento\u201d<\/em><\/li>\n<\/ul>\n\n\n\n<figure class=\"wp-block-image size-large\"><a href=\"https:\/\/www.huelvaysusfotografos.com\/wp-content\/uploads\/2025\/06\/S1010308.jpg\"><img loading=\"lazy\" decoding=\"async\" width=\"1024\" height=\"659\" src=\"https:\/\/www.huelvaysusfotografos.com\/wp-content\/uploads\/2025\/06\/S1010308-1024x659.jpg\" alt=\"\" class=\"wp-image-14911\" srcset=\"https:\/\/www.huelvaysusfotografos.com\/wp-content\/uploads\/2025\/06\/S1010308-1024x659.jpg 1024w, https:\/\/www.huelvaysusfotografos.com\/wp-content\/uploads\/2025\/06\/S1010308-300x193.jpg 300w, https:\/\/www.huelvaysusfotografos.com\/wp-content\/uploads\/2025\/06\/S1010308-768x494.jpg 768w, https:\/\/www.huelvaysusfotografos.com\/wp-content\/uploads\/2025\/06\/S1010308-1536x989.jpg 1536w, https:\/\/www.huelvaysusfotografos.com\/wp-content\/uploads\/2025\/06\/S1010308.jpg 1600w\" sizes=\"auto, (max-width: 1024px) 100vw, 1024px\" \/><\/a><\/figure>\n","protected":false},"excerpt":{"rendered":"<p>Nos dirigimos a vosotros para trasladar formalmente el fallo del jurado correspondiente al&nbsp;I Rally Fotogr\u00e1fico del Entorno de la Finca El Bosque, organizado por&nbsp;La Canastita, en colaboraci\u00f3n con la&nbsp;Asociaci\u00f3n Huelva y sus Fot\u00f3grafos. Una vez evaluadas las obras conforme a los criterios establecidos en las bases reguladoras del certamen, y tras el proceso de deliberaci\u00f3n correspondiente, se procede a comunicar los nombres de las personas galardonadas:<\/p>\n","protected":false},"author":8279,"featured_media":14907,"comment_status":"open","ping_status":"open","sticky":false,"template":"","format":"standard","meta":{"footnotes":"","_links_to":"","_links_to_target":""},"categories":[3],"tags":[],"class_list":["post-14902","post","type-post","status-publish","format-standard","has-post-thumbnail","hentry","category-noticias"],"_links":{"self":[{"href":"https:\/\/www.huelvaysusfotografos.com\/index.php?rest_route=\/wp\/v2\/posts\/14902","targetHints":{"allow":["GET"]}}],"collection":[{"href":"https:\/\/www.huelvaysusfotografos.com\/index.php?rest_route=\/wp\/v2\/posts"}],"about":[{"href":"https:\/\/www.huelvaysusfotografos.com\/index.php?rest_route=\/wp\/v2\/types\/post"}],"author":[{"embeddable":true,"href":"https:\/\/www.huelvaysusfotografos.com\/index.php?rest_route=\/wp\/v2\/users\/8279"}],"replies":[{"embeddable":true,"href":"https:\/\/www.huelvaysusfotografos.com\/index.php?rest_route=%2Fwp%2Fv2%2Fcomments&post=14902"}],"version-history":[{"count":1,"href":"https:\/\/www.huelvaysusfotografos.com\/index.php?rest_route=\/wp\/v2\/posts\/14902\/revisions"}],"predecessor-version":[{"id":14912,"href":"https:\/\/www.huelvaysusfotografos.com\/index.php?rest_route=\/wp\/v2\/posts\/14902\/revisions\/14912"}],"wp:featuredmedia":[{"embeddable":true,"href":"https:\/\/www.huelvaysusfotografos.com\/index.php?rest_route=\/wp\/v2\/media\/14907"}],"wp:attachment":[{"href":"https:\/\/www.huelvaysusfotografos.com\/index.php?rest_route=%2Fwp%2Fv2%2Fmedia&parent=14902"}],"wp:term":[{"taxonomy":"category","embeddable":true,"href":"https:\/\/www.huelvaysusfotografos.com\/index.php?rest_route=%2Fwp%2Fv2%2Fcategories&post=14902"},{"taxonomy":"post_tag","embeddable":true,"href":"https:\/\/www.huelvaysusfotografos.com\/index.php?rest_route=%2Fwp%2Fv2%2Ftags&post=14902"}],"curies":[{"name":"wp","href":"https:\/\/api.w.org\/{rel}","templated":true}]}}