{"id":14891,"date":"2025-06-21T12:56:24","date_gmt":"2025-06-21T10:56:24","guid":{"rendered":"https:\/\/www.huelvaysusfotografos.com\/?p=14891"},"modified":"2025-06-21T12:58:26","modified_gmt":"2025-06-21T10:58:26","slug":"paseo-en-catamaran-por-marismas-del-odiel-2025","status":"publish","type":"post","link":"https:\/\/www.huelvaysusfotografos.com\/?p=14891","title":{"rendered":"Paseo en Catamar\u00e1n por Marismas del Odiel 2025"},"content":{"rendered":"\n<p>Nos vamos de paseo mar\u00edtimo, volvemos un a\u00f1o m\u00e1s a realizar una traves\u00eda n\u00e1utica gracias a la Autoridad Portuaria de Huelva, un paseo en Catamar\u00e1n por el R\u00edo Odiel y Marismas del Odiel, donde poder ver y disfrutar de los Parajes Naturales reserva de la Biosfera.<\/p>\n\n\n\n<p>Un paseo al atardecer para disfrutar de un paisaje espectacular y unos atardeceres \u00fanicos donde podremos dejar fluir nuestra imaginaci\u00f3n, c\u00e1mara en mano.<\/p>\n\n\n\n<p><strong>Evento<\/strong>.- Paseo en Catamar\u00e1n por R\u00edo Odiel y Marismas del Odiel.<\/p>\n\n\n\n<p><strong>D\u00eda.<\/strong>\u2013 \u00a0Lunes 21 de julio de 2025<\/p>\n\n\n\n<p><strong>Hora.<\/strong>\u2013 &nbsp;Salida a las 20.00 horas, llegada a las 22.00 horas.<\/p>\n\n\n\n<p><strong>Lugar de salida<\/strong>.- &nbsp;Muelle de Levante Comercial de Huelva (junto a Cervecer\u00eda Bonilla Puerto).<\/p>\n\n\n\n<p><strong>Normas<\/strong>.- debemos estar en el lugar de salida con media hora de antelaci\u00f3n para organizar la subida al catamar\u00e1n.<\/p>\n\n\n\n<p><strong><u>OBLIGACIONES.-<\/u><\/strong><\/p>\n\n\n\n<p>1.- El grupo se compromete a cumplir las normas establecidas por la empresa de transporte mar\u00edtimo.<\/p>\n\n\n\n<p>2.- Se proh\u00edbe fumar.&nbsp;&nbsp;&nbsp;&nbsp;&nbsp;&nbsp;&nbsp;&nbsp;&nbsp;&nbsp;&nbsp;&nbsp;&nbsp;&nbsp;&nbsp;&nbsp;<\/p>\n\n\n\n<p>3.- Se proh\u00edbe arrojar objetos o basuras por la borda.<\/p>\n\n\n\n<p>4.- Se comunicar\u00e1 cualquier incidencia durante la traves\u00eda a la tripulaci\u00f3n de la embarcaci\u00f3n.<\/p>\n\n\n\n<p>5.- Queda totalmente prohibido llevar bebidas, se podr\u00e1n comprar en el bar del catamar\u00e1n.<\/p>\n\n\n\n<p>6.- Si se podr\u00e1n llevar alimentos.<\/p>\n\n\n\n<p>Os recordamos que <strong>aquellos socios interesados en acudir a la traves\u00eda<\/strong>, deb\u00e9is enviar un correo a\u00a0<a href=\"mailto:huelvaysf@gmail.com\">huelvaysf@gmail.com<\/a>\u00a0con los datos personales de los asistentes al paseo.<\/p>\n\n\n\n<p>Al tratarse de una <strong>actividad con plazas limitadas<\/strong>, ser\u00e1n apuntados por orden de llegada las solicitudes al correo de la Asociaci\u00f3n para acudir a la actividad. <\/p>\n\n\n\n<p>Cartel realizado por Jose Prieto Ramblado<\/p>\n\n\n\n<figure class=\"wp-block-image size-large\"><a href=\"https:\/\/www.huelvaysusfotografos.com\/wp-content\/uploads\/2025\/06\/CARTEL-CATAMARAN-WEB.jpeg\"><img loading=\"lazy\" decoding=\"async\" width=\"664\" height=\"1024\" src=\"https:\/\/www.huelvaysusfotografos.com\/wp-content\/uploads\/2025\/06\/CARTEL-CATAMARAN-WEB-664x1024.jpeg\" alt=\"\" class=\"wp-image-14892\" srcset=\"https:\/\/www.huelvaysusfotografos.com\/wp-content\/uploads\/2025\/06\/CARTEL-CATAMARAN-WEB-664x1024.jpeg 664w, https:\/\/www.huelvaysusfotografos.com\/wp-content\/uploads\/2025\/06\/CARTEL-CATAMARAN-WEB-195x300.jpeg 195w, https:\/\/www.huelvaysusfotografos.com\/wp-content\/uploads\/2025\/06\/CARTEL-CATAMARAN-WEB-768x1184.jpeg 768w, https:\/\/www.huelvaysusfotografos.com\/wp-content\/uploads\/2025\/06\/CARTEL-CATAMARAN-WEB-996x1536.jpeg 996w, https:\/\/www.huelvaysusfotografos.com\/wp-content\/uploads\/2025\/06\/CARTEL-CATAMARAN-WEB.jpeg 1328w\" sizes=\"auto, (max-width: 664px) 100vw, 664px\" \/><\/a><\/figure>\n","protected":false},"excerpt":{"rendered":"<p>Nos vamos de paseo mar\u00edtimo, volvemos un a\u00f1o m\u00e1s a realizar una traves\u00eda n\u00e1utica gracias a la Autoridad Portuaria de Huelva, un paseo en Catamar\u00e1n por el R\u00edo Odiel y Marismas del Odiel, donde poder ver y disfrutar de los Parajes Naturales reserva de la Biosfera. Un paseo al atardecer para disfrutar de un paisaje espectacular y unos atardeceres \u00fanicos donde podremos dejar fluir nuestra imaginaci\u00f3n, c\u00e1mara en mano. Evento.-<\/p>\n<div class=\"belowpost\"><a class=\"btnmore\" href=\"https:\/\/www.huelvaysusfotografos.com\/?p=14891\">Seguir leyendo<\/a><\/div>\n","protected":false},"author":8279,"featured_media":14892,"comment_status":"open","ping_status":"open","sticky":false,"template":"","format":"standard","meta":{"footnotes":"","_links_to":"","_links_to_target":""},"categories":[3],"tags":[],"class_list":["post-14891","post","type-post","status-publish","format-standard","has-post-thumbnail","hentry","category-noticias"],"_links":{"self":[{"href":"https:\/\/www.huelvaysusfotografos.com\/index.php?rest_route=\/wp\/v2\/posts\/14891","targetHints":{"allow":["GET"]}}],"collection":[{"href":"https:\/\/www.huelvaysusfotografos.com\/index.php?rest_route=\/wp\/v2\/posts"}],"about":[{"href":"https:\/\/www.huelvaysusfotografos.com\/index.php?rest_route=\/wp\/v2\/types\/post"}],"author":[{"embeddable":true,"href":"https:\/\/www.huelvaysusfotografos.com\/index.php?rest_route=\/wp\/v2\/users\/8279"}],"replies":[{"embeddable":true,"href":"https:\/\/www.huelvaysusfotografos.com\/index.php?rest_route=%2Fwp%2Fv2%2Fcomments&post=14891"}],"version-history":[{"count":3,"href":"https:\/\/www.huelvaysusfotografos.com\/index.php?rest_route=\/wp\/v2\/posts\/14891\/revisions"}],"predecessor-version":[{"id":14895,"href":"https:\/\/www.huelvaysusfotografos.com\/index.php?rest_route=\/wp\/v2\/posts\/14891\/revisions\/14895"}],"wp:featuredmedia":[{"embeddable":true,"href":"https:\/\/www.huelvaysusfotografos.com\/index.php?rest_route=\/wp\/v2\/media\/14892"}],"wp:attachment":[{"href":"https:\/\/www.huelvaysusfotografos.com\/index.php?rest_route=%2Fwp%2Fv2%2Fmedia&parent=14891"}],"wp:term":[{"taxonomy":"category","embeddable":true,"href":"https:\/\/www.huelvaysusfotografos.com\/index.php?rest_route=%2Fwp%2Fv2%2Fcategories&post=14891"},{"taxonomy":"post_tag","embeddable":true,"href":"https:\/\/www.huelvaysusfotografos.com\/index.php?rest_route=%2Fwp%2Fv2%2Ftags&post=14891"}],"curies":[{"name":"wp","href":"https:\/\/api.w.org\/{rel}","templated":true}]}}