{"id":14827,"date":"2025-06-12T13:38:34","date_gmt":"2025-06-12T11:38:34","guid":{"rendered":"https:\/\/www.huelvaysusfotografos.com\/?p=14827"},"modified":"2025-06-12T13:41:45","modified_gmt":"2025-06-12T11:41:45","slug":"definidos-los-premios-del-guiso-marinero-2025","status":"publish","type":"post","link":"https:\/\/www.huelvaysusfotografos.com\/?p=14827","title":{"rendered":"Definidos los Premios del Guiso Marinero 2025"},"content":{"rendered":"\n<p>ACTA DEL FALLO DEL CONCURSO DE FOTOGRAF\u00cdA DE LA III EDICI\u00d3N DE \u00abISLANTILLA SABOR\u00bb, FERIA NACIONAL DEL GUISO MARINERO 2025.<\/p>\n\n\n\n<p><strong>En Islantilla, a 12 de junio de 2025<\/strong><br>Reunido el jurado calificador del Concurso de Fotograf\u00eda \u201cIslantilla Sabor\u201d, organizado con motivo de [motivo o edici\u00f3n del evento, si aplica], compuesto por:<\/p>\n\n\n\n<ul class=\"wp-block-list\">\n<li><strong>D. Jos\u00e9 Luis Arizmendi<\/strong>, fot\u00f3grafo profesional y experto en imagen.<\/li>\n\n\n\n<li><strong>D. Javier Saavedra Pedrero,<\/strong> organizador del evento.<\/li>\n\n\n\n<li><strong>D. Juan Carlos Mart\u00ednez Gallardo<\/strong>, responsable de marketing del evento.<\/li>\n<\/ul>\n\n\n<div class=\"wp-block-image\">\n<figure class=\"alignright size-large is-resized\"><a href=\"https:\/\/www.huelvaysusfotografos.com\/wp-content\/uploads\/2025\/06\/acta-del-jurado.jpeg\"><img loading=\"lazy\" decoding=\"async\" width=\"725\" height=\"1024\" src=\"https:\/\/www.huelvaysusfotografos.com\/wp-content\/uploads\/2025\/06\/acta-del-jurado-725x1024.jpeg\" alt=\"\" class=\"wp-image-14832\" style=\"width:233px;height:auto\" srcset=\"https:\/\/www.huelvaysusfotografos.com\/wp-content\/uploads\/2025\/06\/acta-del-jurado-725x1024.jpeg 725w, https:\/\/www.huelvaysusfotografos.com\/wp-content\/uploads\/2025\/06\/acta-del-jurado-212x300.jpeg 212w, https:\/\/www.huelvaysusfotografos.com\/wp-content\/uploads\/2025\/06\/acta-del-jurado-768x1085.jpeg 768w, https:\/\/www.huelvaysusfotografos.com\/wp-content\/uploads\/2025\/06\/acta-del-jurado.jpeg 984w\" sizes=\"auto, (max-width: 725px) 100vw, 725px\" \/><\/a><\/figure>\n<\/div>\n\n\n<p>Tras el an\u00e1lisis y valoraci\u00f3n de todas las obras presentadas, teniendo en cuenta criterios de originalidad, calidad t\u00e9cnica, creatividad y adecuaci\u00f3n a la tem\u00e1tica del concurso, el jurado acuerda por unanimidad emitir el siguiente fallo:<\/p>\n\n\n\n<p><strong>PREMIOS<\/strong><\/p>\n\n\n\n<ul class=\"wp-block-list\">\n<li><strong>Primer Premio:<\/strong><br>T\u00edtulo de la obra: Pareja frente al mar<br>Autor\/a: <strong>Carlos G\u00f3mez Cerrillo<\/strong><\/li>\n\n\n\n<li><strong>Segundo Premio:<\/strong><br>T\u00edtulo de la obra: El paseo<br>Autor\/a: <strong>Flora Mar\u00eda P\u00e9rez Baena<\/strong><\/li>\n\n\n\n<li><strong>Tercer Premio:<\/strong><br>T\u00edtulo de la obra: Maracuy\u00e1<br>Autor\/a: <strong>Fernando Arranz Ure\u00f1a<\/strong><\/li>\n<\/ul>\n\n\n\n<p>El jurado quiere destacar la alta calidad de los trabajos presentados, as\u00ed como la notable participaci\u00f3n recibida, lo que demuestra el inter\u00e9s creciente por la fotograf\u00eda en torno a la tem\u00e1tica gastron\u00f3mica y cultural de Islantilla Sabor.<\/p>\n\n\n\n<p>Y para que conste, se firma la presente acta en el lugar y fecha arriba indicados.<\/p>\n\n\n\n<p><strong>Firmado:<\/strong><br>D. Jos\u00e9 Luis Arizmendi<br>(Fot\u00f3grafo profesional)<br>D. Javier Saavedra Pedrero<br>(Miembro de la organizaci\u00f3n)<br>D. Juan Carlos Mart\u00ednez Gallardo<br>(Miembro de la organizaci\u00f3n)<\/p>\n\n\n\n<p class=\"has-text-align-center\"><strong>PRIMER PREMIO<\/strong><\/p>\n\n\n\n<figure class=\"wp-block-image size-large\"><a href=\"https:\/\/www.huelvaysusfotografos.com\/wp-content\/uploads\/2025\/06\/PRIMER-PREMIO-PARREJA-FRENTE-AL-MAR.jpeg\"><img loading=\"lazy\" decoding=\"async\" width=\"1024\" height=\"575\" src=\"https:\/\/www.huelvaysusfotografos.com\/wp-content\/uploads\/2025\/06\/PRIMER-PREMIO-PARREJA-FRENTE-AL-MAR-1024x575.jpeg\" alt=\"\" class=\"wp-image-14828\" srcset=\"https:\/\/www.huelvaysusfotografos.com\/wp-content\/uploads\/2025\/06\/PRIMER-PREMIO-PARREJA-FRENTE-AL-MAR-1024x575.jpeg 1024w, https:\/\/www.huelvaysusfotografos.com\/wp-content\/uploads\/2025\/06\/PRIMER-PREMIO-PARREJA-FRENTE-AL-MAR-300x169.jpeg 300w, https:\/\/www.huelvaysusfotografos.com\/wp-content\/uploads\/2025\/06\/PRIMER-PREMIO-PARREJA-FRENTE-AL-MAR-768x432.jpeg 768w, https:\/\/www.huelvaysusfotografos.com\/wp-content\/uploads\/2025\/06\/PRIMER-PREMIO-PARREJA-FRENTE-AL-MAR-1536x863.jpeg 1536w, https:\/\/www.huelvaysusfotografos.com\/wp-content\/uploads\/2025\/06\/PRIMER-PREMIO-PARREJA-FRENTE-AL-MAR.jpeg 1600w\" sizes=\"auto, (max-width: 1024px) 100vw, 1024px\" \/><\/a><\/figure>\n\n\n\n<p class=\"has-text-align-center\"><strong>SEGUNDO PREMIO<\/strong><\/p>\n\n\n\n<figure class=\"wp-block-image size-large\"><a href=\"https:\/\/www.huelvaysusfotografos.com\/wp-content\/uploads\/2025\/06\/SEGUNDO-PREMIO-EL-PASEO.jpeg\"><img loading=\"lazy\" decoding=\"async\" width=\"1024\" height=\"576\" src=\"https:\/\/www.huelvaysusfotografos.com\/wp-content\/uploads\/2025\/06\/SEGUNDO-PREMIO-EL-PASEO-1024x576.jpeg\" alt=\"\" class=\"wp-image-14829\" srcset=\"https:\/\/www.huelvaysusfotografos.com\/wp-content\/uploads\/2025\/06\/SEGUNDO-PREMIO-EL-PASEO-1024x576.jpeg 1024w, https:\/\/www.huelvaysusfotografos.com\/wp-content\/uploads\/2025\/06\/SEGUNDO-PREMIO-EL-PASEO-300x169.jpeg 300w, https:\/\/www.huelvaysusfotografos.com\/wp-content\/uploads\/2025\/06\/SEGUNDO-PREMIO-EL-PASEO-768x432.jpeg 768w, https:\/\/www.huelvaysusfotografos.com\/wp-content\/uploads\/2025\/06\/SEGUNDO-PREMIO-EL-PASEO-1536x864.jpeg 1536w, https:\/\/www.huelvaysusfotografos.com\/wp-content\/uploads\/2025\/06\/SEGUNDO-PREMIO-EL-PASEO.jpeg 1600w\" sizes=\"auto, (max-width: 1024px) 100vw, 1024px\" \/><\/a><\/figure>\n\n\n\n<p class=\"has-text-align-center\"><strong>TERCER PREMIO<\/strong><\/p>\n\n\n\n<figure class=\"wp-block-image size-full\"><a href=\"https:\/\/www.huelvaysusfotografos.com\/wp-content\/uploads\/2025\/06\/TERCER-PREMIO-TITULO-MARACUYA.jpeg\"><img loading=\"lazy\" decoding=\"async\" width=\"873\" height=\"875\" src=\"https:\/\/www.huelvaysusfotografos.com\/wp-content\/uploads\/2025\/06\/TERCER-PREMIO-TITULO-MARACUYA.jpeg\" alt=\"\" class=\"wp-image-14830\" srcset=\"https:\/\/www.huelvaysusfotografos.com\/wp-content\/uploads\/2025\/06\/TERCER-PREMIO-TITULO-MARACUYA.jpeg 873w, https:\/\/www.huelvaysusfotografos.com\/wp-content\/uploads\/2025\/06\/TERCER-PREMIO-TITULO-MARACUYA-300x300.jpeg 300w, https:\/\/www.huelvaysusfotografos.com\/wp-content\/uploads\/2025\/06\/TERCER-PREMIO-TITULO-MARACUYA-150x150.jpeg 150w, https:\/\/www.huelvaysusfotografos.com\/wp-content\/uploads\/2025\/06\/TERCER-PREMIO-TITULO-MARACUYA-768x770.jpeg 768w\" sizes=\"auto, (max-width: 873px) 100vw, 873px\" \/><\/a><\/figure>\n\n\n\n<p>Enhorabuena a todos los premiados y muchas gracias a todos los que formaron parte de este concurso, en breve se indicar\u00e1 cuando se llevar\u00e1 a cabo la entrega de los premios. <\/p>\n\n\n\n<p><\/p>\n","protected":false},"excerpt":{"rendered":"<p>ACTA DEL FALLO DEL CONCURSO DE FOTOGRAF\u00cdA DE LA III EDICI\u00d3N DE \u00abISLANTILLA SABOR\u00bb, FERIA NACIONAL DEL GUISO MARINERO 2025. En Islantilla, a 12 de junio de 2025Reunido el jurado calificador del Concurso de Fotograf\u00eda \u201cIslantilla Sabor\u201d, organizado con motivo de [motivo o edici\u00f3n del evento, si aplica], compuesto por: Tras el an\u00e1lisis y valoraci\u00f3n de todas las obras presentadas, teniendo en cuenta criterios de originalidad, calidad t\u00e9cnica, creatividad y<\/p>\n<div class=\"belowpost\"><a class=\"btnmore\" href=\"https:\/\/www.huelvaysusfotografos.com\/?p=14827\">Seguir leyendo<\/a><\/div>\n","protected":false},"author":8279,"featured_media":14828,"comment_status":"open","ping_status":"open","sticky":false,"template":"","format":"standard","meta":{"footnotes":"","_links_to":"","_links_to_target":""},"categories":[3],"tags":[],"class_list":["post-14827","post","type-post","status-publish","format-standard","has-post-thumbnail","hentry","category-noticias"],"_links":{"self":[{"href":"https:\/\/www.huelvaysusfotografos.com\/index.php?rest_route=\/wp\/v2\/posts\/14827","targetHints":{"allow":["GET"]}}],"collection":[{"href":"https:\/\/www.huelvaysusfotografos.com\/index.php?rest_route=\/wp\/v2\/posts"}],"about":[{"href":"https:\/\/www.huelvaysusfotografos.com\/index.php?rest_route=\/wp\/v2\/types\/post"}],"author":[{"embeddable":true,"href":"https:\/\/www.huelvaysusfotografos.com\/index.php?rest_route=\/wp\/v2\/users\/8279"}],"replies":[{"embeddable":true,"href":"https:\/\/www.huelvaysusfotografos.com\/index.php?rest_route=%2Fwp%2Fv2%2Fcomments&post=14827"}],"version-history":[{"count":3,"href":"https:\/\/www.huelvaysusfotografos.com\/index.php?rest_route=\/wp\/v2\/posts\/14827\/revisions"}],"predecessor-version":[{"id":14835,"href":"https:\/\/www.huelvaysusfotografos.com\/index.php?rest_route=\/wp\/v2\/posts\/14827\/revisions\/14835"}],"wp:featuredmedia":[{"embeddable":true,"href":"https:\/\/www.huelvaysusfotografos.com\/index.php?rest_route=\/wp\/v2\/media\/14828"}],"wp:attachment":[{"href":"https:\/\/www.huelvaysusfotografos.com\/index.php?rest_route=%2Fwp%2Fv2%2Fmedia&parent=14827"}],"wp:term":[{"taxonomy":"category","embeddable":true,"href":"https:\/\/www.huelvaysusfotografos.com\/index.php?rest_route=%2Fwp%2Fv2%2Fcategories&post=14827"},{"taxonomy":"post_tag","embeddable":true,"href":"https:\/\/www.huelvaysusfotografos.com\/index.php?rest_route=%2Fwp%2Fv2%2Ftags&post=14827"}],"curies":[{"name":"wp","href":"https:\/\/api.w.org\/{rel}","templated":true}]}}