{"id":14819,"date":"2025-06-04T23:48:16","date_gmt":"2025-06-04T21:48:16","guid":{"rendered":"https:\/\/www.huelvaysusfotografos.com\/?p=14819"},"modified":"2025-06-04T23:48:42","modified_gmt":"2025-06-04T21:48:42","slug":"atardecer-fotografico-en-la-casa-del-conquero","status":"publish","type":"post","link":"https:\/\/www.huelvaysusfotografos.com\/?p=14819","title":{"rendered":"Atardecer Fotogr\u00e1fico en La Casa del Conquero"},"content":{"rendered":"\n<p>Os traemos una nueva quedada fotogr\u00e1fica a mediados del mes de junio, en un emblem\u00e1tico lugar con unos atardeceres \u00fanicos.<\/p>\n\n\n<div class=\"wp-block-image\">\n<figure class=\"alignleft size-full is-resized\"><a href=\"https:\/\/www.huelvaysusfotografos.com\/wp-content\/uploads\/2025\/06\/CARTEL-QUEDADA-LA-CASA-DEL-CONQUERO.jpeg\"><img loading=\"lazy\" decoding=\"async\" width=\"386\" height=\"643\" src=\"https:\/\/www.huelvaysusfotografos.com\/wp-content\/uploads\/2025\/06\/CARTEL-QUEDADA-LA-CASA-DEL-CONQUERO.jpeg\" alt=\"\" class=\"wp-image-14820\" style=\"width:175px;height:auto\" srcset=\"https:\/\/www.huelvaysusfotografos.com\/wp-content\/uploads\/2025\/06\/CARTEL-QUEDADA-LA-CASA-DEL-CONQUERO.jpeg 386w, https:\/\/www.huelvaysusfotografos.com\/wp-content\/uploads\/2025\/06\/CARTEL-QUEDADA-LA-CASA-DEL-CONQUERO-180x300.jpeg 180w\" sizes=\"auto, (max-width: 386px) 100vw, 386px\" \/><\/a><\/figure>\n<\/div>\n\n\n<p>Se trata de una sesi\u00f3n fotogr\u00e1fica de modelaje, donde un nutrido grupo de modelos y fot\u00f3grafos, podr\u00e1n disfrutar de las vistas y el espacio del entorno de LA CASA DEL CONQUERO, sin duda alguna un escenario de cine para dejar volar la imaginaci\u00f3n en la consecuci\u00f3n de las mejores fotos al atardecer, con modelos, tanto femeninas como masculinos.<\/p>\n\n\n\n<p>El d\u00eda fijado para el evento es el mi\u00e9rcoles 18 de junio a las 19.00 horas en la Casa del Conquero. Se mandar\u00e1 la informaci\u00f3n por el grupo de whatsapp creado a tal efecto. <\/p>\n\n\n\n<p><strong>Actividad<\/strong>.- Fotograf\u00eda al Atardecer<\/p>\n\n\n\n<p><strong>Dia.<\/strong>&#8211; Mi\u00e9rcoles 18 de junio de 2025<\/p>\n\n\n\n<p><strong>Lugar.<\/strong>&#8211; La Casa del Conquero (Huelva)<\/p>\n\n\n\n<p><strong>Hora.<\/strong>&#8211; de 19.00 a 22.00 horas<\/p>\n\n\n\n<p>Pod\u00e9is iros apuntando en el whatsapp de la Asociaci\u00f3n, y comunicarlo a nuestro vocal de quedadas y talleres, Juan Carlos Segura Novoa. y a nuestro Vocal de coordinaci\u00f3n, Jos\u00e9 Prieto Ramblado.<\/p>\n\n\n\n<p>!Os esperamos en La Casa del Conquero!<\/p>\n\n\n\n<p><\/p>\n","protected":false},"excerpt":{"rendered":"<p>Os traemos una nueva quedada fotogr\u00e1fica a mediados del mes de junio, en un emblem\u00e1tico lugar con unos atardeceres \u00fanicos. Se trata de una sesi\u00f3n fotogr\u00e1fica de modelaje, donde un nutrido grupo de modelos y fot\u00f3grafos, podr\u00e1n disfrutar de las vistas y el espacio del entorno de LA CASA DEL CONQUERO, sin duda alguna un escenario de cine para dejar volar la imaginaci\u00f3n en la consecuci\u00f3n de las mejores fotos<\/p>\n<div class=\"belowpost\"><a class=\"btnmore\" href=\"https:\/\/www.huelvaysusfotografos.com\/?p=14819\">Seguir leyendo<\/a><\/div>\n","protected":false},"author":8279,"featured_media":14821,"comment_status":"open","ping_status":"open","sticky":false,"template":"","format":"standard","meta":{"footnotes":"","_links_to":"","_links_to_target":""},"categories":[6],"tags":[],"class_list":["post-14819","post","type-post","status-publish","format-standard","has-post-thumbnail","hentry","category-quedadas"],"_links":{"self":[{"href":"https:\/\/www.huelvaysusfotografos.com\/index.php?rest_route=\/wp\/v2\/posts\/14819","targetHints":{"allow":["GET"]}}],"collection":[{"href":"https:\/\/www.huelvaysusfotografos.com\/index.php?rest_route=\/wp\/v2\/posts"}],"about":[{"href":"https:\/\/www.huelvaysusfotografos.com\/index.php?rest_route=\/wp\/v2\/types\/post"}],"author":[{"embeddable":true,"href":"https:\/\/www.huelvaysusfotografos.com\/index.php?rest_route=\/wp\/v2\/users\/8279"}],"replies":[{"embeddable":true,"href":"https:\/\/www.huelvaysusfotografos.com\/index.php?rest_route=%2Fwp%2Fv2%2Fcomments&post=14819"}],"version-history":[{"count":1,"href":"https:\/\/www.huelvaysusfotografos.com\/index.php?rest_route=\/wp\/v2\/posts\/14819\/revisions"}],"predecessor-version":[{"id":14822,"href":"https:\/\/www.huelvaysusfotografos.com\/index.php?rest_route=\/wp\/v2\/posts\/14819\/revisions\/14822"}],"wp:featuredmedia":[{"embeddable":true,"href":"https:\/\/www.huelvaysusfotografos.com\/index.php?rest_route=\/wp\/v2\/media\/14821"}],"wp:attachment":[{"href":"https:\/\/www.huelvaysusfotografos.com\/index.php?rest_route=%2Fwp%2Fv2%2Fmedia&parent=14819"}],"wp:term":[{"taxonomy":"category","embeddable":true,"href":"https:\/\/www.huelvaysusfotografos.com\/index.php?rest_route=%2Fwp%2Fv2%2Fcategories&post=14819"},{"taxonomy":"post_tag","embeddable":true,"href":"https:\/\/www.huelvaysusfotografos.com\/index.php?rest_route=%2Fwp%2Fv2%2Ftags&post=14819"}],"curies":[{"name":"wp","href":"https:\/\/api.w.org\/{rel}","templated":true}]}}