{"id":14813,"date":"2025-05-29T16:53:40","date_gmt":"2025-05-29T14:53:40","guid":{"rendered":"https:\/\/www.huelvaysusfotografos.com\/?p=14813"},"modified":"2025-05-29T16:53:41","modified_gmt":"2025-05-29T14:53:41","slug":"quedada-saca-de-las-yeguas-2025","status":"publish","type":"post","link":"https:\/\/www.huelvaysusfotografos.com\/?p=14813","title":{"rendered":"Quedada Saca de las Yeguas 2025"},"content":{"rendered":"\n<p>Estamos ya organizando la pr\u00f3xima quedada a la tradicional Saca de las Yeguas 2025, que se celebrar\u00e1 el pr\u00f3ximo 26 de junio de 2025 en la Aldea de El Roc\u00edo.<\/p>\n\n\n\n<p>La&nbsp;<strong>Saca de las Yeguas<\/strong>&nbsp;es una tradici\u00f3n centenaria que se celebra en&nbsp;<a href=\"https:\/\/www.andalucia.org\/es\/almonte\" target=\"_blank\" rel=\"noreferrer noopener\">Almonte<\/a>, coincidiendo con la&nbsp;<strong>Feria San Pedro<\/strong>, fiesta patronal y antigua feria ganadera.<\/p>\n\n\n\n<p>En los d\u00edas previos a la fecha, los almonte\u00f1os se adentran en la marisma para recoger las yeguas y potrillos que pastan durante todo el a\u00f1o en las distintas zonas de Do\u00f1ana y agruparlos. La ma\u00f1ana del 26, todo el grupo recorre varias calles de la aldea de El Roc\u00edo, hasta llegar a la Ermita, donde es bendecido por el p\u00e1rroco. En este momento, la Asociaci\u00f3n de Ganado Marisme\u00f1o regala un potrillo a la Virgen del Roc\u00edo y sigue su camino para salir de la aldea y dirigirse hacia Almonte.<\/p>\n\n\n\n<p>Una vez llegados all\u00ed, los animales son encerrados para la limpieza, conocida como tuza, y el herraje de los potros para su futura venta. Los ejemplares que no son vendidos, ya preparados, son devueltos a la marisma.<\/p>\n\n\n\n<p>Aquellos que est\u00e9n interesados en participar de esta actividad, que lo vayan indicando en el grupo de wasap de la Asociaci\u00f3n y enviando un mail al correo de la asociaci\u00f3n\u00a0<a href=\"https:\/\/www.huelvaysusfotografos.com\/?page_id=91\">huelvaysf@gmail.com<\/a><\/p>\n\n\n\n<p>Todo ello para organizar la quedada y ver localizaciones para las personas que se inscriban, as\u00ed como saber cuantos ir\u00e1n por el tema de catering que se preparar\u00e1 para tal efecto.<\/p>\n\n\n\n<p>Cercano a la fecha se indicar\u00e1 hora y lugar donde quedaremos para comenzar la actividad. Se comunicar\u00e1 por los distintos canales de la Asociaci\u00f3n.<\/p>\n\n\n\n<figure class=\"wp-block-image size-full\"><a href=\"https:\/\/www.huelvaysusfotografos.com\/wp-content\/uploads\/2025\/05\/CARTEL-SACA-DE-LAS-YEGUAS-2025-1.jpg\"><img loading=\"lazy\" decoding=\"async\" width=\"1024\" height=\"684\" src=\"https:\/\/www.huelvaysusfotografos.com\/wp-content\/uploads\/2025\/05\/CARTEL-SACA-DE-LAS-YEGUAS-2025-1.jpg\" alt=\"\" class=\"wp-image-14815\" srcset=\"https:\/\/www.huelvaysusfotografos.com\/wp-content\/uploads\/2025\/05\/CARTEL-SACA-DE-LAS-YEGUAS-2025-1.jpg 1024w, https:\/\/www.huelvaysusfotografos.com\/wp-content\/uploads\/2025\/05\/CARTEL-SACA-DE-LAS-YEGUAS-2025-1-300x200.jpg 300w, https:\/\/www.huelvaysusfotografos.com\/wp-content\/uploads\/2025\/05\/CARTEL-SACA-DE-LAS-YEGUAS-2025-1-768x513.jpg 768w\" sizes=\"auto, (max-width: 1024px) 100vw, 1024px\" \/><\/a><\/figure>\n","protected":false},"excerpt":{"rendered":"<p>Estamos ya organizando la pr\u00f3xima quedada a la tradicional Saca de las Yeguas 2025, que se celebrar\u00e1 el pr\u00f3ximo 26 de junio de 2025 en la Aldea de El Roc\u00edo. La&nbsp;Saca de las Yeguas&nbsp;es una tradici\u00f3n centenaria que se celebra en&nbsp;Almonte, coincidiendo con la&nbsp;Feria San Pedro, fiesta patronal y antigua feria ganadera. En los d\u00edas previos a la fecha, los almonte\u00f1os se adentran en la marisma para recoger las yeguas<\/p>\n<div class=\"belowpost\"><a class=\"btnmore\" href=\"https:\/\/www.huelvaysusfotografos.com\/?p=14813\">Seguir leyendo<\/a><\/div>\n","protected":false},"author":8279,"featured_media":14814,"comment_status":"open","ping_status":"open","sticky":false,"template":"","format":"standard","meta":{"footnotes":"","_links_to":"","_links_to_target":""},"categories":[3],"tags":[],"class_list":["post-14813","post","type-post","status-publish","format-standard","has-post-thumbnail","hentry","category-noticias"],"_links":{"self":[{"href":"https:\/\/www.huelvaysusfotografos.com\/index.php?rest_route=\/wp\/v2\/posts\/14813","targetHints":{"allow":["GET"]}}],"collection":[{"href":"https:\/\/www.huelvaysusfotografos.com\/index.php?rest_route=\/wp\/v2\/posts"}],"about":[{"href":"https:\/\/www.huelvaysusfotografos.com\/index.php?rest_route=\/wp\/v2\/types\/post"}],"author":[{"embeddable":true,"href":"https:\/\/www.huelvaysusfotografos.com\/index.php?rest_route=\/wp\/v2\/users\/8279"}],"replies":[{"embeddable":true,"href":"https:\/\/www.huelvaysusfotografos.com\/index.php?rest_route=%2Fwp%2Fv2%2Fcomments&post=14813"}],"version-history":[{"count":1,"href":"https:\/\/www.huelvaysusfotografos.com\/index.php?rest_route=\/wp\/v2\/posts\/14813\/revisions"}],"predecessor-version":[{"id":14816,"href":"https:\/\/www.huelvaysusfotografos.com\/index.php?rest_route=\/wp\/v2\/posts\/14813\/revisions\/14816"}],"wp:featuredmedia":[{"embeddable":true,"href":"https:\/\/www.huelvaysusfotografos.com\/index.php?rest_route=\/wp\/v2\/media\/14814"}],"wp:attachment":[{"href":"https:\/\/www.huelvaysusfotografos.com\/index.php?rest_route=%2Fwp%2Fv2%2Fmedia&parent=14813"}],"wp:term":[{"taxonomy":"category","embeddable":true,"href":"https:\/\/www.huelvaysusfotografos.com\/index.php?rest_route=%2Fwp%2Fv2%2Fcategories&post=14813"},{"taxonomy":"post_tag","embeddable":true,"href":"https:\/\/www.huelvaysusfotografos.com\/index.php?rest_route=%2Fwp%2Fv2%2Ftags&post=14813"}],"curies":[{"name":"wp","href":"https:\/\/api.w.org\/{rel}","templated":true}]}}