{"id":14808,"date":"2025-05-29T16:19:06","date_gmt":"2025-05-29T14:19:06","guid":{"rendered":"https:\/\/www.huelvaysusfotografos.com\/?p=14808"},"modified":"2025-05-29T16:19:07","modified_gmt":"2025-05-29T14:19:07","slug":"definidos-los-premios-del-vii-concurso-de-semana-santa-2025","status":"publish","type":"post","link":"https:\/\/www.huelvaysusfotografos.com\/?p=14808","title":{"rendered":"Definidos los Premios del VII Concurso de Semana Santa 2025."},"content":{"rendered":"\n<p><strong><em>La obra \u201cMantillas\u201d, se alza con primer premio de esta edici\u00f3n.<\/em><\/strong><\/p>\n\n\n\n<p>Reunidos los miembros del jurado de la Federaci\u00f3n Andaluza de Fotograf\u00eda, definen los tres premios que otorgan la Asociaci\u00f3n Huelva y sus Fot\u00f3grafos.<\/p>\n\n\n\n<p>Siendo las 20.00 horas del martes 27 de mayo de 2025, se re\u00fanen los miembros del jurado de la FAF, Juanjo Mart\u00edn, Alfredo Sotelo y Jos\u00e9 Diez de los R\u00edos L\u00f3pez, para deliberar sobre las fotos presentadas por los socios de la Asociaci\u00f3n Huelva y sus Fot\u00f3grafos, en el VII Concurso de Semana Santa de Huelva y Provincia.<\/p>\n\n\n\n<p>En total se han presentado 50 obras por parte de los socios de HYSF.<\/p>\n\n\n\n<p>Tras la visi\u00f3n, valoraci\u00f3n y deliberaci\u00f3n de las obras presentadas se definen los siguientes premios.<\/p>\n\n\n\n<p><strong>Tercer premio<\/strong>&nbsp;para la obra Titulada&nbsp;<strong>\u201cSombras de f\u00e9\u201d<\/strong>&nbsp; de&nbsp;<strong>Ana Mar\u00eda Rosa Infante<\/strong><\/p>\n\n\n\n<p><strong>Segundo premio<\/strong>&nbsp;para la obra Titulada&nbsp;<strong>\u201cGeometr\u00eda casual\u201d<\/strong> de&nbsp;<strong>Francisco J. Gil Salguero<\/strong><\/p>\n\n\n\n<p><strong>Primer premio<\/strong>&nbsp;para la obra Titulada&nbsp;<strong>\u201cMantillas- Hdad. Jes\u00fas Ca\u00eddo-Ayamonte\u201d&nbsp;<\/strong> de&nbsp;<strong>Pedro Ruiz-Constantino P\u00e9rez<\/strong><\/p>\n\n\n\n<p>El Jurado quiere destacar \u00ab<em>la calidad de las obras presentadas y dar la enhorabuena a los participantes por una mirada diferente de nuestras tradiciones, que hay que seguir potenciando\u201d.<\/em><\/p>\n\n\n\n<p>Gracias a todos los participantes por el inter\u00e9s mostrado en estos concursos que propone la Asociaci\u00f3n Huelva y sus Fot\u00f3grafos. <\/p>\n\n\n\n<p>Siendo las 21.15 horas del d\u00eda y fecha indicado damos por cerrada esta acta.<\/p>\n\n\n\n<p>Enhorabuena a los premiados y gracias a tod@s por vuestra participaci\u00f3n.<\/p>\n\n\n\n<p>Los premios se entregar\u00e1n como en ediciones anteriores en nuestra Gala de los V Premios Carrete.<\/p>\n\n\n\n<p class=\"has-text-align-center\"><strong>TERCER PREMIO<\/strong><\/p>\n\n\n<div class=\"wp-block-image\">\n<figure class=\"aligncenter size-large\"><a href=\"https:\/\/www.huelvaysusfotografos.com\/wp-content\/uploads\/2025\/05\/TERCER-PREMIO-viacrucisNiebla.jpg-scaled.jpg\"><img loading=\"lazy\" decoding=\"async\" width=\"683\" height=\"1024\" src=\"https:\/\/www.huelvaysusfotografos.com\/wp-content\/uploads\/2025\/05\/TERCER-PREMIO-viacrucisNiebla.jpg-683x1024.jpg\" alt=\"\" class=\"wp-image-14809\" srcset=\"https:\/\/www.huelvaysusfotografos.com\/wp-content\/uploads\/2025\/05\/TERCER-PREMIO-viacrucisNiebla.jpg-683x1024.jpg 683w, https:\/\/www.huelvaysusfotografos.com\/wp-content\/uploads\/2025\/05\/TERCER-PREMIO-viacrucisNiebla.jpg-200x300.jpg 200w, https:\/\/www.huelvaysusfotografos.com\/wp-content\/uploads\/2025\/05\/TERCER-PREMIO-viacrucisNiebla.jpg-768x1152.jpg 768w, https:\/\/www.huelvaysusfotografos.com\/wp-content\/uploads\/2025\/05\/TERCER-PREMIO-viacrucisNiebla.jpg-1024x1536.jpg 1024w, https:\/\/www.huelvaysusfotografos.com\/wp-content\/uploads\/2025\/05\/TERCER-PREMIO-viacrucisNiebla.jpg-1366x2048.jpg 1366w, https:\/\/www.huelvaysusfotografos.com\/wp-content\/uploads\/2025\/05\/TERCER-PREMIO-viacrucisNiebla.jpg-scaled.jpg 1707w\" sizes=\"auto, (max-width: 683px) 100vw, 683px\" \/><\/a><\/figure>\n<\/div>\n\n\n<p class=\"has-text-align-center\"><strong>SEGUNDO PREMIO<\/strong><\/p>\n\n\n<div class=\"wp-block-image\">\n<figure class=\"aligncenter size-large\"><a href=\"https:\/\/www.huelvaysusfotografos.com\/wp-content\/uploads\/2025\/05\/SEGUNDO-PREMIO-25BorriquitaHuelva-scaled.jpg\"><img loading=\"lazy\" decoding=\"async\" width=\"683\" height=\"1024\" src=\"https:\/\/www.huelvaysusfotografos.com\/wp-content\/uploads\/2025\/05\/SEGUNDO-PREMIO-25BorriquitaHuelva-683x1024.jpg\" alt=\"\" class=\"wp-image-14810\" srcset=\"https:\/\/www.huelvaysusfotografos.com\/wp-content\/uploads\/2025\/05\/SEGUNDO-PREMIO-25BorriquitaHuelva-683x1024.jpg 683w, https:\/\/www.huelvaysusfotografos.com\/wp-content\/uploads\/2025\/05\/SEGUNDO-PREMIO-25BorriquitaHuelva-200x300.jpg 200w, https:\/\/www.huelvaysusfotografos.com\/wp-content\/uploads\/2025\/05\/SEGUNDO-PREMIO-25BorriquitaHuelva-768x1152.jpg 768w, https:\/\/www.huelvaysusfotografos.com\/wp-content\/uploads\/2025\/05\/SEGUNDO-PREMIO-25BorriquitaHuelva-1024x1536.jpg 1024w, https:\/\/www.huelvaysusfotografos.com\/wp-content\/uploads\/2025\/05\/SEGUNDO-PREMIO-25BorriquitaHuelva-1365x2048.jpg 1365w, https:\/\/www.huelvaysusfotografos.com\/wp-content\/uploads\/2025\/05\/SEGUNDO-PREMIO-25BorriquitaHuelva-scaled.jpg 1706w\" sizes=\"auto, (max-width: 683px) 100vw, 683px\" \/><\/a><\/figure>\n<\/div>\n\n\n<p class=\"has-text-align-center\"><strong>PRIMER PREMIO<\/strong><\/p>\n\n\n<div class=\"wp-block-image\">\n<figure class=\"aligncenter size-large\"><a href=\"https:\/\/www.huelvaysusfotografos.com\/wp-content\/uploads\/2025\/05\/PRIMER-PREMIO-1.-Jesus-Caido-Ayamonte-scaled.jpg\"><img loading=\"lazy\" decoding=\"async\" width=\"768\" height=\"1024\" src=\"https:\/\/www.huelvaysusfotografos.com\/wp-content\/uploads\/2025\/05\/PRIMER-PREMIO-1.-Jesus-Caido-Ayamonte-768x1024.jpg\" alt=\"\" class=\"wp-image-14811\" srcset=\"https:\/\/www.huelvaysusfotografos.com\/wp-content\/uploads\/2025\/05\/PRIMER-PREMIO-1.-Jesus-Caido-Ayamonte-768x1024.jpg 768w, https:\/\/www.huelvaysusfotografos.com\/wp-content\/uploads\/2025\/05\/PRIMER-PREMIO-1.-Jesus-Caido-Ayamonte-225x300.jpg 225w, https:\/\/www.huelvaysusfotografos.com\/wp-content\/uploads\/2025\/05\/PRIMER-PREMIO-1.-Jesus-Caido-Ayamonte-1152x1536.jpg 1152w, https:\/\/www.huelvaysusfotografos.com\/wp-content\/uploads\/2025\/05\/PRIMER-PREMIO-1.-Jesus-Caido-Ayamonte-1536x2048.jpg 1536w, https:\/\/www.huelvaysusfotografos.com\/wp-content\/uploads\/2025\/05\/PRIMER-PREMIO-1.-Jesus-Caido-Ayamonte-scaled.jpg 1920w\" sizes=\"auto, (max-width: 768px) 100vw, 768px\" \/><\/a><\/figure>\n<\/div>\n\n\n<p><\/p>\n","protected":false},"excerpt":{"rendered":"<p>La obra \u201cMantillas\u201d, se alza con primer premio de esta edici\u00f3n. Reunidos los miembros del jurado de la Federaci\u00f3n Andaluza de Fotograf\u00eda, definen los tres premios que otorgan la Asociaci\u00f3n Huelva y sus Fot\u00f3grafos. Siendo las 20.00 horas del martes 27 de mayo de 2025, se re\u00fanen los miembros del jurado de la FAF, Juanjo Mart\u00edn, Alfredo Sotelo y Jos\u00e9 Diez de los R\u00edos L\u00f3pez, para deliberar sobre las fotos<\/p>\n<div class=\"belowpost\"><a class=\"btnmore\" href=\"https:\/\/www.huelvaysusfotografos.com\/?p=14808\">Seguir leyendo<\/a><\/div>\n","protected":false},"author":8279,"featured_media":14811,"comment_status":"open","ping_status":"open","sticky":false,"template":"","format":"standard","meta":{"footnotes":"","_links_to":"","_links_to_target":""},"categories":[12],"tags":[],"class_list":["post-14808","post","type-post","status-publish","format-standard","has-post-thumbnail","hentry","category-concursos"],"_links":{"self":[{"href":"https:\/\/www.huelvaysusfotografos.com\/index.php?rest_route=\/wp\/v2\/posts\/14808","targetHints":{"allow":["GET"]}}],"collection":[{"href":"https:\/\/www.huelvaysusfotografos.com\/index.php?rest_route=\/wp\/v2\/posts"}],"about":[{"href":"https:\/\/www.huelvaysusfotografos.com\/index.php?rest_route=\/wp\/v2\/types\/post"}],"author":[{"embeddable":true,"href":"https:\/\/www.huelvaysusfotografos.com\/index.php?rest_route=\/wp\/v2\/users\/8279"}],"replies":[{"embeddable":true,"href":"https:\/\/www.huelvaysusfotografos.com\/index.php?rest_route=%2Fwp%2Fv2%2Fcomments&post=14808"}],"version-history":[{"count":1,"href":"https:\/\/www.huelvaysusfotografos.com\/index.php?rest_route=\/wp\/v2\/posts\/14808\/revisions"}],"predecessor-version":[{"id":14812,"href":"https:\/\/www.huelvaysusfotografos.com\/index.php?rest_route=\/wp\/v2\/posts\/14808\/revisions\/14812"}],"wp:featuredmedia":[{"embeddable":true,"href":"https:\/\/www.huelvaysusfotografos.com\/index.php?rest_route=\/wp\/v2\/media\/14811"}],"wp:attachment":[{"href":"https:\/\/www.huelvaysusfotografos.com\/index.php?rest_route=%2Fwp%2Fv2%2Fmedia&parent=14808"}],"wp:term":[{"taxonomy":"category","embeddable":true,"href":"https:\/\/www.huelvaysusfotografos.com\/index.php?rest_route=%2Fwp%2Fv2%2Fcategories&post=14808"},{"taxonomy":"post_tag","embeddable":true,"href":"https:\/\/www.huelvaysusfotografos.com\/index.php?rest_route=%2Fwp%2Fv2%2Ftags&post=14808"}],"curies":[{"name":"wp","href":"https:\/\/api.w.org\/{rel}","templated":true}]}}